{"id":72090,"date":"2019-12-11T12:56:00","date_gmt":"2019-12-11T15:56:00","guid":{"rendered":"https:\/\/www.cordobatimes.com\/showup\/?p=72090"},"modified":"2019-12-11T12:56:00","modified_gmt":"2019-12-11T15:56:00","slug":"cuando-estrena-rumbo-al-mar-la-ultima-pelicula-de-santiago-bal","status":"publish","type":"post","link":"https:\/\/www.cordobatimes.com\/showup\/cine-y-series\/2019\/12\/11\/cuando-estrena-rumbo-al-mar-la-ultima-pelicula-de-santiago-bal\/","title":{"rendered":"Cuando estrena Rumbo al mar, la \u00faltima pel\u00edcula de Santiago Bal"},"content":{"rendered":"<h3><b>Despu\u00e9s de la muerte del actor y productor, el filme en el que comparte protag\u00f3nico con su hijo Fede Bal quedar\u00e1 como su testamento art\u00edstico.<\/b><\/h3>\n<p>Una de las \u00faltimas im\u00e1genes que tendremos de Santiago Bal antes de su muerte ser\u00e1 la de su pel\u00edcula m\u00e1s reciente, Rumbo al mar, que termin\u00f3 siendo casi redentora sobre todo en la relaci\u00f3n con su hijo Fede Bal, con quien comparti\u00f3 protag\u00f3nico.<\/p>\n<p>Casi como una premonici\u00f3n, el filme relata las aventuras de un hombre que, enterado que le queda muy poco tiempo de vida, emprende un viaje muy especial junto a su hijo.<\/p>\n<p>La pel\u00edcula es una road movie dirigida por Ignacio Garassino y el elenco se completa con Anita Mart\u00ednez, Zulma Faiad, Laura Laprida y Daniel Valenzuela.<\/p>\n<h3><strong>De qu\u00e9 va<\/strong><\/h3>\n<p>Bal encarna a Julio Pereyra, que persigue el deseo que su hijo Marcos (un eterno inmaduro con el que siempre tuvo una relaci\u00f3n distante) lo lleve en su moto a cumplir su gran sue\u00f1o frustrado: conocer el mar, tan alejado del Tucum\u00e1n donde viven.<\/p>\n<p>Si bien esta idea absurda se encuentra, por motivos bien distintos, con la rotunda oposici\u00f3n de Marcos y Laura (la hija perfecta que hizo todo en funci\u00f3n de los deseos y frustraciones paternas), una serie de eventos precipita la decisi\u00f3n de lanzarse a ese desaf\u00edo que parece tan riesgoso como imposible.<\/p>\n<p>Como es de esperar por el delicado estado de salud de Julio, el viaje no resulta f\u00e1cil ni tranquilo. Esta situaci\u00f3n se profundiza porque Julio aprovecha el viaje para desandar su vida, cerrando otras asignaturas pendientes de su juventud. Finalmente, en un giro inesperado, se descubre que el viaje escond\u00eda motivaciones ocultas.<\/p>\n<p>Despu\u00e9s de varias postergaciones, la pel\u00edcula se estrenar\u00e1 en salas comerciales el 30 de enero. Un buen homenaje para el fallecido actor y productor.<\/p>\n<p><iframe loading=\"lazy\" src=\"https:\/\/www.youtube.com\/embed\/E9RPGCabmXI\" width=\"560\" height=\"315\" frameborder=\"0\" allowfullscreen=\"allowfullscreen\"><\/iframe><\/p>\n","protected":false},"excerpt":{"rendered":"<p>Despu\u00e9s de la muerte del actor y productor, el filme en el que comparte protag\u00f3nico con su hijo Fede Bal quedar\u00e1 como su testamento art\u00edstico. Una de las \u00faltimas im\u00e1genes que tendremos de Santiago Bal antes de su muerte ser\u00e1 la de su pel\u00edcula m\u00e1s reciente, Rumbo al mar, que termin\u00f3 siendo casi redentora sobre [&hellip;]<\/p>\n","protected":false},"author":1,"featured_media":72091,"comment_status":"closed","ping_status":"closed","sticky":false,"template":"","format":"standard","meta":{"_seopress_robots_primary_cat":"","_seopress_titles_title":"","_seopress_titles_desc":"","_seopress_robots_index":"","footnotes":""},"categories":[3],"tags":[26958,26848],"class_list":{"0":"post-72090","1":"post","2":"type-post","3":"status-publish","4":"format-standard","5":"has-post-thumbnail","7":"category-cine-y-series","8":"tag-rumbo-al-mar-pelicula-de-santiago-bal","9":"tag-santiago-bal-fede-bal"},"_links":{"self":[{"href":"https:\/\/www.cordobatimes.com\/showup\/wp-json\/wp\/v2\/posts\/72090","targetHints":{"allow":["GET"]}}],"collection":[{"href":"https:\/\/www.cordobatimes.com\/showup\/wp-json\/wp\/v2\/posts"}],"about":[{"href":"https:\/\/www.cordobatimes.com\/showup\/wp-json\/wp\/v2\/types\/post"}],"author":[{"embeddable":true,"href":"https:\/\/www.cordobatimes.com\/showup\/wp-json\/wp\/v2\/users\/1"}],"replies":[{"embeddable":true,"href":"https:\/\/www.cordobatimes.com\/showup\/wp-json\/wp\/v2\/comments?post=72090"}],"version-history":[{"count":0,"href":"https:\/\/www.cordobatimes.com\/showup\/wp-json\/wp\/v2\/posts\/72090\/revisions"}],"wp:featuredmedia":[{"embeddable":true,"href":"https:\/\/www.cordobatimes.com\/showup\/wp-json\/wp\/v2\/media\/72091"}],"wp:attachment":[{"href":"https:\/\/www.cordobatimes.com\/showup\/wp-json\/wp\/v2\/media?parent=72090"}],"wp:term":[{"taxonomy":"category","embeddable":true,"href":"https:\/\/www.cordobatimes.com\/showup\/wp-json\/wp\/v2\/categories?post=72090"},{"taxonomy":"post_tag","embeddable":true,"href":"https:\/\/www.cordobatimes.com\/showup\/wp-json\/wp\/v2\/tags?post=72090"}],"curies":[{"name":"wp","href":"https:\/\/api.w.org\/{rel}","templated":true}]}}