{"id":71918,"date":"2019-12-09T16:48:56","date_gmt":"2019-12-09T19:48:56","guid":{"rendered":"https:\/\/www.cordobatimes.com\/showup\/?p=71918"},"modified":"2019-12-09T16:48:56","modified_gmt":"2019-12-09T19:48:56","slug":"fede-bal-hablo-junto-a-carmen-y-sus-hermanos-tras-la-muerte-de-santiago-mi-papa-se-fue-en-paz","status":"publish","type":"post","link":"https:\/\/www.cordobatimes.com\/showup\/famosos\/2019\/12\/09\/fede-bal-hablo-junto-a-carmen-y-sus-hermanos-tras-la-muerte-de-santiago-mi-papa-se-fue-en-paz\/","title":{"rendered":"Fede Bal habl\u00f3 junto a Carmen y sus hermanos tras la muerte de Santiago: \u201cMi pap\u00e1 se fue en paz\u201d"},"content":{"rendered":"<h3><strong>El actor habl\u00f3 a la salida del Instituto M\u00e9dico de Alta Complejidad, donde despidi\u00f3 a su padre.<\/strong><\/h3>\n<p>Son las horas m\u00e1s dif\u00edciles para los seres queridos de\u00a0Santiago Bal, quien\u00a0muri\u00f3 este lunes al mediod\u00eda a sus 83 a\u00f1os\u00a0y tras permanecer en coma farmacol\u00f3gico en el\u00a0Instituto M\u00e9dico de Alta Complejidad\u00a0por una falla multiorg\u00e1nica.<\/p>\n<p>Al momento de retirarse del IMAC, sus hijos\u00a0Federico,\u00a0Julieta\u00a0y\u00a0Mariano\u00a0hablaron con\u00a0Intrusos\u00a0en vivo junto a\u00a0Carmen Barbieri\u00a0y\u00a0Coco, hermano de Santiago.<\/p>\n<p><iframe loading=\"lazy\" src=\"https:\/\/www.youtube.com\/embed\/lgY0umLitBY\" width=\"560\" height=\"315\" frameborder=\"0\" allowfullscreen=\"allowfullscreen\"><\/iframe><\/p>\n","protected":false},"excerpt":{"rendered":"<p>El actor habl\u00f3 a la salida del Instituto M\u00e9dico de Alta Complejidad, donde despidi\u00f3 a su padre. Son las horas m\u00e1s dif\u00edciles para los seres queridos de\u00a0Santiago Bal, quien\u00a0muri\u00f3 este lunes al mediod\u00eda a sus 83 a\u00f1os\u00a0y tras permanecer en coma farmacol\u00f3gico en el\u00a0Instituto M\u00e9dico de Alta Complejidad\u00a0por una falla multiorg\u00e1nica. Al momento de retirarse [&hellip;]<\/p>\n","protected":false},"author":1,"featured_media":71919,"comment_status":"closed","ping_status":"closed","sticky":false,"template":"","format":"standard","meta":{"_seopress_robots_primary_cat":"","_seopress_titles_title":"","_seopress_titles_desc":"","_seopress_robots_index":"","footnotes":""},"categories":[4],"tags":[26850,26849,26846],"class_list":{"0":"post-71918","1":"post","2":"type-post","3":"status-publish","4":"format-standard","5":"has-post-thumbnail","7":"category-famosos","8":"tag-fede-bal-habla-tras-la-muerte-de-su-padre","9":"tag-fede-bal-santiago-bal","10":"tag-muerte-de-santiago-bal"},"_links":{"self":[{"href":"https:\/\/www.cordobatimes.com\/showup\/wp-json\/wp\/v2\/posts\/71918","targetHints":{"allow":["GET"]}}],"collection":[{"href":"https:\/\/www.cordobatimes.com\/showup\/wp-json\/wp\/v2\/posts"}],"about":[{"href":"https:\/\/www.cordobatimes.com\/showup\/wp-json\/wp\/v2\/types\/post"}],"author":[{"embeddable":true,"href":"https:\/\/www.cordobatimes.com\/showup\/wp-json\/wp\/v2\/users\/1"}],"replies":[{"embeddable":true,"href":"https:\/\/www.cordobatimes.com\/showup\/wp-json\/wp\/v2\/comments?post=71918"}],"version-history":[{"count":0,"href":"https:\/\/www.cordobatimes.com\/showup\/wp-json\/wp\/v2\/posts\/71918\/revisions"}],"wp:featuredmedia":[{"embeddable":true,"href":"https:\/\/www.cordobatimes.com\/showup\/wp-json\/wp\/v2\/media\/71919"}],"wp:attachment":[{"href":"https:\/\/www.cordobatimes.com\/showup\/wp-json\/wp\/v2\/media?parent=71918"}],"wp:term":[{"taxonomy":"category","embeddable":true,"href":"https:\/\/www.cordobatimes.com\/showup\/wp-json\/wp\/v2\/categories?post=71918"},{"taxonomy":"post_tag","embeddable":true,"href":"https:\/\/www.cordobatimes.com\/showup\/wp-json\/wp\/v2\/tags?post=71918"}],"curies":[{"name":"wp","href":"https:\/\/api.w.org\/{rel}","templated":true}]}}