{"id":71915,"date":"2019-12-09T13:48:10","date_gmt":"2019-12-09T16:48:10","guid":{"rendered":"https:\/\/www.cordobatimes.com\/showup\/?p=71915"},"modified":"2019-12-09T13:48:10","modified_gmt":"2019-12-09T16:48:10","slug":"murio-santiago-bal-el-artista-estaba-internado-desde-junio","status":"publish","type":"post","link":"https:\/\/www.cordobatimes.com\/showup\/famosos\/2019\/12\/09\/murio-santiago-bal-el-artista-estaba-internado-desde-junio\/","title":{"rendered":"Muri\u00f3 Santiago Bal: el artista estaba internado desde junio"},"content":{"rendered":"<h3><strong>El actor, autor, productor y director se encontraba en la terapia intensiva del Instituto M\u00e9dico de Alta Complejidad.<\/strong><\/h3>\n<p>La peor noticia enlut\u00f3 este lunes 9 de diciembre. A los 83 a\u00f1os, muri\u00f3\u00a0Santiago Bal. El aclamado actor, productor y director se encontraba internado desde junio en la terapia intensiva del Instituto M\u00e9dico de Alta Complejidad.<\/p>\n<p>La propia\u00a0Carmen Barbieri\u00a0confirm\u00f3 el fallecimiento en un mar de l\u00e1grimas, en comunicaci\u00f3n exclusiva con Intrusos: \u00abAhora s\u00ed me dej\u00f3 para siempre\u00bb, declar\u00f3 conmovida.<\/p>\n<p><iframe loading=\"lazy\" src=\"https:\/\/www.youtube.com\/embed\/3Jd568jTLKI\" width=\"560\" height=\"315\" frameborder=\"0\" allowfullscreen=\"allowfullscreen\"><\/iframe><\/p>\n<p>El periodista L\u00edo Pecoraro hab\u00eda informado la \u00faltima semana sobre el estado de Santiago. \u201cTrombosis de pulm\u00f3n, neumon\u00eda en los dos pulmones que est\u00e1n tapados, trombosis en la pantorrilla, un coraz\u00f3n complicado con arritmia, no funciona su \u00fanico ri\u00f1\u00f3n y con tratamiento de di\u00e1lisis. Intubado, con respirador y en coma farmacol\u00f3gico\u201d, detall\u00f3. Y en las \u00faltimas horas el parte m\u00e9dico vaticinaba el triste desenlace: \u00abCursa shock s\u00e9ptico con fallo multiorg\u00e1nico, en asistencia respiratoria mec\u00e1nica, bajo sedaci\u00f3n y analgesia\u00bb, detallaron desde el sanatorio, remarcando que ya se encontraba \u00abinestable hemodin\u00e1micamente, en estado cr\u00edtico\u00bb.<\/p>\n<p>Luego de una enorme trayectoria profesional,\u00a0Santiago Bal se retir\u00f3 del espect\u00e1culo en abril pasado, cuando protagonizaba la revista\u00a0Nuevamente Juntos\u00a0junto a Barbieri, bajo la direcci\u00f3n de Fede.<\/p>\n<p>Santiago fue padre de tres hijos, con tres actrices diferentes: Mariano (56), fruto de su relaci\u00f3n con Thelma del R\u00edo; Julieta (41), de su pareja con Silvia P\u00e9rez, y Federico (30), hijo de Carmen Barbieri.<\/p>\n<p>A lo largo de los a\u00f1os, trabaj\u00f3 en m\u00e1s de una treintena de obras de teatro, una veintena de pel\u00edculas (la \u00faltima, Rumbo al mar,\u00a0\u00a0(la \u00faltima,\u00a0Rumbo al mar, en la que trabaj\u00f3 junto a su hijo menor), y otra treintena de programas de televisi\u00f3n, entre los que se destacan\u00a0Los Campanelli, Mesa de noticias, Operaci\u00f3n Ja-Ja, Resistir\u00e9, Los simuladores\u00a0y\u00a0ShowMatch.<\/p>\n<p><iframe loading=\"lazy\" src=\"https:\/\/www.youtube.com\/embed\/cFEm4q2X0nI\" width=\"560\" height=\"315\" frameborder=\"0\" allowfullscreen=\"allowfullscreen\"><\/iframe><\/p>\n","protected":false},"excerpt":{"rendered":"<p>El actor, autor, productor y director se encontraba en la terapia intensiva del Instituto M\u00e9dico de Alta Complejidad. La peor noticia enlut\u00f3 este lunes 9 de diciembre. A los 83 a\u00f1os, muri\u00f3\u00a0Santiago Bal. El aclamado actor, productor y director se encontraba internado desde junio en la terapia intensiva del Instituto M\u00e9dico de Alta Complejidad. La [&hellip;]<\/p>\n","protected":false},"author":1,"featured_media":71916,"comment_status":"closed","ping_status":"closed","sticky":false,"template":"","format":"standard","meta":{"_seopress_robots_primary_cat":"","_seopress_titles_title":"","_seopress_titles_desc":"","_seopress_robots_index":"","footnotes":""},"categories":[4],"tags":[26846,26847,26848],"class_list":{"0":"post-71915","1":"post","2":"type-post","3":"status-publish","4":"format-standard","5":"has-post-thumbnail","7":"category-famosos","8":"tag-muerte-de-santiago-bal","9":"tag-santiago-bal-carmen-barbieri","10":"tag-santiago-bal-fede-bal"},"_links":{"self":[{"href":"https:\/\/www.cordobatimes.com\/showup\/wp-json\/wp\/v2\/posts\/71915","targetHints":{"allow":["GET"]}}],"collection":[{"href":"https:\/\/www.cordobatimes.com\/showup\/wp-json\/wp\/v2\/posts"}],"about":[{"href":"https:\/\/www.cordobatimes.com\/showup\/wp-json\/wp\/v2\/types\/post"}],"author":[{"embeddable":true,"href":"https:\/\/www.cordobatimes.com\/showup\/wp-json\/wp\/v2\/users\/1"}],"replies":[{"embeddable":true,"href":"https:\/\/www.cordobatimes.com\/showup\/wp-json\/wp\/v2\/comments?post=71915"}],"version-history":[{"count":0,"href":"https:\/\/www.cordobatimes.com\/showup\/wp-json\/wp\/v2\/posts\/71915\/revisions"}],"wp:featuredmedia":[{"embeddable":true,"href":"https:\/\/www.cordobatimes.com\/showup\/wp-json\/wp\/v2\/media\/71916"}],"wp:attachment":[{"href":"https:\/\/www.cordobatimes.com\/showup\/wp-json\/wp\/v2\/media?parent=71915"}],"wp:term":[{"taxonomy":"category","embeddable":true,"href":"https:\/\/www.cordobatimes.com\/showup\/wp-json\/wp\/v2\/categories?post=71915"},{"taxonomy":"post_tag","embeddable":true,"href":"https:\/\/www.cordobatimes.com\/showup\/wp-json\/wp\/v2\/tags?post=71915"}],"curies":[{"name":"wp","href":"https:\/\/api.w.org\/{rel}","templated":true}]}}