{"id":71901,"date":"2019-12-09T11:08:54","date_gmt":"2019-12-09T14:08:54","guid":{"rendered":"https:\/\/www.cordobatimes.com\/showup\/?p=71901"},"modified":"2019-12-09T11:08:54","modified_gmt":"2019-12-09T14:08:54","slug":"netflix-anuncio-la-fecha-de-estreno-de-la-casa-de-papel-4","status":"publish","type":"post","link":"https:\/\/www.cordobatimes.com\/showup\/cine-y-series\/2019\/12\/09\/netflix-anuncio-la-fecha-de-estreno-de-la-casa-de-papel-4\/","title":{"rendered":"Netflix anunci\u00f3 la fecha de estreno de \u201cLa casa de papel 4\u201d"},"content":{"rendered":"<h3><strong>La plataforma de streaming dio a conocer la fecha de regreso de la serie espa\u00f1ola y tambi\u00e9n\u00a0 qu\u00e9 pasar\u00e1 en la nueva temporada.\u00a0<\/strong><\/h3>\n<p>a fecha de estreno de\u00a0La Casa de Papel\u00a0Parte 4 fue revelada sorpresivamente durante un panel en la Comic Con de Brasil. Alba Flores (Nairobi), Esther Acebo (Estocolmo), Pedro Alonso (Berl\u00edn), Darko Peric (Helsinki) y\u00a0Rodrigo de la Serna\u00a0(Palermo), dieron a conocer la fecha y compartieron im\u00e1genes nunca antes vistas.<\/p>\n<p>La Casa de Papel parte 4 estrenar\u00e1 globalmente el viernes 3 de abril del 2020 en Netflix.<\/p>\n<h3><strong>Sinopsis<\/strong><\/h3>\n<p>\u201cEl Profesor\u201d planea el mayor atraco jam\u00e1s imaginado: asaltar la F\u00e1brica de Moneda y Timbre y llevarse a casa 2.400\u00a0 millones de euros. Para llevar a cabo su ambicioso plan, recluta a una pandilla de ocho personas con ciertas habilidades que no tienen nada que perder.<\/p>\n<p>Los ladrones tendr\u00e1n dificultades para apegarse a las reglas predefinidas y enfrentar\u00e1n a rehenes poco cooperativos, violencia y aislamiento, pero finalmente lograr\u00e1n alcanzar su objetivo y escapar con el dinero.<\/p>\n<p>Sin embargo, su felicidad ser\u00e1 truncada cuando uno de ellos sea arrestado y la banda se ver\u00e1 forzada a reunirse para ejecutar un plan a\u00fan m\u00e1s ambicioso, esta vez con el Banco de Espa\u00f1a como su objetivo.<\/p>\n<p><iframe loading=\"lazy\" src=\"https:\/\/api.vodgc.net\/player\/v2\/embed\/playerId\/1FMX3V1500998386\/contentId\/854990#amp=1\" frameborder=\"0\" allowfullscreen width=\"650\" height=\"390\" scrolling=\"no\"><\/iframe><\/p>\n","protected":false},"excerpt":{"rendered":"<p>La plataforma de streaming dio a conocer la fecha de regreso de la serie espa\u00f1ola y tambi\u00e9n\u00a0 qu\u00e9 pasar\u00e1 en la nueva temporada.\u00a0 a fecha de estreno de\u00a0La Casa de Papel\u00a0Parte 4 fue revelada sorpresivamente durante un panel en la Comic Con de Brasil. Alba Flores (Nairobi), Esther Acebo (Estocolmo), Pedro Alonso (Berl\u00edn), Darko Peric [&hellip;]<\/p>\n","protected":false},"author":1,"featured_media":71902,"comment_status":"closed","ping_status":"closed","sticky":false,"template":"","format":"standard","meta":{"_seopress_robots_primary_cat":"","_seopress_titles_title":"","_seopress_titles_desc":"","_seopress_robots_index":"","footnotes":""},"categories":[3],"tags":[26836,26837],"class_list":{"0":"post-71901","1":"post","2":"type-post","3":"status-publish","4":"format-standard","5":"has-post-thumbnail","7":"category-cine-y-series","8":"tag-fecha-de-estreno-de-la-casa-de-papel-4","9":"tag-netflix-la-casa-de-papel-4"},"_links":{"self":[{"href":"https:\/\/www.cordobatimes.com\/showup\/wp-json\/wp\/v2\/posts\/71901","targetHints":{"allow":["GET"]}}],"collection":[{"href":"https:\/\/www.cordobatimes.com\/showup\/wp-json\/wp\/v2\/posts"}],"about":[{"href":"https:\/\/www.cordobatimes.com\/showup\/wp-json\/wp\/v2\/types\/post"}],"author":[{"embeddable":true,"href":"https:\/\/www.cordobatimes.com\/showup\/wp-json\/wp\/v2\/users\/1"}],"replies":[{"embeddable":true,"href":"https:\/\/www.cordobatimes.com\/showup\/wp-json\/wp\/v2\/comments?post=71901"}],"version-history":[{"count":0,"href":"https:\/\/www.cordobatimes.com\/showup\/wp-json\/wp\/v2\/posts\/71901\/revisions"}],"wp:featuredmedia":[{"embeddable":true,"href":"https:\/\/www.cordobatimes.com\/showup\/wp-json\/wp\/v2\/media\/71902"}],"wp:attachment":[{"href":"https:\/\/www.cordobatimes.com\/showup\/wp-json\/wp\/v2\/media?parent=71901"}],"wp:term":[{"taxonomy":"category","embeddable":true,"href":"https:\/\/www.cordobatimes.com\/showup\/wp-json\/wp\/v2\/categories?post=71901"},{"taxonomy":"post_tag","embeddable":true,"href":"https:\/\/www.cordobatimes.com\/showup\/wp-json\/wp\/v2\/tags?post=71901"}],"curies":[{"name":"wp","href":"https:\/\/api.w.org\/{rel}","templated":true}]}}