{"id":71800,"date":"2019-12-06T11:39:14","date_gmt":"2019-12-06T14:39:14","guid":{"rendered":"https:\/\/www.cordobatimes.com\/showup\/?p=71800"},"modified":"2019-12-06T11:39:14","modified_gmt":"2019-12-06T14:39:14","slug":"el-festival-cosquin-rock-nominado-en-los-iberian-festival-awards","status":"publish","type":"post","link":"https:\/\/www.cordobatimes.com\/showup\/musica\/2019\/12\/06\/el-festival-cosquin-rock-nominado-en-los-iberian-festival-awards\/","title":{"rendered":"El festival Cosqu\u00edn Rock, nominado en los \u201cIberian Festival Awards\u201d"},"content":{"rendered":"<h3><strong>El evento serrano fue considerado en la categor\u00eda destinada a festivales portugueses e hispanos.\u00a0<\/strong><\/h3>\n<p>A d\u00edas de confirmar su primera edici\u00f3n en Espa\u00f1a, Cosqu\u00edn Rock fue nominado para la 5\u00aa edici\u00f3n de los Iberian Festival Awards, que se entregar\u00e1n en Lisboa entre el 11 y el 15 de marzo de 2020.<\/p>\n<p>El festival serrano fue considerado en la categor\u00eda \u201cBest lusophone and hispanic festival\u201d, donde compite con los encuentros portugueses Artes \u00e0 Rua,\u00a0 Bons Sons, EdpCooljazz e Iminente; con el colombiano Cartagena Festival de M\u00fasica; con el ecuatoriano Rotofest; y con los espa\u00f1oles Festival Gigante, Low Festival, Sonamos Latinoam\u00e9rica &#8211; Illes Balears y Resurrection Fest, entre otros.<\/p>\n<p>En esta oportunidad, los Iberian Festival Awards se entregar\u00e1n en el marco de la novena edici\u00f3n de Talkfest (International Music Festivals Forum), promovido por la Bolsa de Turismo de Lisboa. \u201cPretende ser un evento completo y global y puede otorgar premios a: festivales de m\u00fasica; festividades festivales de otros aspectos culturales (por ejemplo, cine, teatro, gastronom\u00eda); eventos profesionales; medios de comunicaci\u00f3n; artistas; marcas; proveedores de servicios y fot\u00f3grafos\u201d, fundamenta la invitaci\u00f3n.<\/p>\n<p>Y sigue: \u201cHabr\u00e1 25 categor\u00edas en competencia, que se decidir\u00e1n por votaci\u00f3n p\u00fablica o panel de jurado. Algunas categor\u00edas tienen un premio en met\u00e1lico para sus ganadores\u201d.<\/p>\n<p>Esta nominaci\u00f3n llega en un periodo de permanentes reconocimientos para Cosqu\u00edn Rock, un evento fundamental del entretenimiento argentina que el a\u00f1o que viene realizar\u00e1 su vig\u00e9sima edici\u00f3n. Ser\u00e1 en el aer\u00f3dromo de Punilla, del s\u00e1bado 8 al domingo 9 de febrero.<\/p>\n","protected":false},"excerpt":{"rendered":"<p>El evento serrano fue considerado en la categor\u00eda destinada a festivales portugueses e hispanos.\u00a0 A d\u00edas de confirmar su primera edici\u00f3n en Espa\u00f1a, Cosqu\u00edn Rock fue nominado para la 5\u00aa edici\u00f3n de los Iberian Festival Awards, que se entregar\u00e1n en Lisboa entre el 11 y el 15 de marzo de 2020. El festival serrano fue [&hellip;]<\/p>\n","protected":false},"author":1,"featured_media":71801,"comment_status":"closed","ping_status":"closed","sticky":false,"template":"","format":"standard","meta":{"_seopress_robots_primary_cat":"","_seopress_titles_title":"","_seopress_titles_desc":"","_seopress_robots_index":"","footnotes":""},"categories":[5],"tags":[26736,26735],"class_list":{"0":"post-71800","1":"post","2":"type-post","3":"status-publish","4":"format-standard","5":"has-post-thumbnail","8":"tag-festival-cosquin-rock-best-lusophone-and-hispanic-festival","9":"tag-festival-cosquin-rock-iberian-festival-awards"},"_links":{"self":[{"href":"https:\/\/www.cordobatimes.com\/showup\/wp-json\/wp\/v2\/posts\/71800","targetHints":{"allow":["GET"]}}],"collection":[{"href":"https:\/\/www.cordobatimes.com\/showup\/wp-json\/wp\/v2\/posts"}],"about":[{"href":"https:\/\/www.cordobatimes.com\/showup\/wp-json\/wp\/v2\/types\/post"}],"author":[{"embeddable":true,"href":"https:\/\/www.cordobatimes.com\/showup\/wp-json\/wp\/v2\/users\/1"}],"replies":[{"embeddable":true,"href":"https:\/\/www.cordobatimes.com\/showup\/wp-json\/wp\/v2\/comments?post=71800"}],"version-history":[{"count":0,"href":"https:\/\/www.cordobatimes.com\/showup\/wp-json\/wp\/v2\/posts\/71800\/revisions"}],"wp:featuredmedia":[{"embeddable":true,"href":"https:\/\/www.cordobatimes.com\/showup\/wp-json\/wp\/v2\/media\/71801"}],"wp:attachment":[{"href":"https:\/\/www.cordobatimes.com\/showup\/wp-json\/wp\/v2\/media?parent=71800"}],"wp:term":[{"taxonomy":"category","embeddable":true,"href":"https:\/\/www.cordobatimes.com\/showup\/wp-json\/wp\/v2\/categories?post=71800"},{"taxonomy":"post_tag","embeddable":true,"href":"https:\/\/www.cordobatimes.com\/showup\/wp-json\/wp\/v2\/tags?post=71800"}],"curies":[{"name":"wp","href":"https:\/\/api.w.org\/{rel}","templated":true}]}}