{"id":71628,"date":"2019-12-04T20:27:17","date_gmt":"2019-12-04T23:27:17","guid":{"rendered":"https:\/\/www.cordobatimes.com\/showup\/?p=71628"},"modified":"2019-12-04T20:27:17","modified_gmt":"2019-12-04T23:27:17","slug":"la-fecha-de-estreno-y-el-trailer-de-la-sexta-y-ultima-temporada-de-vikingos","status":"publish","type":"post","link":"https:\/\/www.cordobatimes.com\/showup\/cine-y-series\/2019\/12\/04\/la-fecha-de-estreno-y-el-trailer-de-la-sexta-y-ultima-temporada-de-vikingos\/","title":{"rendered":"La fecha de estreno y el tr\u00e1iler de la sexta y \u00faltima temporada de \u201cVikingos\u201d"},"content":{"rendered":"<h3><strong>Lo que dej\u00f3 la quinta temporada y lo que trae la que viene.\u00a0<\/strong><\/h3>\n<p>Vikingos regresa con su sexta y \u00faltima temporada. El estreno ser\u00e1 con un episodio de dos horas que se podr\u00e1 ver en Argentina el jueves 5 de diciembre a las 23 en FOX Premium Series y en la app de FOX.<\/p>\n<p>La sexta temporada est\u00e1 compuesta por 20 episodios, que se emitir\u00e1n en dos partes, comenzando con un estreno de dos horas. Los diez episodios restantes de la sexta temporada est\u00e1n programados para emitirse en 2020. Katheryn Winnick, una de las protagonistas de la serie, estar\u00e1 a cargo de un episodio en la sexta temporada, marcando su debut como directora.<\/p>\n<h3><strong>En qu\u00e9 qued\u00f3 (spoilers)<\/strong><\/h3>\n<p>La venganza, el drama y el caos fueron los protagonistas del final de la quinta temporada. Ivar the Boneless &#8211; \u201cIvar el Deshuesado\u201d (Alex H\u00f8gh Andersen), un autoproclamado Dios que gobierna sobre Kattegat con alarmante terror, env\u00eda a su ej\u00e9rcito a luchar contra su enemigo y hermano Bjorn Ironside (Alexander Ludwig). Desatando una violenta guerra de guerrillas, los dos hermanos se niegan a rendirse: la sangre, el orgullo y la corona pesan demasiado sobre sus espaldas.<\/p>\n<p>En los momentos finales, Ivar se ve obligado a huir de un destino inminente, desapareciendo en la oscuridad y asegurando la victoria de Bjorn. Lagertha (Katheryn Winnick), renacida despu\u00e9s de experimentar graves delirios por el gran amor que perdi\u00f3, emerge para coronar a Bjorn como el nuevo y leg\u00edtimo rey.<\/p>\n<h3><strong>Lo que viene<\/strong><\/h3>\n<p>La sexta temporada regresa despu\u00e9s de la batalla entre los hermanos, que ha dejado a Bjorn como vencedor y como h\u00e9roe ante las personas que estuvieron bajo el gobierno tir\u00e1nico de Ivar durante tanto tiempo. Como nuevo l\u00edder de Kattegat, Bjorn lucha por llenar los zapatos de su difunto padre como Rey, se enfrenta a varios dilemas y lucha contra la idea de que el poder eclipsa la moral.<\/p>\n<p>Mientras tanto, Ivar, en busca de un nuevo camino que lo separe de su pasado, es visto viajando a lo largo de la Ruta de la Seda, que finalmente lo llevar\u00e1 a Rusia. Encuentra a un par en el Pr\u00edncipe Oleg (Danila Kozlovsky), un gobernante ruso cruel e impredecible, que impacta incluso a Ivar con sus acciones despiadadas. Lagertha tiene su propio plan: vivir una vida m\u00e1s tranquila y menos p\u00fablica en su granja, pero nuevos peligros acechan cerca de su hogar.<\/p>\n<p>Esta temporada, los vikingos contin\u00faan tomando el control de Escandinavia mientras Ubbe (Jordan Patrick Smith) y Torvi (Georgia Hirst) viajan a Islandia para descubrir el misterio alrededor de la desaparici\u00f3n de Floki (Gustaf Skarsgard), y Hvitserk (Marco Ils\u00f8) persigue su venganza personal contra Ivar.<\/p>\n<p><iframe loading=\"lazy\" src=\"https:\/\/www.youtube.com\/embed\/R2glA8Ik2dM\" width=\"560\" height=\"315\" frameborder=\"0\" allowfullscreen=\"allowfullscreen\"><\/iframe><\/p>\n","protected":false},"excerpt":{"rendered":"<p>Lo que dej\u00f3 la quinta temporada y lo que trae la que viene.\u00a0 Vikingos regresa con su sexta y \u00faltima temporada. El estreno ser\u00e1 con un episodio de dos horas que se podr\u00e1 ver en Argentina el jueves 5 de diciembre a las 23 en FOX Premium Series y en la app de FOX. La [&hellip;]<\/p>\n","protected":false},"author":1,"featured_media":71630,"comment_status":"closed","ping_status":"closed","sticky":false,"template":"","format":"standard","meta":{"_seopress_robots_primary_cat":"","_seopress_titles_title":"","_seopress_titles_desc":"","_seopress_robots_index":"","footnotes":""},"categories":[3],"tags":[26644,26646,26645],"class_list":{"0":"post-71628","1":"post","2":"type-post","3":"status-publish","4":"format-standard","5":"has-post-thumbnail","7":"category-cine-y-series","8":"tag-trailer-de-la-sexta-y-ultima-temporada-de-vikingos","9":"tag-trailer-de-la-ultima-temporada-de-vikingos","10":"tag-ultima-temporada-de-vikingos"},"_links":{"self":[{"href":"https:\/\/www.cordobatimes.com\/showup\/wp-json\/wp\/v2\/posts\/71628","targetHints":{"allow":["GET"]}}],"collection":[{"href":"https:\/\/www.cordobatimes.com\/showup\/wp-json\/wp\/v2\/posts"}],"about":[{"href":"https:\/\/www.cordobatimes.com\/showup\/wp-json\/wp\/v2\/types\/post"}],"author":[{"embeddable":true,"href":"https:\/\/www.cordobatimes.com\/showup\/wp-json\/wp\/v2\/users\/1"}],"replies":[{"embeddable":true,"href":"https:\/\/www.cordobatimes.com\/showup\/wp-json\/wp\/v2\/comments?post=71628"}],"version-history":[{"count":0,"href":"https:\/\/www.cordobatimes.com\/showup\/wp-json\/wp\/v2\/posts\/71628\/revisions"}],"wp:featuredmedia":[{"embeddable":true,"href":"https:\/\/www.cordobatimes.com\/showup\/wp-json\/wp\/v2\/media\/71630"}],"wp:attachment":[{"href":"https:\/\/www.cordobatimes.com\/showup\/wp-json\/wp\/v2\/media?parent=71628"}],"wp:term":[{"taxonomy":"category","embeddable":true,"href":"https:\/\/www.cordobatimes.com\/showup\/wp-json\/wp\/v2\/categories?post=71628"},{"taxonomy":"post_tag","embeddable":true,"href":"https:\/\/www.cordobatimes.com\/showup\/wp-json\/wp\/v2\/tags?post=71628"}],"curies":[{"name":"wp","href":"https:\/\/api.w.org\/{rel}","templated":true}]}}