{"id":71621,"date":"2019-12-04T19:38:54","date_gmt":"2019-12-04T22:38:54","guid":{"rendered":"https:\/\/www.cordobatimes.com\/showup\/?p=71621"},"modified":"2019-12-04T19:38:54","modified_gmt":"2019-12-04T22:38:54","slug":"disney-prepara-una-nueva-pelicula-de-la-saga-el-planeta-de-los-simios","status":"publish","type":"post","link":"https:\/\/www.cordobatimes.com\/showup\/cine-y-series\/2019\/12\/04\/disney-prepara-una-nueva-pelicula-de-la-saga-el-planeta-de-los-simios\/","title":{"rendered":"Disney prepara una nueva pel\u00edcula  de la saga \u00abEl planeta de los simios\u00bb"},"content":{"rendered":"<h3><strong>Fox ya est\u00e1 trabajando en el proyecto, aunque esta vez bajo la tutela de Disney tras su adquisici\u00f3n por parte de la compa\u00f1\u00eda.<\/strong><\/h3>\n<p>La franquicia El planeta de los simios ya tiene una nueva entrega en camino. Despu\u00e9s de las tres recientes precuelas, la saga -que ser\u00e1 la primera gran franquicia de Fox que explota Disney- a\u00f1adir\u00e1 un nuevo cap\u00edtulo m\u00e1s a su historia que estar\u00e1 capitaneado por Wes Ball, el director de El corredor del laberinto.<\/p>\n<p>Seg\u00fan\u00a0The Hollywood Reporter, Fox ya est\u00e1 trabajando en el proyecto, aunque esta vez bajo la tutela de Disney tras su adquisici\u00f3n por parte de la compa\u00f1\u00eda.<\/p>\n<p>La pel\u00edcula original de\u00a0El planeta de los simios\u00a0de 1968, basada en una novela del escritor franc\u00e9s Pierre Boulle y protagonizada por Charlton Heston, se centra en un astronauta que aterriza en un planeta y descubre una civilizaci\u00f3n avanzada en la que los simios gobiernan sobre los humanos. En un giro final, se da cuenta de que en realidad est\u00e1 en la Tierra, que hab\u00eda sufrido una guerra nuclear apocal\u00edptica.<\/p>\n<p>La pel\u00edcula fue un \u00e9xito comercial y de cr\u00edtica en su lanzamiento y gener\u00f3 numerosas secuelas y una serie de televisi\u00f3n a lo largo de la d\u00e9cada de los 70. En 2001, Tim Burton hizo su propia versi\u00f3n, aunque no logr\u00f3 entusiasmar al p\u00fablico.<\/p>\n<p>Sin embargo, Fox relanz\u00f3 la saga con una exitosa trilog\u00eda precuela que comenz\u00f3 con\u00a0El origen del planeta de los simios\u00a0en 2011, una cinta que relata c\u00f3mo tomaron el control los primates en la Tierra y protagonizada por Andy Serkis en el papel del mono Caesar. La historia sigui\u00f3 en 2014 y 2017 con\u00a0El amanecer del planeta de los simios\u00a0y\u00a0La guerra del planeta de los simios, ambas dirigidas por Matt Reeves. Por el momento no est\u00e1 claro si el pr\u00f3ximo proyecto ser\u00e1 un reboot o una continuaci\u00f3n de estas \u00faltimas entregas.<\/p>\n","protected":false},"excerpt":{"rendered":"<p>Fox ya est\u00e1 trabajando en el proyecto, aunque esta vez bajo la tutela de Disney tras su adquisici\u00f3n por parte de la compa\u00f1\u00eda. La franquicia El planeta de los simios ya tiene una nueva entrega en camino. Despu\u00e9s de las tres recientes precuelas, la saga -que ser\u00e1 la primera gran franquicia de Fox que explota [&hellip;]<\/p>\n","protected":false},"author":1,"featured_media":71622,"comment_status":"closed","ping_status":"closed","sticky":false,"template":"","format":"standard","meta":{"_seopress_robots_primary_cat":"","_seopress_titles_title":"","_seopress_titles_desc":"","_seopress_robots_index":"","footnotes":""},"categories":[3],"tags":[26638,26639,26637],"class_list":{"0":"post-71621","1":"post","2":"type-post","3":"status-publish","4":"format-standard","5":"has-post-thumbnail","7":"category-cine-y-series","8":"tag-disney-el-planeta-de-los-simios","9":"tag-fox-disney","10":"tag-nueva-pelicula-de-la-saga-el-planeta-de-los-simios"},"_links":{"self":[{"href":"https:\/\/www.cordobatimes.com\/showup\/wp-json\/wp\/v2\/posts\/71621","targetHints":{"allow":["GET"]}}],"collection":[{"href":"https:\/\/www.cordobatimes.com\/showup\/wp-json\/wp\/v2\/posts"}],"about":[{"href":"https:\/\/www.cordobatimes.com\/showup\/wp-json\/wp\/v2\/types\/post"}],"author":[{"embeddable":true,"href":"https:\/\/www.cordobatimes.com\/showup\/wp-json\/wp\/v2\/users\/1"}],"replies":[{"embeddable":true,"href":"https:\/\/www.cordobatimes.com\/showup\/wp-json\/wp\/v2\/comments?post=71621"}],"version-history":[{"count":0,"href":"https:\/\/www.cordobatimes.com\/showup\/wp-json\/wp\/v2\/posts\/71621\/revisions"}],"wp:featuredmedia":[{"embeddable":true,"href":"https:\/\/www.cordobatimes.com\/showup\/wp-json\/wp\/v2\/media\/71622"}],"wp:attachment":[{"href":"https:\/\/www.cordobatimes.com\/showup\/wp-json\/wp\/v2\/media?parent=71621"}],"wp:term":[{"taxonomy":"category","embeddable":true,"href":"https:\/\/www.cordobatimes.com\/showup\/wp-json\/wp\/v2\/categories?post=71621"},{"taxonomy":"post_tag","embeddable":true,"href":"https:\/\/www.cordobatimes.com\/showup\/wp-json\/wp\/v2\/tags?post=71621"}],"curies":[{"name":"wp","href":"https:\/\/api.w.org\/{rel}","templated":true}]}}