{"id":71461,"date":"2019-12-03T11:35:47","date_gmt":"2019-12-03T14:35:47","guid":{"rendered":"https:\/\/www.cordobatimes.com\/showup\/?p=71461"},"modified":"2019-12-03T11:35:47","modified_gmt":"2019-12-03T14:35:47","slug":"los-simpsons-el-productor-revelo-la-verdad-sobre-el-fin-de-la-serie","status":"publish","type":"post","link":"https:\/\/www.cordobatimes.com\/showup\/cine-y-series\/2019\/12\/03\/los-simpsons-el-productor-revelo-la-verdad-sobre-el-fin-de-la-serie\/","title":{"rendered":"Los Simpsons: El productor revel\u00f3 la verdad sobre el fin de la serie"},"content":{"rendered":"<h3><strong>Al Jean habl\u00f3 sobre los rumores de finalizaci\u00f3n que comenzaron a circular tras un comentario de Danny Elfman, compositor del show.\u00a0<\/strong><\/h3>\n<p>Al Jean, productor ejecutivo y guionista de Los Simpsons habl\u00f3 sobre los rumores que comenzaron a circular a principios de semana sobre la posible finalizaci\u00f3n de la hist\u00f3rica serie de televisi\u00f3n en el 2020.<\/p>\n<p>El productor desminti\u00f3 que el show sobre de la familia amarilla, que lleva 31 temporadas al aire, est\u00e9 llegando a su fin.<\/p>\n<p>La declaraci\u00f3n de Jean se di\u00f3 luego de que Danny Elfman, compositor del show, hiciera un comentario al respecto que sacudi\u00f3 a los fan\u00e1ticos de la serie.<\/p>\n<p>Elfman expres\u00f3 en una entrevista con\u00a0Joe: \u00abPor lo que escuch\u00e9, (la serie) est\u00e1 llegando a su fin. No estoy 100% seguro, pero escuch\u00e9 que este ser\u00e1 su \u00faltimo a\u00f1o. [&#8230;] Estoy asombrado de que haya durado tanto tiempo. Tienen que entender que cuando compuse Los Simpson, escrib\u00ed esta alocada pieza de m\u00fasica que esperaba nadie iba a escuchar, porque no pens\u00e9 que iba a tener \u00e9xito\u201d.<\/p>\n<p>Cuando las palabras del compositor aterrizaron en Internet, se desencaden\u00f3 un revuelo entre los fan\u00e1ticos de la series, quienes se vieron sacudidos por tal noticia.<\/p>\n<p>Por este motivo, Jean sali\u00f3 a calmar las aguas y coment\u00f3 al respecto en una entrevista para el portal\u00a0Metro: \u00abSin faltarle el respeto al Sr. Elfman, iniciaremos la producci\u00f3n de la 32.\u00aa temporada a partir del pr\u00f3ximo a\u00f1o y no tenemos planes de terminar el programa despu\u00e9s de eso\u00bb.<\/p>\n<blockquote class=\"twitter-tweet\" data-lang=\"es\">\n<p lang=\"en\" dir=\"ltr\">.<a href=\"https:\/\/twitter.com\/TheSimpsons?ref_src=twsrc%5Etfw\">@TheSimpsons<\/a> We are all thankful the following article is NOT TRUE: <a href=\"https:\/\/t.co\/2Z0VqdfIEM\">https:\/\/t.co\/2Z0VqdfIEM<\/a><\/p>\n<p>&mdash; Al Jean (@AlJean) <a href=\"https:\/\/twitter.com\/AlJean\/status\/1200094208893341696?ref_src=twsrc%5Etfw\">28 de noviembre de 2019<\/a><\/p><\/blockquote>\n<p><script async src=\"https:\/\/platform.twitter.com\/widgets.js\" charset=\"utf-8\"><\/script><\/p>\n<p>Adem\u00e1s, el mismo d\u00eda, utiliz\u00f3 su cuenta de Twitter para volver a expresarse sobre el tema. Adjuntando una noticia que hablaba sobre la temida finalizaci\u00f3n de la serie, escribi\u00f3: \u00abTodos estamos agradecidos de que el siguiente art\u00edculo no sea verdadero\u00bb.<\/p>\n<blockquote class=\"twitter-tweet\" data-lang=\"es\">\n<p lang=\"en\" dir=\"ltr\">.<a href=\"https:\/\/twitter.com\/TheSimpsons?ref_src=twsrc%5Etfw\">@TheSimpsons<\/a> STILL not canceled.  New episode \u201cTodd, Todd, Why Have You Forsaken Me?\u201d on this Sunday. <a href=\"https:\/\/t.co\/fhaHrgm3iN\">pic.twitter.com\/fhaHrgm3iN<\/a><\/p>\n<p>&mdash; Al Jean (@AlJean) <a href=\"https:\/\/twitter.com\/AlJean\/status\/1200455834012135424?ref_src=twsrc%5Etfw\">29 de noviembre de 2019<\/a><\/p><\/blockquote>\n<p><script async src=\"https:\/\/platform.twitter.com\/widgets.js\" charset=\"utf-8\"><\/script><\/p>\n<p>Este viernes, en otro tuit, public\u00f3 una captura de pantalla del que ser\u00eda un nuevo episodio de la serie, que seg\u00fan asegur\u00f3 el productor, se estrenar\u00e1 el pr\u00f3ximo domingo. <\/p>\n<p>Los Simpsons lleva al aire 30 a\u00f1os, 31 temporadas y 670 episodios emitidos hasta ahora. Adem\u00e1s, gan\u00f3 34 premios Emmy y se convirti\u00f3 en un \u00edcono de la cultura pop. <\/p>\n","protected":false},"excerpt":{"rendered":"<p>Al Jean habl\u00f3 sobre los rumores de finalizaci\u00f3n que comenzaron a circular tras un comentario de Danny Elfman, compositor del show.\u00a0 Al Jean, productor ejecutivo y guionista de Los Simpsons habl\u00f3 sobre los rumores que comenzaron a circular a principios de semana sobre la posible finalizaci\u00f3n de la hist\u00f3rica serie de televisi\u00f3n en el 2020. [&hellip;]<\/p>\n","protected":false},"author":1,"featured_media":71462,"comment_status":"closed","ping_status":"closed","sticky":false,"template":"","format":"standard","meta":{"_seopress_robots_primary_cat":"","_seopress_titles_title":"","_seopress_titles_desc":"","_seopress_robots_index":"","footnotes":""},"categories":[3],"tags":[26560,26558,26559],"class_list":{"0":"post-71461","1":"post","2":"type-post","3":"status-publish","4":"format-standard","5":"has-post-thumbnail","7":"category-cine-y-series","8":"tag-capitulo-final-de-los-simpsons","9":"tag-final-de-la-serie-de-los-simpsons","10":"tag-final-de-los-simpsons"},"_links":{"self":[{"href":"https:\/\/www.cordobatimes.com\/showup\/wp-json\/wp\/v2\/posts\/71461","targetHints":{"allow":["GET"]}}],"collection":[{"href":"https:\/\/www.cordobatimes.com\/showup\/wp-json\/wp\/v2\/posts"}],"about":[{"href":"https:\/\/www.cordobatimes.com\/showup\/wp-json\/wp\/v2\/types\/post"}],"author":[{"embeddable":true,"href":"https:\/\/www.cordobatimes.com\/showup\/wp-json\/wp\/v2\/users\/1"}],"replies":[{"embeddable":true,"href":"https:\/\/www.cordobatimes.com\/showup\/wp-json\/wp\/v2\/comments?post=71461"}],"version-history":[{"count":0,"href":"https:\/\/www.cordobatimes.com\/showup\/wp-json\/wp\/v2\/posts\/71461\/revisions"}],"wp:featuredmedia":[{"embeddable":true,"href":"https:\/\/www.cordobatimes.com\/showup\/wp-json\/wp\/v2\/media\/71462"}],"wp:attachment":[{"href":"https:\/\/www.cordobatimes.com\/showup\/wp-json\/wp\/v2\/media?parent=71461"}],"wp:term":[{"taxonomy":"category","embeddable":true,"href":"https:\/\/www.cordobatimes.com\/showup\/wp-json\/wp\/v2\/categories?post=71461"},{"taxonomy":"post_tag","embeddable":true,"href":"https:\/\/www.cordobatimes.com\/showup\/wp-json\/wp\/v2\/tags?post=71461"}],"curies":[{"name":"wp","href":"https:\/\/api.w.org\/{rel}","templated":true}]}}