{"id":70712,"date":"2019-11-28T11:09:24","date_gmt":"2019-11-28T14:09:24","guid":{"rendered":"https:\/\/www.cordobatimes.com\/showup\/?p=70712"},"modified":"2019-11-28T11:09:24","modified_gmt":"2019-11-28T14:09:24","slug":"fotos-de-la-luna-de-miel-de-pampita-y-roberto-garcia-moritan","status":"publish","type":"post","link":"https:\/\/www.cordobatimes.com\/showup\/famosos\/2019\/11\/28\/fotos-de-la-luna-de-miel-de-pampita-y-roberto-garcia-moritan\/","title":{"rendered":"Fotos de la luna de miel de Pampita y Roberto Garc\u00eda Morit\u00e1n"},"content":{"rendered":"<h3><strong>La conductora y el empresario, \u00a0compartieron im\u00e1genes desde la famosa Torre Eiffel de Par\u00eds.<\/strong><\/h3>\n<p>Mientras la tele contin\u00faa hablando del gran festejo de casamiento que hicieron\u00a0Pampita\u00a0(41) y\u00a0Roberto Garc\u00eda Morit\u00e1n\u00a0(42), los reci\u00e9n casados llegaron este martes a Par\u00eds para disfrutar de su luna de miel en la \u201cciudad del amor\u201d.<\/p>\n<p>A trav\u00e9s de sus cuentas de\u00a0Instagram, la pareja comparti\u00f3 fotos de la visita que hicieron a la ic\u00f3nica Torre Eiffel, s\u00edmbolo de Par\u00eds y por extensi\u00f3n de Francia.<\/p>\n<p>S\u00faper sonrientes, abrazados y bien abrigados para hacerle frente a las temperaturas oto\u00f1ales, la pareja se fotografi\u00f3 con la construcci\u00f3n y en la c\u00faspide con toda la ciudad a su alrededor. \u00a1Una aut\u00e9ntica postal parisina a puro romance!<\/p>\n<p><img alt=\"\" loading=\"lazy\" decoding=\"async\" class=\"alignnone size-full wp-image-70714\" src=\"https:\/\/www.cordobatimes.com\/showup\/wp-content\/uploads\/2019\/11\/Nombre-12.jpg\" alt=\"\" width=\"567\" height=\"547\" srcset=\"https:\/\/www.cordobatimes.com\/showup\/wp-content\/uploads\/2019\/11\/Nombre-12.jpg 567w, https:\/\/www.cordobatimes.com\/showup\/wp-content\/uploads\/2019\/11\/Nombre-12-435x420.jpg 435w\" sizes=\"auto, (max-width: 567px) 100vw, 567px\" \/> <img alt=\"\" loading=\"lazy\" decoding=\"async\" class=\"alignnone size-full wp-image-70715\" src=\"https:\/\/www.cordobatimes.com\/showup\/wp-content\/uploads\/2019\/11\/Nombre1-7.jpg\" alt=\"\" width=\"460\" height=\"535\" srcset=\"https:\/\/www.cordobatimes.com\/showup\/wp-content\/uploads\/2019\/11\/Nombre1-7.jpg 460w, https:\/\/www.cordobatimes.com\/showup\/wp-content\/uploads\/2019\/11\/Nombre1-7-361x420.jpg 361w\" sizes=\"auto, (max-width: 460px) 100vw, 460px\" \/> <img alt=\"\" loading=\"lazy\" decoding=\"async\" class=\"alignnone size-full wp-image-70716\" src=\"https:\/\/www.cordobatimes.com\/showup\/wp-content\/uploads\/2019\/11\/Nombre2-5.jpg\" alt=\"\" width=\"400\" height=\"560\" srcset=\"https:\/\/www.cordobatimes.com\/showup\/wp-content\/uploads\/2019\/11\/Nombre2-5.jpg 400w, https:\/\/www.cordobatimes.com\/showup\/wp-content\/uploads\/2019\/11\/Nombre2-5-300x420.jpg 300w\" sizes=\"auto, (max-width: 400px) 100vw, 400px\" \/><\/p>\n<div style=\"width: 640px;\" class=\"wp-video\"><video class=\"wp-video-shortcode\" id=\"video-70712-1\" width=\"640\" height=\"1136\" preload=\"metadata\" controls=\"controls\"><source type=\"video\/mp4\" src=\"https:\/\/www.cordobatimes.com\/showup\/wp-content\/uploads\/2019\/11\/pampitaoficial_78806922_465053300807787_2796628723977599236_n.mp4?_=1\" \/><a href=\"https:\/\/www.cordobatimes.com\/showup\/wp-content\/uploads\/2019\/11\/pampitaoficial_78806922_465053300807787_2796628723977599236_n.mp4\">https:\/\/www.cordobatimes.com\/showup\/wp-content\/uploads\/2019\/11\/pampitaoficial_78806922_465053300807787_2796628723977599236_n.mp4<\/a><\/video><\/div>\n","protected":false},"excerpt":{"rendered":"<p>La conductora y el empresario, \u00a0compartieron im\u00e1genes desde la famosa Torre Eiffel de Par\u00eds. Mientras la tele contin\u00faa hablando del gran festejo de casamiento que hicieron\u00a0Pampita\u00a0(41) y\u00a0Roberto Garc\u00eda Morit\u00e1n\u00a0(42), los reci\u00e9n casados llegaron este martes a Par\u00eds para disfrutar de su luna de miel en la \u201cciudad del amor\u201d. A trav\u00e9s de sus cuentas de\u00a0Instagram, [&hellip;]<\/p>\n","protected":false},"author":1,"featured_media":70713,"comment_status":"closed","ping_status":"closed","sticky":false,"template":"","format":"standard","meta":{"_seopress_robots_primary_cat":"","_seopress_titles_title":"","_seopress_titles_desc":"","_seopress_robots_index":"","footnotes":""},"categories":[4],"tags":[26202,25900,26203],"class_list":{"0":"post-70712","1":"post","2":"type-post","3":"status-publish","4":"format-standard","5":"has-post-thumbnail","7":"category-famosos","8":"tag-luna-de-miel-de-pampita-y-roberto-garcia-moritan","9":"tag-pampita-y-roberto-garcia-moritan","10":"tag-pampita-y-roberto-garcia-moritan-en-paris"},"_links":{"self":[{"href":"https:\/\/www.cordobatimes.com\/showup\/wp-json\/wp\/v2\/posts\/70712","targetHints":{"allow":["GET"]}}],"collection":[{"href":"https:\/\/www.cordobatimes.com\/showup\/wp-json\/wp\/v2\/posts"}],"about":[{"href":"https:\/\/www.cordobatimes.com\/showup\/wp-json\/wp\/v2\/types\/post"}],"author":[{"embeddable":true,"href":"https:\/\/www.cordobatimes.com\/showup\/wp-json\/wp\/v2\/users\/1"}],"replies":[{"embeddable":true,"href":"https:\/\/www.cordobatimes.com\/showup\/wp-json\/wp\/v2\/comments?post=70712"}],"version-history":[{"count":0,"href":"https:\/\/www.cordobatimes.com\/showup\/wp-json\/wp\/v2\/posts\/70712\/revisions"}],"wp:featuredmedia":[{"embeddable":true,"href":"https:\/\/www.cordobatimes.com\/showup\/wp-json\/wp\/v2\/media\/70713"}],"wp:attachment":[{"href":"https:\/\/www.cordobatimes.com\/showup\/wp-json\/wp\/v2\/media?parent=70712"}],"wp:term":[{"taxonomy":"category","embeddable":true,"href":"https:\/\/www.cordobatimes.com\/showup\/wp-json\/wp\/v2\/categories?post=70712"},{"taxonomy":"post_tag","embeddable":true,"href":"https:\/\/www.cordobatimes.com\/showup\/wp-json\/wp\/v2\/tags?post=70712"}],"curies":[{"name":"wp","href":"https:\/\/api.w.org\/{rel}","templated":true}]}}