{"id":70091,"date":"2019-11-23T18:52:08","date_gmt":"2019-11-23T21:52:08","guid":{"rendered":"https:\/\/www.cordobatimes.com\/showup\/?p=70091"},"modified":"2019-11-23T18:52:08","modified_gmt":"2019-11-23T21:52:08","slug":"pampita-compartio-en-su-instagram-las-mejores-imagenes-de-su-boda-con-roberto-garcia-moritan","status":"publish","type":"post","link":"https:\/\/www.cordobatimes.com\/showup\/famosos\/2019\/11\/23\/pampita-compartio-en-su-instagram-las-mejores-imagenes-de-su-boda-con-roberto-garcia-moritan\/","title":{"rendered":"Pampita comparti\u00f3 en su instagram las mejores im\u00e1genes de su boda con Roberto Garc\u00eda Morit\u00e1n"},"content":{"rendered":"<h3><strong>La modelo public\u00f3 un video con un resumen de su rom\u00e1ntico\u00a0 casamiento.<\/strong><\/h3>\n<p>A menos de 24 horas de su casamiento so\u00f1ado con\u00a0Roberto Garc\u00eda Morit\u00e1n\u00a0(42),\u00a0Pampita\u00a0(41) public\u00f3 en\u00a0Instagram\u00a0un breve, pero muy emotivo, resumen de lo que fue su boda con el empresario.<\/p>\n<p>Usando el emoji de un coraz\u00f3n, la modelo dej\u00f3 espiar la conmovedora ceremonia, en la que sus hijos,\u00a0Bautista\u00a0(11),\u00a0Beltr\u00e1n\u00a0(7) y\u00a0Benicio Vicu\u00f1a\u00a0(5), tuvieron un gran protagonismo. Los ni\u00f1os no solo escoltaron a su mam\u00e1 hasta el altar, el m\u00e1s peque\u00f1o fue el encargado de llevarles las alianzas, tras dar el \u2018s\u00ed, quiero\u2019.<\/p>\n<p>En la misma sinton\u00eda familiar, los hijos de Roberto,\u00a0Santino\u00a0(14) y\u00a0Delfina\u00a0(13), tambi\u00e9n fueron activos participantes de la ceremonia. Delfina les cant\u00f3 una canci\u00f3n de David Bisbal.<\/p>\n<p>En el copilado de im\u00e1genes se ve el momento en el que Pampita est\u00e1 produci\u00e9ndose para salir hermosa y radiante a contraer matrimonio, el instante del vals, una parte de la divertida la fiesta y se escuchan las profundas promesas de amor que se dijeron en el altar.<\/p>\n<p>\u00abYo quiero un compa\u00f1ero en esta vida, quiero un compa\u00f1ero para contarle mis cosas, para so\u00f1ar juntos. Sue\u00f1o con volver a formar una familia, quiero a alguien que est\u00e9 en el d\u00eda a d\u00eda, minuto a minuto. Quiero cuidar a alguien, quiero darle todo mi amor y mi coraz\u00f3n a otra persona. Y me dije &#8216;me parece que ya es hora\u2019. Lo ped\u00ed con tantas ganas, con tanta fuerza, que no me cabe duda de que me escucharon&#8230;. No me imagin\u00e9 que iba a venir con estos dos soles, estos dos divinos, que los amo, igual que te amo a vos, que son familia tambi\u00e9n para m\u00ed. As\u00ed que (el cielo) no me mand\u00f3 un regalo, me mand\u00f3 tres, y tengo un coraz\u00f3n inmerso para darles todo el amor del mundo el resto de mi vida. Gracias al cielo por mandarme al mejor hombre\u00bb, le dijo Carolina a Roberto, jur\u00e1ndole amor eterno.<\/p>\n<blockquote class=\"instagram-media\" style=\"background: #FFF; border: 0; border-radius: 3px; box-shadow: 0 0 1px 0 rgba(0,0,0,0.5),0 1px 10px 0 rgba(0,0,0,0.15); margin: 1px; max-width: 540px; min-width: 326px; padding: 0; width: calc(100% - 2px);\" data-instgrm-captioned=\"\" data-instgrm-permalink=\"https:\/\/www.instagram.com\/p\/B5N37RIJHe9\/?utm_source=ig_embed&amp;utm_campaign=loading\" data-instgrm-version=\"12\">\n<div style=\"padding: 16px;\">\n<p>&nbsp;<\/p>\n<div style=\"display: flex; flex-direction: row; align-items: center;\">\n<div style=\"background-color: #f4f4f4; border-radius: 50%; flex-grow: 0; height: 40px; margin-right: 14px; width: 40px;\"><\/div>\n<div style=\"display: flex; flex-direction: column; flex-grow: 1; justify-content: center;\">\n<div style=\"background-color: #f4f4f4; border-radius: 4px; flex-grow: 0; height: 14px; margin-bottom: 6px; width: 100px;\"><\/div>\n<div style=\"background-color: #f4f4f4; border-radius: 4px; flex-grow: 0; height: 14px; width: 60px;\"><\/div>\n<\/div>\n<\/div>\n<div style=\"padding: 19% 0;\"><\/div>\n<div style=\"display: block; height: 50px; margin: 0 auto 12px; width: 50px;\"><\/div>\n<div style=\"padding-top: 8px;\">\n<div style=\"color: #3897f0; font-family: Arial,sans-serif; font-size: 14px; font-style: normal; font-weight: 550; line-height: 18px;\">Ver esta publicaci\u00f3n en Instagram<\/div>\n<\/div>\n<div style=\"padding: 12.5% 0;\"><\/div>\n<div style=\"display: flex; flex-direction: row; margin-bottom: 14px; align-items: center;\">\n<div>\n<div style=\"background-color: #f4f4f4; border-radius: 50%; height: 12.5px; width: 12.5px; transform: translateX(0px) translateY(7px);\"><\/div>\n<div style=\"background-color: #f4f4f4; height: 12.5px; transform: rotate(-45deg) translateX(3px) translateY(1px); width: 12.5px; flex-grow: 0; margin-right: 14px; margin-left: 2px;\"><\/div>\n<div style=\"background-color: #f4f4f4; border-radius: 50%; height: 12.5px; width: 12.5px; transform: translateX(9px) translateY(-18px);\"><\/div>\n<\/div>\n<div style=\"margin-left: 8px;\">\n<div style=\"background-color: #f4f4f4; border-radius: 50%; flex-grow: 0; height: 20px; width: 20px;\"><\/div>\n<div style=\"width: 0; height: 0; border-top: 2px solid transparent; border-left: 6px solid #f4f4f4; border-bottom: 2px solid transparent; transform: translateX(16px) translateY(-4px) rotate(30deg);\"><\/div>\n<\/div>\n<div style=\"margin-left: auto;\">\n<div style=\"width: 0px; border-top: 8px solid #F4F4F4; border-right: 8px solid transparent; transform: translateY(16px);\"><\/div>\n<div style=\"background-color: #f4f4f4; flex-grow: 0; height: 12px; width: 16px; transform: translateY(-4px);\"><\/div>\n<div style=\"width: 0; height: 0; border-top: 8px solid #F4F4F4; border-left: 8px solid transparent; transform: translateY(-4px) translateX(8px);\"><\/div>\n<\/div>\n<\/div>\n<p>&nbsp;<\/p>\n<p style=\"margin: 8px 0 0 0; padding: 0 4px;\"><a style=\"color: #000; font-family: Arial,sans-serif; font-size: 14px; font-style: normal; font-weight: normal; line-height: 17px; text-decoration: none; word-wrap: break-word;\" href=\"https:\/\/www.instagram.com\/p\/B5N37RIJHe9\/?utm_source=ig_embed&amp;utm_campaign=loading\" target=\"_blank\" rel=\"noopener noreferrer\">\u2764\ufe0f @robergmoritan<\/a><\/p>\n<p style=\"color: #c9c8cd; font-family: Arial,sans-serif; font-size: 14px; line-height: 17px; margin-bottom: 0; margin-top: 8px; overflow: hidden; padding: 8px 0 7px; text-align: center; text-overflow: ellipsis; white-space: nowrap;\">Una publicaci\u00f3n compartida de <a style=\"color: #c9c8cd; font-family: Arial,sans-serif; font-size: 14px; font-style: normal; font-weight: normal; line-height: 17px;\" href=\"https:\/\/www.instagram.com\/pampitaoficial\/?utm_source=ig_embed&amp;utm_campaign=loading\" target=\"_blank\" rel=\"noopener noreferrer\"> Pampita<\/a> (@pampitaoficial) el <time style=\"font-family: Arial,sans-serif; font-size: 14px; line-height: 17px;\" datetime=\"2019-11-23T17:45:46+00:00\">23 Nov, 2019 a las 9:45 PST<\/time><\/p>\n<\/div>\n<\/blockquote>\n<p><script async src=\"\/\/www.instagram.com\/embed.js\"><\/script><\/p>\n","protected":false},"excerpt":{"rendered":"<p>La modelo public\u00f3 un video con un resumen de su rom\u00e1ntico\u00a0 casamiento. A menos de 24 horas de su casamiento so\u00f1ado con\u00a0Roberto Garc\u00eda Morit\u00e1n\u00a0(42),\u00a0Pampita\u00a0(41) public\u00f3 en\u00a0Instagram\u00a0un breve, pero muy emotivo, resumen de lo que fue su boda con el empresario. Usando el emoji de un coraz\u00f3n, la modelo dej\u00f3 espiar la conmovedora ceremonia, en la [&hellip;]<\/p>\n","protected":false},"author":1,"featured_media":70092,"comment_status":"closed","ping_status":"closed","sticky":false,"template":"","format":"standard","meta":{"_seopress_robots_primary_cat":"","_seopress_titles_title":"","_seopress_titles_desc":"","_seopress_robots_index":"","footnotes":""},"categories":[4],"tags":[24647,25826,24637,24638],"class_list":{"0":"post-70091","1":"post","2":"type-post","3":"status-publish","4":"format-standard","5":"has-post-thumbnail","7":"category-famosos","8":"tag-casamiento-de-pampita","9":"tag-casamiento-de-pampita-con-roberto-garcia-moritan","10":"tag-el-casamiento-de-pampita","11":"tag-pampita-roberto-garcia-moritan"},"_links":{"self":[{"href":"https:\/\/www.cordobatimes.com\/showup\/wp-json\/wp\/v2\/posts\/70091","targetHints":{"allow":["GET"]}}],"collection":[{"href":"https:\/\/www.cordobatimes.com\/showup\/wp-json\/wp\/v2\/posts"}],"about":[{"href":"https:\/\/www.cordobatimes.com\/showup\/wp-json\/wp\/v2\/types\/post"}],"author":[{"embeddable":true,"href":"https:\/\/www.cordobatimes.com\/showup\/wp-json\/wp\/v2\/users\/1"}],"replies":[{"embeddable":true,"href":"https:\/\/www.cordobatimes.com\/showup\/wp-json\/wp\/v2\/comments?post=70091"}],"version-history":[{"count":0,"href":"https:\/\/www.cordobatimes.com\/showup\/wp-json\/wp\/v2\/posts\/70091\/revisions"}],"wp:featuredmedia":[{"embeddable":true,"href":"https:\/\/www.cordobatimes.com\/showup\/wp-json\/wp\/v2\/media\/70092"}],"wp:attachment":[{"href":"https:\/\/www.cordobatimes.com\/showup\/wp-json\/wp\/v2\/media?parent=70091"}],"wp:term":[{"taxonomy":"category","embeddable":true,"href":"https:\/\/www.cordobatimes.com\/showup\/wp-json\/wp\/v2\/categories?post=70091"},{"taxonomy":"post_tag","embeddable":true,"href":"https:\/\/www.cordobatimes.com\/showup\/wp-json\/wp\/v2\/tags?post=70091"}],"curies":[{"name":"wp","href":"https:\/\/api.w.org\/{rel}","templated":true}]}}