{"id":69988,"date":"2019-11-22T22:22:43","date_gmt":"2019-11-23T01:22:43","guid":{"rendered":"https:\/\/www.cordobatimes.com\/showup\/?p=69988"},"modified":"2022-02-05T18:26:06","modified_gmt":"2022-02-05T21:26:06","slug":"el-boceto-y-concepto-del-vestido-de-novia-de-pampita-creado-por-el-disenador-gabriel-lage","status":"publish","type":"post","link":"https:\/\/www.cordobatimes.com\/showup\/moda-y-estilos\/2019\/11\/22\/el-boceto-y-concepto-del-vestido-de-novia-de-pampita-creado-por-el-disenador-gabriel-lage\/","title":{"rendered":"El boceto y concepto del vestido de novia de Pampita creado por el dise\u00f1ador Gabriel Lage"},"content":{"rendered":"<h3>\u00a0<strong>Informaci\u00f3n y descripci\u00f3n del fabuloso vestido de bodas de Carolina \u00abPampita\u00bb Ardoha\u00edn.<\/strong><\/h3>\n<p>Desde el primer d\u00eda, cuando lleg\u00f3 al atelier, envuelta en su maravillosa sonrisa, para contarme que me hab\u00eda elegido como el dise\u00f1ador de su traje de boda, tom\u00e9 la determinaci\u00f3n, como muy pocas veces en mi carrera, de hacer exactamente el vestido que ella decidiera para el d\u00eda de su boda. Dos eran las ideas que Carolina ten\u00eda y no solo como dise\u00f1ador sino como amigo la conduje hacia una de ellas, porque entend\u00ed que ese dise\u00f1o era su aut\u00e9ntico deseo.<\/p>\n<p>Carolina eligi\u00f3 para un d\u00eda tan trascendente en su vida una l\u00ednea de vestido considerado uno de los hitos nupciales, con falda emblem\u00e1tica en la moda, que en sus variadas formas se han visto en las colecciones de los m\u00e1s reconocidos dise\u00f1adores de alta costura.<\/p>\n<p>Para entender el proceso de vigencia de este estilo de trajes de novia con<br \/>\nfaldas de tanta presencia y car\u00e1cter, vale mencionar que a partir del siglo XVIII los vol\u00famenes se lograban a trav\u00e9s de diferentes mecanismos como m\u00faltiples<br \/>\ncapas que se colocaban debajo de la pieza para lograr la forma deseada. Con<br \/>\nel tiempo, surgieron otras alternativas como armazones en metal o madera,<br \/>\ncrinolina, hasta la llegada del crin.<\/p>\n<p>Carolina luce un traje de novia de cuerpo estructurado con sugestivo pero delicado\u00a0escote V, en tono blanco almendra, con falda en cascada, rom\u00e1ntica y femenina.<\/p>\n<p>Para la construcci\u00f3n de la falda se utilizaron 30 metros de organza de seda<br \/>\nnatural satinada y capas de tules en desnivel, con aplicaci\u00f3n de 59 metros<br \/>\nlineales de s\u00f3calos de organza doble, pespunteados en hilo de plata, modelados enteros para que no tengan ning\u00fan corte, con excepci\u00f3n del s\u00f3calo final.<\/p>\n<p>El volumen interno se logr\u00f3 a trav\u00e9s de una t\u00e9cnica de termofusi\u00f3n, que aplico desde hace ya muchos a\u00f1os en mi atelier.<\/p>\n<p>Velo a juego con el vestido, en organza doble y s\u00f3calo.<\/p>\n<p><img alt=\"\" loading=\"lazy\" decoding=\"async\" class=\"alignnone wp-image-93029 size-full\" src=\"https:\/\/www.cordobatimes.com\/showup\/wp-content\/uploads\/2019\/11\/boceto-de-vestido-de-novia-de-pampita.jpg\" alt=\"\" width=\"672\" height=\"726\" srcset=\"https:\/\/www.cordobatimes.com\/showup\/wp-content\/uploads\/2019\/11\/boceto-de-vestido-de-novia-de-pampita.jpg 672w, https:\/\/www.cordobatimes.com\/showup\/wp-content\/uploads\/2019\/11\/boceto-de-vestido-de-novia-de-pampita-389x420.jpg 389w\" sizes=\"auto, (max-width: 672px) 100vw, 672px\" \/><\/p>\n","protected":false},"excerpt":{"rendered":"<p>\u00a0Informaci\u00f3n y descripci\u00f3n del fabuloso vestido de bodas de Carolina \u00abPampita\u00bb Ardoha\u00edn. Desde el primer d\u00eda, cuando lleg\u00f3 al atelier, envuelta en su maravillosa sonrisa, para contarme que me hab\u00eda elegido como el dise\u00f1ador de su traje de boda, tom\u00e9 la determinaci\u00f3n, como muy pocas veces en mi carrera, de hacer exactamente el vestido que [&hellip;]<\/p>\n","protected":false},"author":1,"featured_media":69989,"comment_status":"closed","ping_status":"closed","sticky":false,"template":"","format":"standard","meta":{"_seopress_robots_primary_cat":"","_seopress_titles_title":"","_seopress_titles_desc":"","_seopress_robots_index":"","footnotes":""},"categories":[228],"tags":[24647,25901,25903,25902],"class_list":{"0":"post-69988","1":"post","2":"type-post","3":"status-publish","4":"format-standard","5":"has-post-thumbnail","7":"category-moda-y-estilos","8":"tag-casamiento-de-pampita","9":"tag-diseno-del-vestido-de-novia-de-pampita","10":"tag-pampita-gabriel-lage","11":"tag-vestido-de-novia-de-pampita"},"_links":{"self":[{"href":"https:\/\/www.cordobatimes.com\/showup\/wp-json\/wp\/v2\/posts\/69988","targetHints":{"allow":["GET"]}}],"collection":[{"href":"https:\/\/www.cordobatimes.com\/showup\/wp-json\/wp\/v2\/posts"}],"about":[{"href":"https:\/\/www.cordobatimes.com\/showup\/wp-json\/wp\/v2\/types\/post"}],"author":[{"embeddable":true,"href":"https:\/\/www.cordobatimes.com\/showup\/wp-json\/wp\/v2\/users\/1"}],"replies":[{"embeddable":true,"href":"https:\/\/www.cordobatimes.com\/showup\/wp-json\/wp\/v2\/comments?post=69988"}],"version-history":[{"count":0,"href":"https:\/\/www.cordobatimes.com\/showup\/wp-json\/wp\/v2\/posts\/69988\/revisions"}],"wp:featuredmedia":[{"embeddable":true,"href":"https:\/\/www.cordobatimes.com\/showup\/wp-json\/wp\/v2\/media\/69989"}],"wp:attachment":[{"href":"https:\/\/www.cordobatimes.com\/showup\/wp-json\/wp\/v2\/media?parent=69988"}],"wp:term":[{"taxonomy":"category","embeddable":true,"href":"https:\/\/www.cordobatimes.com\/showup\/wp-json\/wp\/v2\/categories?post=69988"},{"taxonomy":"post_tag","embeddable":true,"href":"https:\/\/www.cordobatimes.com\/showup\/wp-json\/wp\/v2\/tags?post=69988"}],"curies":[{"name":"wp","href":"https:\/\/api.w.org\/{rel}","templated":true}]}}