{"id":69980,"date":"2019-11-22T21:13:41","date_gmt":"2019-11-23T00:13:41","guid":{"rendered":"https:\/\/www.cordobatimes.com\/showup\/?p=69980"},"modified":"2022-02-05T19:07:19","modified_gmt":"2022-02-05T22:07:19","slug":"pampita-se-caso-con-roberto-garcia-moritan-video","status":"publish","type":"post","link":"https:\/\/www.cordobatimes.com\/showup\/famosos\/2019\/11\/22\/pampita-se-caso-con-roberto-garcia-moritan-video\/","title":{"rendered":"Pampita se cas\u00f3 con Roberto Garc\u00eda Morit\u00e1n (Video)"},"content":{"rendered":"<h3><strong>La modelo se puso un imponente vestido blanco y entr\u00f3 con sus tres hijos.<\/strong><\/h3>\n<p>Lleg\u00f3 el d\u00eda.\u00a0Pampita se cas\u00f3 con Roberto Garc\u00eda Morit\u00e1n\u00a0en el Palacio Sans Souci, en Victoria. Aunque ella quer\u00eda que todo quedara en la intimidad, uno de sus invitados rompi\u00f3 las reglas y filtr\u00f3 el video del momento en el que camina hacia al altar.<\/p>\n<p>En la grabaci\u00f3n que comparti\u00f3 la cuenta de Instagram \u00abChusmeteando1&#8243;, se ve a Carolina Ardohain agarrada de la mano de los tres varones que tuvo con Benjam\u00edn Vicu\u00f1a. Est\u00e1 emocionada y a la vez muy alegre por ese paso que dio en su vida.<\/p>\n<p>Para m\u00ed lo m\u00e1s importante es la familia\u00bb, reconoci\u00f3 este jueves en su programa de\u00a0NET.\u00a0Sus seres m\u00e1s queridos est\u00e1n acompa\u00f1ando a la pareja en esta tarde-noche tan especial. Hasta dijo presente Milagros Brito, la ex del empresario gastron\u00f3mico.<\/p>\n<p>&nbsp;<\/p>\n<p>Roberto Garc\u00eda Morit\u00e1n y Carolina Ardohain\u00a0se conocen desde hace tres meses. Sin embargo, el tiempo no influy\u00f3 en la decisi\u00f3n de pasar por el Registro Civil. \u00c9l le propuso matrimonio en un viaje que hicieron a Punta Cana y ella explot\u00f3 de felicidad.<\/p>\n<p><img alt=\"\" loading=\"lazy\" decoding=\"async\" class=\"alignnone size-full wp-image-69984\" src=\"https:\/\/www.cordobatimes.com\/showup\/wp-content\/uploads\/2019\/11\/1414.jpg\" alt=\"\" width=\"569\" height=\"562\" srcset=\"https:\/\/www.cordobatimes.com\/showup\/wp-content\/uploads\/2019\/11\/1414.jpg 569w, https:\/\/www.cordobatimes.com\/showup\/wp-content\/uploads\/2019\/11\/1414-425x420.jpg 425w\" sizes=\"auto, (max-width: 569px) 100vw, 569px\" \/><\/p>\n<p>Despu\u00e9s de pasar su noche de bodas en la habitaci\u00f3n presidencial del Four Seasons -donde durmieron Madonna, Mick Jagger y hasta Bono de U2- los reci\u00e9n casados esperar\u00e1n hasta el martes para irse de luna de miel a Par\u00eds, donde solo estar\u00e1n cuatro d\u00edas.<\/p>\n<p><iframe loading=\"lazy\" width=\"560\" height=\"315\" src=\"https:\/\/www.youtube.com\/embed\/Jymre8AnfSc\" title=\"YouTube video player\" frameborder=\"0\" allow=\"accelerometer; autoplay; clipboard-write; encrypted-media; gyroscope; picture-in-picture\" allowfullscreen><\/iframe><\/p>\n","protected":false},"excerpt":{"rendered":"<p>La modelo se puso un imponente vestido blanco y entr\u00f3 con sus tres hijos. Lleg\u00f3 el d\u00eda.\u00a0Pampita se cas\u00f3 con Roberto Garc\u00eda Morit\u00e1n\u00a0en el Palacio Sans Souci, en Victoria. Aunque ella quer\u00eda que todo quedara en la intimidad, uno de sus invitados rompi\u00f3 las reglas y filtr\u00f3 el video del momento en el que camina [&hellip;]<\/p>\n","protected":false},"author":1,"featured_media":69982,"comment_status":"closed","ping_status":"closed","sticky":false,"template":"","format":"standard","meta":{"_seopress_robots_primary_cat":"","_seopress_titles_title":"","_seopress_titles_desc":"","_seopress_robots_index":"","footnotes":""},"categories":[4],"tags":[24647,25899,25900],"class_list":{"0":"post-69980","1":"post","2":"type-post","3":"status-publish","4":"format-standard","5":"has-post-thumbnail","7":"category-famosos","8":"tag-casamiento-de-pampita","9":"tag-pampita-se-caso-con-roberto-garcia-moritan","10":"tag-pampita-y-roberto-garcia-moritan"},"_links":{"self":[{"href":"https:\/\/www.cordobatimes.com\/showup\/wp-json\/wp\/v2\/posts\/69980","targetHints":{"allow":["GET"]}}],"collection":[{"href":"https:\/\/www.cordobatimes.com\/showup\/wp-json\/wp\/v2\/posts"}],"about":[{"href":"https:\/\/www.cordobatimes.com\/showup\/wp-json\/wp\/v2\/types\/post"}],"author":[{"embeddable":true,"href":"https:\/\/www.cordobatimes.com\/showup\/wp-json\/wp\/v2\/users\/1"}],"replies":[{"embeddable":true,"href":"https:\/\/www.cordobatimes.com\/showup\/wp-json\/wp\/v2\/comments?post=69980"}],"version-history":[{"count":0,"href":"https:\/\/www.cordobatimes.com\/showup\/wp-json\/wp\/v2\/posts\/69980\/revisions"}],"wp:featuredmedia":[{"embeddable":true,"href":"https:\/\/www.cordobatimes.com\/showup\/wp-json\/wp\/v2\/media\/69982"}],"wp:attachment":[{"href":"https:\/\/www.cordobatimes.com\/showup\/wp-json\/wp\/v2\/media?parent=69980"}],"wp:term":[{"taxonomy":"category","embeddable":true,"href":"https:\/\/www.cordobatimes.com\/showup\/wp-json\/wp\/v2\/categories?post=69980"},{"taxonomy":"post_tag","embeddable":true,"href":"https:\/\/www.cordobatimes.com\/showup\/wp-json\/wp\/v2\/tags?post=69980"}],"curies":[{"name":"wp","href":"https:\/\/api.w.org\/{rel}","templated":true}]}}