{"id":69972,"date":"2019-11-22T20:00:21","date_gmt":"2019-11-22T23:00:21","guid":{"rendered":"https:\/\/www.cordobatimes.com\/showup\/?p=69972"},"modified":"2019-11-22T20:33:51","modified_gmt":"2019-11-22T23:33:51","slug":"los-hijos-de-pampita-llegaron-al-casamiento-y-se-quedaron-con-todas-las-miradas-foto","status":"publish","type":"post","link":"https:\/\/www.cordobatimes.com\/showup\/famosos\/2019\/11\/22\/los-hijos-de-pampita-llegaron-al-casamiento-y-se-quedaron-con-todas-las-miradas-foto\/","title":{"rendered":"Los hijos de Pampita llegaron al casamiento y se quedaron con todas las miradas (Foto)"},"content":{"rendered":"<h3><strong>Bautista, Beltr\u00e1n y Benicio arribaron al Palacio Sans Souci pasadas las 18:30 y posaron para los fot\u00f3grafos.<\/strong><\/h3>\n<p>Laboda entre Carolina Pampita Ardohain y Roberto Garc\u00eda Morit\u00e1n promete ser uno de los eventos del a\u00f1o y ya est\u00e1 en marcha. Pasadas las 18:30, Bautista (11 a\u00f1os), Beltr\u00e1n (7) y Benicio (5), los hijos de la modelo y Benjam\u00edn Vicu\u00f1a, llegaron al Palacio Sans Souci y se robaron todas las miradas y los flashes.<\/p>\n<p>Los tres nenes estaban vestidos con el mismo smoking y las mismas zapatillas. Al momento de posar, lo hicieron con el dise\u00f1ador\u00a0Daniel Casalnovo.<\/p>\n<p><img alt=\"\" loading=\"lazy\" decoding=\"async\" class=\"alignnone size-full wp-image-69975\" src=\"https:\/\/www.cordobatimes.com\/showup\/wp-content\/uploads\/2019\/11\/Nombre-6.jpg\" alt=\"\" width=\"628\" height=\"350\" \/><\/p>\n<p><img alt=\"\" loading=\"lazy\" decoding=\"async\" class=\"alignnone size-full wp-image-69978\" src=\"https:\/\/www.cordobatimes.com\/showup\/wp-content\/uploads\/2019\/11\/454.jpg\" alt=\"\" width=\"386\" height=\"548\" srcset=\"https:\/\/www.cordobatimes.com\/showup\/wp-content\/uploads\/2019\/11\/454.jpg 386w, https:\/\/www.cordobatimes.com\/showup\/wp-content\/uploads\/2019\/11\/454-296x420.jpg 296w\" sizes=\"auto, (max-width: 386px) 100vw, 386px\" \/><\/p>\n<h3><strong>Curiosidades<\/strong><\/h3>\n<p>A horas de realizarse la gran boda del a\u00f1o, la de Carolina Pampita Ardohain y Roberto Garc\u00eda Morit\u00e1n, se siguen conociendo detalles de lo que veremos a lo largo de la noche en la ceremonia en el Palacio Sans Souci.<\/p>\n<p>Aunque muchos de los detalles est\u00e1n en la mira, y dio qu\u00e9 hablar la divisi\u00f3n de la celebraci\u00f3n en los dos momentos, que incluye primero una cena con los m\u00e1s \u00edntimos, y luego de las 12 la llegada del resto de los invitados, no quedan dudas que los ojos est\u00e1n puestos en la novia.<\/p>\n<p>Por lo que trascendi\u00f3 y se pudo conocer, Pampita lleg\u00f3 pasado el mediod\u00eda a San Fernando, donde se encuentra ubicado el Palacio Sans Souci, para comenzar con los primeros preparativos de su look. El dise\u00f1ador argentino Gabriel Lage, fue el elegido para realizar el vestido de novia de la modelo.<\/p>\n<p>Si bien no se conocieron m\u00e1s detalles del vestido, s\u00ed trascendi\u00f3 cu\u00e1l ser\u00e1 el accesorio que lucir\u00e1 Pampita junto a su look. La jurado del Bailando opt\u00f3 por utilizar una tiara elaborada en plata, de hojas y flores. Y luego tambi\u00e9n se pueden observar unos aros con cristales.<\/p>\n<p>Carolina Pampita Ardohain no ser\u00e1 la \u00fanica en utilizar tiara, ya que tambi\u00e9n trascendi\u00f3 que las dama de honor que eligi\u00f3 la modelo (grupo de sus mejores amigas) tambi\u00e9n llevar\u00e1n un dise\u00f1o distinto para diferenciarlas adem\u00e1s del resto de los invitados.<\/p>\n<p>\u00abLas amigas vamos a vestirnos todas de negro, seremos 30 damas de honor y habr\u00e1 6 testigos. Pampita se asegur\u00f3 que a pesar de estar de negro, todas tengamos algo diferente, as\u00ed que hay un tocado distinto para cada una\u00bb, comparti\u00f3 en la mesa de La Noche de Mirtha la \u00edntima amiga de Pampita, Puli Demaria.<\/p>\n","protected":false},"excerpt":{"rendered":"<p>Bautista, Beltr\u00e1n y Benicio arribaron al Palacio Sans Souci pasadas las 18:30 y posaron para los fot\u00f3grafos. Laboda entre Carolina Pampita Ardohain y Roberto Garc\u00eda Morit\u00e1n promete ser uno de los eventos del a\u00f1o y ya est\u00e1 en marcha. Pasadas las 18:30, Bautista (11 a\u00f1os), Beltr\u00e1n (7) y Benicio (5), los hijos de la modelo [&hellip;]<\/p>\n","protected":false},"author":1,"featured_media":69974,"comment_status":"closed","ping_status":"closed","sticky":false,"template":"","format":"standard","meta":{"_seopress_robots_primary_cat":"","_seopress_titles_title":"","_seopress_titles_desc":"","_seopress_robots_index":"","footnotes":""},"categories":[4],"tags":[4292,25898,25896,24647,25895,25897],"class_list":{"0":"post-69972","1":"post","2":"type-post","3":"status-publish","4":"format-standard","5":"has-post-thumbnail","7":"category-famosos","8":"tag-bautista","9":"tag-beltran-y-benicio-vicuna","10":"tag-boda-entre-carolina-pampita-ardohain-y-roberto-garcia-moritan","11":"tag-casamiento-de-pampita","12":"tag-hijos-de-pampita","13":"tag-pampita-ardohain-y-roberto-garcia-moritan"},"_links":{"self":[{"href":"https:\/\/www.cordobatimes.com\/showup\/wp-json\/wp\/v2\/posts\/69972","targetHints":{"allow":["GET"]}}],"collection":[{"href":"https:\/\/www.cordobatimes.com\/showup\/wp-json\/wp\/v2\/posts"}],"about":[{"href":"https:\/\/www.cordobatimes.com\/showup\/wp-json\/wp\/v2\/types\/post"}],"author":[{"embeddable":true,"href":"https:\/\/www.cordobatimes.com\/showup\/wp-json\/wp\/v2\/users\/1"}],"replies":[{"embeddable":true,"href":"https:\/\/www.cordobatimes.com\/showup\/wp-json\/wp\/v2\/comments?post=69972"}],"version-history":[{"count":0,"href":"https:\/\/www.cordobatimes.com\/showup\/wp-json\/wp\/v2\/posts\/69972\/revisions"}],"wp:featuredmedia":[{"embeddable":true,"href":"https:\/\/www.cordobatimes.com\/showup\/wp-json\/wp\/v2\/media\/69974"}],"wp:attachment":[{"href":"https:\/\/www.cordobatimes.com\/showup\/wp-json\/wp\/v2\/media?parent=69972"}],"wp:term":[{"taxonomy":"category","embeddable":true,"href":"https:\/\/www.cordobatimes.com\/showup\/wp-json\/wp\/v2\/categories?post=69972"},{"taxonomy":"post_tag","embeddable":true,"href":"https:\/\/www.cordobatimes.com\/showup\/wp-json\/wp\/v2\/tags?post=69972"}],"curies":[{"name":"wp","href":"https:\/\/api.w.org\/{rel}","templated":true}]}}