{"id":69844,"date":"2019-11-21T11:15:52","date_gmt":"2019-11-21T14:15:52","guid":{"rendered":"https:\/\/www.cordobatimes.com\/showup\/?p=69844"},"modified":"2019-11-21T11:15:52","modified_gmt":"2019-11-21T14:15:52","slug":"joker-ya-estan-en-marcha-las-negociaciones-de-la-secuela","status":"publish","type":"post","link":"https:\/\/www.cordobatimes.com\/showup\/cine-y-series\/2019\/11\/21\/joker-ya-estan-en-marcha-las-negociaciones-de-la-secuela\/","title":{"rendered":"\u00abJoker\u00bb: ya est\u00e1n en marcha las negociaciones de la secuela"},"content":{"rendered":"<h3><strong>El director planea una continuaci\u00f3n tambi\u00e9n con Joaquin Phoenix, pero adem\u00e1s est\u00e1 con ganas de contar el\u00a0origen de otros personajes del universo DC.\u00a0<\/strong><\/h3>\n<p>Las sorpresas que dio Joker en taquilla la convirtieron en un fen\u00f3meno sin precedentes. Y esos son motivos suficientes para que su director, Todd Phillips, golpeara la puerta de la oficina de la Warner para avisar que ten\u00eda en vista una secuela. As\u00ed lo anticip\u00f3 The Hollywood Reporter, que adem\u00e1s adelant\u00f3 que el director tiene en mente desarrollar una serie de diferentes historias sobre el origen de otros personajes de DC.<\/p>\n<p>Tanto Phillips como\u00a0Joaquin Phoenix\u00a0son n\u00fameros puestos ara una nominaci\u00f3n al Oscar para en 2020, pero eso no parece ser la prioridad, ya que Phillips est\u00e1 negociando volver a dirigir la secuela y adem\u00e1s escribir la historia junto a Scott Silver, dupla que sent\u00f3 las bases para la reciente pel\u00edcula del enemigo de Batman.<\/p>\n<p>Arthur Fleck, seg\u00fan se especula, volver\u00eda a la pantalla aunque ya canonizado como un famoso villano payasesco.<\/p>\n<p>Algo hab\u00eda adelantado el propio Joaquin Phoenix, que reconoci\u00f3 que durante el rodaje le pidi\u00f3 al director: \u00abTodd, \u00bfpod\u00e9s empezar a escribir la secuela? Me queda mucho por explorar\u00bb. Si bien fue supuestamente una broma, ahora la expresi\u00f3n de deseo parece cristalizar.<\/p>\n<p>Sobre los villanos que supuestamente estar\u00edan en danza para pasar a contar sus inicios, figuran Darkseid (una especie de dios del mal) y Lex Luthor, el enemigo n\u00famero uno de Superman.<\/p>\n","protected":false},"excerpt":{"rendered":"<p>El director planea una continuaci\u00f3n tambi\u00e9n con Joaquin Phoenix, pero adem\u00e1s est\u00e1 con ganas de contar el\u00a0origen de otros personajes del universo DC.\u00a0 Las sorpresas que dio Joker en taquilla la convirtieron en un fen\u00f3meno sin precedentes. Y esos son motivos suficientes para que su director, Todd Phillips, golpeara la puerta de la oficina de [&hellip;]<\/p>\n","protected":false},"author":1,"featured_media":69845,"comment_status":"closed","ping_status":"closed","sticky":false,"template":"","format":"standard","meta":{"_seopress_robots_primary_cat":"","_seopress_titles_title":"","_seopress_titles_desc":"","_seopress_robots_index":"","footnotes":""},"categories":[3],"tags":[25829,25828],"class_list":{"0":"post-69844","1":"post","2":"type-post","3":"status-publish","4":"format-standard","5":"has-post-thumbnail","7":"category-cine-y-series","8":"tag-joker-joaquin-phoenix","9":"tag-joker-secuela"},"_links":{"self":[{"href":"https:\/\/www.cordobatimes.com\/showup\/wp-json\/wp\/v2\/posts\/69844","targetHints":{"allow":["GET"]}}],"collection":[{"href":"https:\/\/www.cordobatimes.com\/showup\/wp-json\/wp\/v2\/posts"}],"about":[{"href":"https:\/\/www.cordobatimes.com\/showup\/wp-json\/wp\/v2\/types\/post"}],"author":[{"embeddable":true,"href":"https:\/\/www.cordobatimes.com\/showup\/wp-json\/wp\/v2\/users\/1"}],"replies":[{"embeddable":true,"href":"https:\/\/www.cordobatimes.com\/showup\/wp-json\/wp\/v2\/comments?post=69844"}],"version-history":[{"count":0,"href":"https:\/\/www.cordobatimes.com\/showup\/wp-json\/wp\/v2\/posts\/69844\/revisions"}],"wp:featuredmedia":[{"embeddable":true,"href":"https:\/\/www.cordobatimes.com\/showup\/wp-json\/wp\/v2\/media\/69845"}],"wp:attachment":[{"href":"https:\/\/www.cordobatimes.com\/showup\/wp-json\/wp\/v2\/media?parent=69844"}],"wp:term":[{"taxonomy":"category","embeddable":true,"href":"https:\/\/www.cordobatimes.com\/showup\/wp-json\/wp\/v2\/categories?post=69844"},{"taxonomy":"post_tag","embeddable":true,"href":"https:\/\/www.cordobatimes.com\/showup\/wp-json\/wp\/v2\/tags?post=69844"}],"curies":[{"name":"wp","href":"https:\/\/api.w.org\/{rel}","templated":true}]}}