{"id":69691,"date":"2019-11-19T12:42:39","date_gmt":"2019-11-19T15:42:39","guid":{"rendered":"https:\/\/www.cordobatimes.com\/showup\/?p=69691"},"modified":"2022-10-31T22:14:04","modified_gmt":"2022-11-01T01:14:04","slug":"tinelli-anuncio-que-lali-esposito-vuelve-al-jurado-del-bailando","status":"publish","type":"post","link":"https:\/\/www.cordobatimes.com\/showup\/tv\/2019\/11\/19\/tinelli-anuncio-que-lali-esposito-vuelve-al-jurado-del-bailando\/","title":{"rendered":"Tinelli anunci\u00f3 que Lali Esp\u00f3sito vuelve al jurado del \u201cBailando\u201d"},"content":{"rendered":"<h3><strong>La cantante, que ya hab\u00eda estado en el programa en 2016, reemplazar\u00e1 por unos d\u00edas a Pampita.<\/strong><\/h3>\n<p>Antes de empezar a leer el voto secreto que Carolina Pampita Ardohain le puso a las doce parejas que a\u00fan compiten en el Bailando 2019, Marcelo Tinelli se tom\u00f3 un instante para dialogar con la modelo, quien el pr\u00f3ximo viernes se casar\u00e1 con economista Roberto Garc\u00eda Morit\u00e1n y, por lo tanto, ya anunci\u00f3 que se ausentar\u00e1 durante unos d\u00edas del programa.<\/p>\n<p>\u201cLa se\u00f1ora Pampita va a estar la semana que viene, lunes y martes, y ya despu\u00e9s se casa. Va a ser reemplazada los d\u00edas jueves y viernes por la se\u00f1ora Lali Esp\u00f3sito\u201d, comenz\u00f3 diciendo el conductor de ShowMatch, por El Trece, terminando con las especulaciones sobre qui\u00e9n podr\u00eda ocupar la silla de la modelo. La cantante ya hab\u00eda sido convocada para ocupar ese lugar en 2016, durante una de las vacaciones de la jurado, y su participaci\u00f3n hab\u00eda sido muy elogiada.<\/p>\n<p>Tras oficializar la convocatoria de la cantante, el conductor continu\u00f3: \u201cAs\u00ed que Lali va a estar reemplazando a Pampita jueves y viernes, que estar\u00e1 con su marido descansando en alg\u00fan lugar del mundo. No digamos d\u00f3nde para que no los sigan&#8230;\u201d. Pero, enseguida, Marcelo de dirigi\u00f3 a \u00c1ngel de Brito y le pregunt\u00f3: \u201c\u00bfUsted sabe d\u00f3nde van?\u201d. Sin dudarlo, el conductor de Los \u00c1ngeles de la Ma\u00f1ana respondi\u00f3 que \u201ca un lugar de Europa\u201d.<\/p>\n<p>No conforme con la respuesta, Tinelli consult\u00f3 tambi\u00e9n a Marcelo Polino, quien dijo que se trataba de un lugar \u201cdivino\u201d. Hasta que, finalmente, luego de que el conductor asegurara que Europa era demasiado \u201cgrande\u201d como para adivinar, fue la mism\u00edsima Pampita la que que confirm\u00f3 que su luna de miel ser\u00e1 en Par\u00eds.<\/p>\n<p><iframe loading=\"lazy\" src=\"https:\/\/www.youtube.com\/embed\/lZF7sb3msLI\" width=\"560\" height=\"315\" frameborder=\"0\" allowfullscreen=\"allowfullscreen\"><\/iframe><\/p>\n","protected":false},"excerpt":{"rendered":"<p>La cantante, que ya hab\u00eda estado en el programa en 2016, reemplazar\u00e1 por unos d\u00edas a Pampita. Antes de empezar a leer el voto secreto que Carolina Pampita Ardohain le puso a las doce parejas que a\u00fan compiten en el Bailando 2019, Marcelo Tinelli se tom\u00f3 un instante para dialogar con la modelo, quien el [&hellip;]<\/p>\n","protected":false},"author":1,"featured_media":69692,"comment_status":"closed","ping_status":"closed","sticky":false,"template":"","format":"standard","meta":{"_seopress_robots_primary_cat":"","_seopress_titles_title":"","_seopress_titles_desc":"","_seopress_robots_index":"","footnotes":""},"categories":[477,2],"tags":[25767,25766],"class_list":{"0":"post-69691","1":"post","2":"type-post","3":"status-publish","4":"format-standard","5":"has-post-thumbnail","7":"category-showmatch","8":"category-tv","9":"tag-lali-esposito-vuelve-al-jurado-del-bailando","10":"tag-marcelo-tinelli-lali-esposito"},"_links":{"self":[{"href":"https:\/\/www.cordobatimes.com\/showup\/wp-json\/wp\/v2\/posts\/69691","targetHints":{"allow":["GET"]}}],"collection":[{"href":"https:\/\/www.cordobatimes.com\/showup\/wp-json\/wp\/v2\/posts"}],"about":[{"href":"https:\/\/www.cordobatimes.com\/showup\/wp-json\/wp\/v2\/types\/post"}],"author":[{"embeddable":true,"href":"https:\/\/www.cordobatimes.com\/showup\/wp-json\/wp\/v2\/users\/1"}],"replies":[{"embeddable":true,"href":"https:\/\/www.cordobatimes.com\/showup\/wp-json\/wp\/v2\/comments?post=69691"}],"version-history":[{"count":0,"href":"https:\/\/www.cordobatimes.com\/showup\/wp-json\/wp\/v2\/posts\/69691\/revisions"}],"wp:featuredmedia":[{"embeddable":true,"href":"https:\/\/www.cordobatimes.com\/showup\/wp-json\/wp\/v2\/media\/69692"}],"wp:attachment":[{"href":"https:\/\/www.cordobatimes.com\/showup\/wp-json\/wp\/v2\/media?parent=69691"}],"wp:term":[{"taxonomy":"category","embeddable":true,"href":"https:\/\/www.cordobatimes.com\/showup\/wp-json\/wp\/v2\/categories?post=69691"},{"taxonomy":"post_tag","embeddable":true,"href":"https:\/\/www.cordobatimes.com\/showup\/wp-json\/wp\/v2\/tags?post=69691"}],"curies":[{"name":"wp","href":"https:\/\/api.w.org\/{rel}","templated":true}]}}