{"id":69685,"date":"2019-11-19T11:41:51","date_gmt":"2019-11-19T14:41:51","guid":{"rendered":"https:\/\/www.cordobatimes.com\/showup\/?p=69685"},"modified":"2019-11-19T11:41:51","modified_gmt":"2019-11-19T14:41:51","slug":"la-casa-de-papel-netflix-planea-un-spin-off","status":"publish","type":"post","link":"https:\/\/www.cordobatimes.com\/showup\/cine-y-series\/2019\/11\/19\/la-casa-de-papel-netflix-planea-un-spin-off\/","title":{"rendered":"\u00abLa Casa de Papel\u00bb: Netflix planea un spin-off"},"content":{"rendered":"<h3><strong>La noticia se conoci\u00f3 a poco de confirmarse la quinta temporada de la ficci\u00f3n espa\u00f1ola.<\/strong><\/h3>\n<p>Netflix planea ampliar el universo de La Casa de Papel con un spin-off. As\u00ed lo ha revelado Jes\u00fas Colmenar, productor ejecutivo y director de varios cap\u00edtulos de la serie que adelanta que adem\u00e1s de la ya confirmada cuarta temporada de la ficci\u00f3n, el servicio de streaming trabaja en una quinta temporada y tambi\u00e9n en otra serie que estar\u00eda protagonizada por alguno de los personajes principales.<\/p>\n<p>\u00abEsa informaci\u00f3n nos costar\u00eda la vida\u00bb, afirm\u00f3 con iron\u00eda en respuesta a las decenas de voces de los fans que reclamaban que Berl\u00edn, el carism\u00e1tico personaje de Pedro Alonso, que estaba presente en la sala, fuera el protagonista de este spin-off. Una posibilidad que Colmenar revel\u00f3 durante un encuentro con el p\u00fablico que tuvo lugar en el marco del XXVIII Festival Internacional de Cine de Almer\u00eda (Fical) 2019.<\/p>\n<p>El cineasta afirm\u00f3 que la cuarta temporada, cuyo estreno est\u00e1 previsto para 2020, as\u00ed como la quinta de La Casa de Papel, la serie de habla no inglesa m\u00e1s vista de la historia de Neflix, van a \u00abser m\u00e1s duras para el espectador\u00bb que las anteriores, cuando un asistente le ha demandado \u00abalgo m\u00e1s de estilo Breaking Bad\u00bb, a lo que el actor Pedro Alonso le ha dado r\u00e9plica remarcado los nuevos cap\u00edtulos \u00abvan a hacer que vibre el alma\u00bb.<\/p>\n<p>\u00abQue hay quinta temporada s\u00ed se puede decir\u00bb, dijo entre risas Alonso. Adem\u00e1s, el actor que encarna a Berl\u00edn asegur\u00f3 que todos los personajes de un reparto que es coral \u00abtienen un buen spin-off\u00bb, pues \u00abhan cogido tanta fuerza todos que casi se podr\u00eda hacer uno de cada uno\u00bb.<\/p>\n<p>En este sentido reconoci\u00f3 que le dio \u00abv\u00e9rtigo\u00bb volver a la serie para \u00abreinventar que no resucitar\u00bb a un personaje tan ic\u00f3nico como Berl\u00edn y \u00abmantenerlo vivo pese a que muchas de sus claves como personaje desaparec\u00edan\u00bb.<\/p>\n<p>\u00abTodos hemos sabido la responsabilidad de lo que ten\u00edamos entre manos y hemos conseguido seguir con los pies en la tierra y no dejarse arrastrar, lo que es muy bueno en t\u00e9rminos de crecimiento personal\u00bb, ha afirmado.<\/p>\n<p>Colmenar y Alonso, han mantenido mano a mano un coloquio con los fans de la serie en el que han revelado multitud de an\u00e9cdotas del rodaje, han dado respuesta a preguntas sobre curiosidades del elenco de actores y tambi\u00e9n han reflexionado sobre los retos que les ha planteado la propia evoluci\u00f3n de la historia y los personajes o el impacto personal de un \u00e9xito que, seg\u00fan ambos, no imaginaban que iba a suceder y que \u00abfue un estallido espont\u00e1neo\u00bb.<\/p>\n","protected":false},"excerpt":{"rendered":"<p>La noticia se conoci\u00f3 a poco de confirmarse la quinta temporada de la ficci\u00f3n espa\u00f1ola. Netflix planea ampliar el universo de La Casa de Papel con un spin-off. As\u00ed lo ha revelado Jes\u00fas Colmenar, productor ejecutivo y director de varios cap\u00edtulos de la serie que adelanta que adem\u00e1s de la ya confirmada cuarta temporada de [&hellip;]<\/p>\n","protected":false},"author":1,"featured_media":69686,"comment_status":"closed","ping_status":"closed","sticky":false,"template":"","format":"standard","meta":{"_seopress_robots_primary_cat":"","_seopress_titles_title":"","_seopress_titles_desc":"","_seopress_robots_index":"","footnotes":""},"categories":[3],"tags":[25763,25762,25761],"class_list":{"0":"post-69685","1":"post","2":"type-post","3":"status-publish","4":"format-standard","5":"has-post-thumbnail","7":"category-cine-y-series","8":"tag-berlin-pedro-alonso","9":"tag-la-casa-de-papel-berlin","10":"tag-spin-off-la-casa-de-papel"},"_links":{"self":[{"href":"https:\/\/www.cordobatimes.com\/showup\/wp-json\/wp\/v2\/posts\/69685","targetHints":{"allow":["GET"]}}],"collection":[{"href":"https:\/\/www.cordobatimes.com\/showup\/wp-json\/wp\/v2\/posts"}],"about":[{"href":"https:\/\/www.cordobatimes.com\/showup\/wp-json\/wp\/v2\/types\/post"}],"author":[{"embeddable":true,"href":"https:\/\/www.cordobatimes.com\/showup\/wp-json\/wp\/v2\/users\/1"}],"replies":[{"embeddable":true,"href":"https:\/\/www.cordobatimes.com\/showup\/wp-json\/wp\/v2\/comments?post=69685"}],"version-history":[{"count":0,"href":"https:\/\/www.cordobatimes.com\/showup\/wp-json\/wp\/v2\/posts\/69685\/revisions"}],"wp:featuredmedia":[{"embeddable":true,"href":"https:\/\/www.cordobatimes.com\/showup\/wp-json\/wp\/v2\/media\/69686"}],"wp:attachment":[{"href":"https:\/\/www.cordobatimes.com\/showup\/wp-json\/wp\/v2\/media?parent=69685"}],"wp:term":[{"taxonomy":"category","embeddable":true,"href":"https:\/\/www.cordobatimes.com\/showup\/wp-json\/wp\/v2\/categories?post=69685"},{"taxonomy":"post_tag","embeddable":true,"href":"https:\/\/www.cordobatimes.com\/showup\/wp-json\/wp\/v2\/tags?post=69685"}],"curies":[{"name":"wp","href":"https:\/\/api.w.org\/{rel}","templated":true}]}}