{"id":69635,"date":"2019-11-18T11:55:11","date_gmt":"2019-11-18T14:55:11","guid":{"rendered":"https:\/\/www.cordobatimes.com\/showup\/?p=69635"},"modified":"2019-11-18T11:55:11","modified_gmt":"2019-11-18T14:55:11","slug":"cantalo-la-nueva-cancion-de-ricky-martin-residente-y-bad-bunny","status":"publish","type":"post","link":"https:\/\/www.cordobatimes.com\/showup\/musica\/2019\/11\/18\/cantalo-la-nueva-cancion-de-ricky-martin-residente-y-bad-bunny\/","title":{"rendered":"\u201cC\u00e1ntalo\u201d: La nueva canci\u00f3n de Ricky Martin, Residente y Bad Bunny"},"content":{"rendered":"<h3><strong>Los tres artistas se unieron para crear \u201cC\u00e1ntalo\u201d que presentaron oficialmente en los Grammy Latinos.<\/strong><\/h3>\n<p>Siente lo que siento yo \/ Derritiendo el fr\u00edo porque vengo con mi gente\u201d, \u201cyo lo que quiero es que mi gente cante\u201d, \u201cel dinero aunque sea abundante no vale, aqu\u00ed somos todos importantes\u201d, son algunas de las frases que los tres cantantes aportan a \u201cC\u00e1ntalo\u201d, el nuevo tema de Ricky Martin, Residente y Bad Bunny.<\/p>\n<p>Los tres artistas se unieron para crear un tema en el que cada uno aport\u00f3, dentro de su propio estilo, para crear un nuevo \u00e9xito bien bailable y latinoamericano. Sin video, en Youtube ya casi llega a los dos millones de reproducciones.<\/p>\n<p>La presentaci\u00f3n oficial fue en la ceremonia de los\u00a0Grammy Latinos, donde los tres compartieron escenario para cantar el nuevo tema.<\/p>\n<p><iframe loading=\"lazy\" width=\"560\" height=\"315\" src=\"https:\/\/www.youtube.com\/embed\/bf5q6UclQus\" frameborder=\"0\" allow=\"accelerometer; autoplay; encrypted-media; gyroscope; picture-in-picture\" allowfullscreen><\/iframe><\/p>\n<p>Ricky Martin hab\u00eda generado mucha expectativa por el mismo en las redes, anticipando su presentaci\u00f3n y compartiendo muchas fotograf\u00edas del backstage de la producci\u00f3n del mismo. <\/p>\n<blockquote class=\"twitter-tweet\" data-lang=\"es\">\n<p lang=\"und\" dir=\"ltr\"><a href=\"https:\/\/twitter.com\/hashtag\/procesocreativo?src=hash&amp;ref_src=twsrc%5Etfw\">#procesocreativo<\/a> <a href=\"https:\/\/twitter.com\/hashtag\/C%C3%81NTALO?src=hash&amp;ref_src=twsrc%5Etfw\">#C\u00c1NTALO<\/a> <a href=\"https:\/\/t.co\/pQHImtMPH6\">pic.twitter.com\/pQHImtMPH6<\/a><\/p>\n<p>&mdash; Ricky Martin (@ricky_martin) <a href=\"https:\/\/twitter.com\/ricky_martin\/status\/1194093404625526786?ref_src=twsrc%5Etfw\">12 de noviembre de 2019<\/a><\/p><\/blockquote>\n<p><script async src=\"https:\/\/platform.twitter.com\/widgets.js\" charset=\"utf-8\"><\/script><\/p>\n<blockquote class=\"twitter-tweet\" data-lang=\"es\">\n<p lang=\"en\" dir=\"ltr\">Exchanging neurons in the studio with this monster! <a href=\"https:\/\/twitter.com\/Residente?ref_src=twsrc%5Etfw\">@Residente<\/a> <a href=\"https:\/\/twitter.com\/hashtag\/C%C3%81NTALO?src=hash&amp;ref_src=twsrc%5Etfw\">#C\u00c1NTALO<\/a> <a href=\"https:\/\/twitter.com\/hashtag\/ProcesoCreativo?src=hash&amp;ref_src=twsrc%5Etfw\">#ProcesoCreativo<\/a> \ud83d\udcf8: worldjunkies <a href=\"https:\/\/t.co\/Z8oDWk6yX7\">pic.twitter.com\/Z8oDWk6yX7<\/a><\/p>\n<p>&mdash; Ricky Martin (@ricky_martin) <a href=\"https:\/\/twitter.com\/ricky_martin\/status\/1193751323512053760?ref_src=twsrc%5Etfw\">11 de noviembre de 2019<\/a><\/p><\/blockquote>\n<p><script async src=\"https:\/\/platform.twitter.com\/widgets.js\" charset=\"utf-8\"><\/script><\/p>\n<blockquote class=\"twitter-tweet\" data-lang=\"es\">\n<p lang=\"es\" dir=\"ltr\">\u00a1Loco por que vean lo que les tenemos preparado!  <a href=\"https:\/\/twitter.com\/hashtag\/C%C3%A1ntalo?src=hash&amp;ref_src=twsrc%5Etfw\">#C\u00e1ntalo<\/a> <a href=\"https:\/\/twitter.com\/hashtag\/Residente?src=hash&amp;ref_src=twsrc%5Etfw\">#Residente<\/a> <a href=\"https:\/\/twitter.com\/hashtag\/BadBunny?src=hash&amp;ref_src=twsrc%5Etfw\">#BadBunny<\/a> <a href=\"https:\/\/twitter.com\/hashtag\/LatinGrammy?src=hash&amp;ref_src=twsrc%5Etfw\">#LatinGrammy<\/a> (\ud83c\udfa5 danielavesco ) <a href=\"https:\/\/t.co\/L1DBMJSPHw\">pic.twitter.com\/L1DBMJSPHw<\/a><\/p>\n<p>&mdash; Ricky Martin (@ricky_martin) <a href=\"https:\/\/twitter.com\/ricky_martin\/status\/1194394490091511809?ref_src=twsrc%5Etfw\">12 de noviembre de 2019<\/a><\/p><\/blockquote>\n<p><script async src=\"https:\/\/platform.twitter.com\/widgets.js\" charset=\"utf-8\"><\/script><\/p>\n","protected":false},"excerpt":{"rendered":"<p>Los tres artistas se unieron para crear \u201cC\u00e1ntalo\u201d que presentaron oficialmente en los Grammy Latinos. Siente lo que siento yo \/ Derritiendo el fr\u00edo porque vengo con mi gente\u201d, \u201cyo lo que quiero es que mi gente cante\u201d, \u201cel dinero aunque sea abundante no vale, aqu\u00ed somos todos importantes\u201d, son algunas de las frases que [&hellip;]<\/p>\n","protected":false},"author":1,"featured_media":69636,"comment_status":"closed","ping_status":"closed","sticky":false,"template":"","format":"standard","meta":{"_seopress_robots_primary_cat":"","_seopress_titles_title":"","_seopress_titles_desc":"","_seopress_robots_index":"","footnotes":""},"categories":[5],"tags":[25741,25742],"class_list":{"0":"post-69635","1":"post","2":"type-post","3":"status-publish","4":"format-standard","5":"has-post-thumbnail","7":"category-musica","8":"tag-cantalo-ricky-martin-residente-y-bad-bunny","9":"tag-ricky-martin-residente-y-bad-bunny"},"_links":{"self":[{"href":"https:\/\/www.cordobatimes.com\/showup\/wp-json\/wp\/v2\/posts\/69635","targetHints":{"allow":["GET"]}}],"collection":[{"href":"https:\/\/www.cordobatimes.com\/showup\/wp-json\/wp\/v2\/posts"}],"about":[{"href":"https:\/\/www.cordobatimes.com\/showup\/wp-json\/wp\/v2\/types\/post"}],"author":[{"embeddable":true,"href":"https:\/\/www.cordobatimes.com\/showup\/wp-json\/wp\/v2\/users\/1"}],"replies":[{"embeddable":true,"href":"https:\/\/www.cordobatimes.com\/showup\/wp-json\/wp\/v2\/comments?post=69635"}],"version-history":[{"count":0,"href":"https:\/\/www.cordobatimes.com\/showup\/wp-json\/wp\/v2\/posts\/69635\/revisions"}],"wp:featuredmedia":[{"embeddable":true,"href":"https:\/\/www.cordobatimes.com\/showup\/wp-json\/wp\/v2\/media\/69636"}],"wp:attachment":[{"href":"https:\/\/www.cordobatimes.com\/showup\/wp-json\/wp\/v2\/media?parent=69635"}],"wp:term":[{"taxonomy":"category","embeddable":true,"href":"https:\/\/www.cordobatimes.com\/showup\/wp-json\/wp\/v2\/categories?post=69635"},{"taxonomy":"post_tag","embeddable":true,"href":"https:\/\/www.cordobatimes.com\/showup\/wp-json\/wp\/v2\/tags?post=69635"}],"curies":[{"name":"wp","href":"https:\/\/api.w.org\/{rel}","templated":true}]}}