{"id":69598,"date":"2019-11-15T13:39:26","date_gmt":"2019-11-15T16:39:26","guid":{"rendered":"https:\/\/www.cordobatimes.com\/showup\/?p=69598"},"modified":"2019-11-15T13:39:26","modified_gmt":"2019-11-15T16:39:26","slug":"el-productor-sebastian-ortega-fue-reconocido-personalidad-destacada-de-la-cultura","status":"publish","type":"post","link":"https:\/\/www.cordobatimes.com\/showup\/famosos\/2019\/11\/15\/el-productor-sebastian-ortega-fue-reconocido-personalidad-destacada-de-la-cultura\/","title":{"rendered":"El productor Sebasti\u00e1n Ortega fue reconocido Personalidad Destacada de la Cultura"},"content":{"rendered":"<h3><strong>Lo acompa\u00f1aron sus familiares, amigos y colegas del mundo del espect\u00e1culo.<\/strong><\/h3>\n<p>Por su trayectoria como productor televisivo, Sebasti\u00e1n Ortega fue distinguido como Personalidad destacada de la Ciudad Aut\u00f3noma de Buenos Aires en el \u00e1mbito de la Cultura.<\/p>\n<p><img alt=\"\" loading=\"lazy\" decoding=\"async\" class=\"alignnone size-full wp-image-69600\" src=\"https:\/\/www.cordobatimes.com\/showup\/wp-content\/uploads\/2019\/11\/unnamed-file.jpg\" alt=\"\" width=\"760\" height=\"473\" srcset=\"https:\/\/www.cordobatimes.com\/showup\/wp-content\/uploads\/2019\/11\/unnamed-file.jpg 760w, https:\/\/www.cordobatimes.com\/showup\/wp-content\/uploads\/2019\/11\/unnamed-file-675x420.jpg 675w, https:\/\/www.cordobatimes.com\/showup\/wp-content\/uploads\/2019\/11\/unnamed-file-696x433.jpg 696w\" sizes=\"auto, (max-width: 760px) 100vw, 760px\" \/> <img alt=\"\" loading=\"lazy\" decoding=\"async\" class=\"alignnone size-full wp-image-69601\" src=\"https:\/\/www.cordobatimes.com\/showup\/wp-content\/uploads\/2019\/11\/01122.jpg\" alt=\"\" width=\"765\" height=\"508\" srcset=\"https:\/\/www.cordobatimes.com\/showup\/wp-content\/uploads\/2019\/11\/01122.jpg 765w, https:\/\/www.cordobatimes.com\/showup\/wp-content\/uploads\/2019\/11\/01122-632x420.jpg 632w, https:\/\/www.cordobatimes.com\/showup\/wp-content\/uploads\/2019\/11\/01122-696x462.jpg 696w\" sizes=\"auto, (max-width: 765px) 100vw, 765px\" \/><\/p>\n<p><img alt=\"\" loading=\"lazy\" decoding=\"async\" class=\"alignnone size-full wp-image-69602\" src=\"https:\/\/www.cordobatimes.com\/showup\/wp-content\/uploads\/2019\/11\/01.jpg\" alt=\"\" width=\"425\" height=\"632\" srcset=\"https:\/\/www.cordobatimes.com\/showup\/wp-content\/uploads\/2019\/11\/01.jpg 425w, https:\/\/www.cordobatimes.com\/showup\/wp-content\/uploads\/2019\/11\/01-282x420.jpg 282w\" sizes=\"auto, (max-width: 425px) 100vw, 425px\" \/> <img alt=\"\" loading=\"lazy\" decoding=\"async\" class=\"alignnone size-full wp-image-69603\" src=\"https:\/\/www.cordobatimes.com\/showup\/wp-content\/uploads\/2019\/11\/200.jpg\" alt=\"\" width=\"411\" height=\"623\" srcset=\"https:\/\/www.cordobatimes.com\/showup\/wp-content\/uploads\/2019\/11\/200.jpg 411w, https:\/\/www.cordobatimes.com\/showup\/wp-content\/uploads\/2019\/11\/200-277x420.jpg 277w\" sizes=\"auto, (max-width: 411px) 100vw, 411px\" \/> <img alt=\"\" loading=\"lazy\" decoding=\"async\" class=\"alignnone size-full wp-image-69604\" src=\"https:\/\/www.cordobatimes.com\/showup\/wp-content\/uploads\/2019\/11\/55462.jpg\" alt=\"\" width=\"456\" height=\"610\" srcset=\"https:\/\/www.cordobatimes.com\/showup\/wp-content\/uploads\/2019\/11\/55462.jpg 456w, https:\/\/www.cordobatimes.com\/showup\/wp-content\/uploads\/2019\/11\/55462-314x420.jpg 314w\" sizes=\"auto, (max-width: 456px) 100vw, 456px\" \/> <img alt=\"\" loading=\"lazy\" decoding=\"async\" class=\"alignnone size-full wp-image-69605\" src=\"https:\/\/www.cordobatimes.com\/showup\/wp-content\/uploads\/2019\/11\/84615.jpg\" alt=\"\" width=\"418\" height=\"613\" srcset=\"https:\/\/www.cordobatimes.com\/showup\/wp-content\/uploads\/2019\/11\/84615.jpg 418w, https:\/\/www.cordobatimes.com\/showup\/wp-content\/uploads\/2019\/11\/84615-286x420.jpg 286w\" sizes=\"auto, (max-width: 418px) 100vw, 418px\" \/><\/p>\n","protected":false},"excerpt":{"rendered":"<p>Lo acompa\u00f1aron sus familiares, amigos y colegas del mundo del espect\u00e1culo. Por su trayectoria como productor televisivo, Sebasti\u00e1n Ortega fue distinguido como Personalidad destacada de la Ciudad Aut\u00f3noma de Buenos Aires en el \u00e1mbito de la Cultura.<\/p>\n","protected":false},"author":1,"featured_media":69599,"comment_status":"closed","ping_status":"closed","sticky":false,"template":"","format":"standard","meta":{"_seopress_robots_primary_cat":"","_seopress_titles_title":"","_seopress_titles_desc":"","_seopress_robots_index":"","footnotes":""},"categories":[4],"tags":[25726,25727],"class_list":{"0":"post-69598","1":"post","2":"type-post","3":"status-publish","4":"format-standard","5":"has-post-thumbnail","7":"category-famosos","8":"tag-productor-sebastian-ortega","9":"tag-sebastian-ortega-personalidad-destacada-de-la-cultura"},"_links":{"self":[{"href":"https:\/\/www.cordobatimes.com\/showup\/wp-json\/wp\/v2\/posts\/69598","targetHints":{"allow":["GET"]}}],"collection":[{"href":"https:\/\/www.cordobatimes.com\/showup\/wp-json\/wp\/v2\/posts"}],"about":[{"href":"https:\/\/www.cordobatimes.com\/showup\/wp-json\/wp\/v2\/types\/post"}],"author":[{"embeddable":true,"href":"https:\/\/www.cordobatimes.com\/showup\/wp-json\/wp\/v2\/users\/1"}],"replies":[{"embeddable":true,"href":"https:\/\/www.cordobatimes.com\/showup\/wp-json\/wp\/v2\/comments?post=69598"}],"version-history":[{"count":0,"href":"https:\/\/www.cordobatimes.com\/showup\/wp-json\/wp\/v2\/posts\/69598\/revisions"}],"wp:featuredmedia":[{"embeddable":true,"href":"https:\/\/www.cordobatimes.com\/showup\/wp-json\/wp\/v2\/media\/69599"}],"wp:attachment":[{"href":"https:\/\/www.cordobatimes.com\/showup\/wp-json\/wp\/v2\/media?parent=69598"}],"wp:term":[{"taxonomy":"category","embeddable":true,"href":"https:\/\/www.cordobatimes.com\/showup\/wp-json\/wp\/v2\/categories?post=69598"},{"taxonomy":"post_tag","embeddable":true,"href":"https:\/\/www.cordobatimes.com\/showup\/wp-json\/wp\/v2\/tags?post=69598"}],"curies":[{"name":"wp","href":"https:\/\/api.w.org\/{rel}","templated":true}]}}