{"id":69582,"date":"2019-11-15T13:10:31","date_gmt":"2019-11-15T16:10:31","guid":{"rendered":"https:\/\/www.cordobatimes.com\/showup\/?p=69582"},"modified":"2019-11-15T13:10:31","modified_gmt":"2019-11-15T16:10:31","slug":"los-looks-de-la-alfombra-roja-de-los-latin-grammy-2019","status":"publish","type":"post","link":"https:\/\/www.cordobatimes.com\/showup\/moda-y-estilos\/2019\/11\/15\/los-looks-de-la-alfombra-roja-de-los-latin-grammy-2019\/","title":{"rendered":"Los looks de la alfombra roja de los Latin Grammy 2019"},"content":{"rendered":"<h3><strong>Desde el MGM Grand Garden Arena de Las Vegas, los artistas m\u00e1s importantes de la m\u00fasica en espa\u00f1ol desfilaron por la red carpet de la 20\u00b0 edici\u00f3n de los premios de la Academia Latina de la Grabaci\u00f3n.<\/strong><\/h3>\n<p>La espa\u00f1ola Rosal\u00eda con cinco nominaciones a los Latin Grammy 2019 es una de las favoritas de la noche<\/p>\n<p><img alt=\"\" loading=\"lazy\" decoding=\"async\" class=\"alignnone size-full wp-image-69584\" src=\"https:\/\/www.cordobatimes.com\/showup\/wp-content\/uploads\/2019\/11\/5-2.jpg\" alt=\"\" width=\"418\" height=\"608\" srcset=\"https:\/\/www.cordobatimes.com\/showup\/wp-content\/uploads\/2019\/11\/5-2.jpg 418w, https:\/\/www.cordobatimes.com\/showup\/wp-content\/uploads\/2019\/11\/5-2-289x420.jpg 289w\" sizes=\"auto, (max-width: 418px) 100vw, 418px\" \/><\/p>\n<h3><strong>Paz Vega<\/strong><\/h3>\n<p><img alt=\"\" loading=\"lazy\" decoding=\"async\" class=\"alignnone size-full wp-image-69585\" src=\"https:\/\/www.cordobatimes.com\/showup\/wp-content\/uploads\/2019\/11\/6-2.jpg\" alt=\"\" width=\"357\" height=\"616\" srcset=\"https:\/\/www.cordobatimes.com\/showup\/wp-content\/uploads\/2019\/11\/6-2.jpg 357w, https:\/\/www.cordobatimes.com\/showup\/wp-content\/uploads\/2019\/11\/6-2-243x420.jpg 243w\" sizes=\"auto, (max-width: 357px) 100vw, 357px\" \/><\/p>\n<h3><strong>Cami<\/strong><\/h3>\n<p><img alt=\"\" loading=\"lazy\" decoding=\"async\" class=\"alignnone size-full wp-image-69586\" src=\"https:\/\/www.cordobatimes.com\/showup\/wp-content\/uploads\/2019\/11\/7.jpg\" alt=\"\" width=\"422\" height=\"623\" srcset=\"https:\/\/www.cordobatimes.com\/showup\/wp-content\/uploads\/2019\/11\/7.jpg 422w, https:\/\/www.cordobatimes.com\/showup\/wp-content\/uploads\/2019\/11\/7-284x420.jpg 284w\" sizes=\"auto, (max-width: 422px) 100vw, 422px\" \/><\/p>\n<h3><strong>Lali<\/strong><\/h3>\n<p><img alt=\"\" loading=\"lazy\" decoding=\"async\" class=\"alignnone size-full wp-image-69587\" src=\"https:\/\/www.cordobatimes.com\/showup\/wp-content\/uploads\/2019\/11\/8.jpg\" alt=\"\" width=\"402\" height=\"612\" srcset=\"https:\/\/www.cordobatimes.com\/showup\/wp-content\/uploads\/2019\/11\/8.jpg 402w, https:\/\/www.cordobatimes.com\/showup\/wp-content\/uploads\/2019\/11\/8-276x420.jpg 276w\" sizes=\"auto, (max-width: 402px) 100vw, 402px\" \/><\/p>\n<p>&nbsp;<\/p>\n<h3><strong>Ricky Martin\u00a0<\/strong><\/h3>\n<p><img alt=\"\" loading=\"lazy\" decoding=\"async\" class=\"alignnone size-full wp-image-69588\" src=\"https:\/\/www.cordobatimes.com\/showup\/wp-content\/uploads\/2019\/11\/9.jpg\" alt=\"\" width=\"335\" height=\"604\" srcset=\"https:\/\/www.cordobatimes.com\/showup\/wp-content\/uploads\/2019\/11\/9.jpg 335w, https:\/\/www.cordobatimes.com\/showup\/wp-content\/uploads\/2019\/11\/9-233x420.jpg 233w\" sizes=\"auto, (max-width: 335px) 100vw, 335px\" \/><\/p>\n<h3><strong>Natalia Jim\u00e9nez<\/strong><\/h3>\n<p><img alt=\"\" loading=\"lazy\" decoding=\"async\" class=\"alignnone size-full wp-image-69589\" src=\"https:\/\/www.cordobatimes.com\/showup\/wp-content\/uploads\/2019\/11\/10.jpg\" alt=\"\" width=\"370\" height=\"611\" srcset=\"https:\/\/www.cordobatimes.com\/showup\/wp-content\/uploads\/2019\/11\/10.jpg 370w, https:\/\/www.cordobatimes.com\/showup\/wp-content\/uploads\/2019\/11\/10-254x420.jpg 254w\" sizes=\"auto, (max-width: 370px) 100vw, 370px\" \/><\/p>\n<h3><strong>Thalia<\/strong><\/h3>\n<p><img alt=\"\" loading=\"lazy\" decoding=\"async\" class=\"alignnone size-full wp-image-69590\" src=\"https:\/\/www.cordobatimes.com\/showup\/wp-content\/uploads\/2019\/11\/11.jpg\" alt=\"\" width=\"527\" height=\"587\" srcset=\"https:\/\/www.cordobatimes.com\/showup\/wp-content\/uploads\/2019\/11\/11.jpg 527w, https:\/\/www.cordobatimes.com\/showup\/wp-content\/uploads\/2019\/11\/11-377x420.jpg 377w\" sizes=\"auto, (max-width: 527px) 100vw, 527px\" \/><\/p>\n<h3><strong>Juanes con su familia en la red carpet de los Latin Grammy 2019<\/strong><\/h3>\n<p><img alt=\"\" loading=\"lazy\" decoding=\"async\" class=\"alignnone size-full wp-image-69591\" src=\"https:\/\/www.cordobatimes.com\/showup\/wp-content\/uploads\/2019\/11\/12.jpg\" alt=\"\" width=\"831\" height=\"605\" srcset=\"https:\/\/www.cordobatimes.com\/showup\/wp-content\/uploads\/2019\/11\/12.jpg 831w, https:\/\/www.cordobatimes.com\/showup\/wp-content\/uploads\/2019\/11\/12-577x420.jpg 577w, https:\/\/www.cordobatimes.com\/showup\/wp-content\/uploads\/2019\/11\/12-768x559.jpg 768w, https:\/\/www.cordobatimes.com\/showup\/wp-content\/uploads\/2019\/11\/12-324x235.jpg 324w, https:\/\/www.cordobatimes.com\/showup\/wp-content\/uploads\/2019\/11\/12-696x507.jpg 696w\" sizes=\"auto, (max-width: 831px) 100vw, 831px\" \/><\/p>\n<h3><strong>Luis Fonsi y su esposa<\/strong><\/h3>\n<p><img alt=\"\" loading=\"lazy\" decoding=\"async\" class=\"alignnone size-full wp-image-69592\" src=\"https:\/\/www.cordobatimes.com\/showup\/wp-content\/uploads\/2019\/11\/13.jpg\" alt=\"\" width=\"887\" height=\"607\" srcset=\"https:\/\/www.cordobatimes.com\/showup\/wp-content\/uploads\/2019\/11\/13.jpg 887w, https:\/\/www.cordobatimes.com\/showup\/wp-content\/uploads\/2019\/11\/13-614x420.jpg 614w, https:\/\/www.cordobatimes.com\/showup\/wp-content\/uploads\/2019\/11\/13-768x526.jpg 768w, https:\/\/www.cordobatimes.com\/showup\/wp-content\/uploads\/2019\/11\/13-218x150.jpg 218w, https:\/\/www.cordobatimes.com\/showup\/wp-content\/uploads\/2019\/11\/13-696x476.jpg 696w\" sizes=\"auto, (max-width: 887px) 100vw, 887px\" \/><\/p>\n<h3><strong>Andres Calamaro<\/strong><\/h3>\n<p><img alt=\"\" loading=\"lazy\" decoding=\"async\" class=\"alignnone size-full wp-image-69593\" src=\"https:\/\/www.cordobatimes.com\/showup\/wp-content\/uploads\/2019\/11\/14.jpg\" alt=\"\" width=\"872\" height=\"611\" srcset=\"https:\/\/www.cordobatimes.com\/showup\/wp-content\/uploads\/2019\/11\/14.jpg 872w, https:\/\/www.cordobatimes.com\/showup\/wp-content\/uploads\/2019\/11\/14-599x420.jpg 599w, https:\/\/www.cordobatimes.com\/showup\/wp-content\/uploads\/2019\/11\/14-768x538.jpg 768w, https:\/\/www.cordobatimes.com\/showup\/wp-content\/uploads\/2019\/11\/14-100x70.jpg 100w, https:\/\/www.cordobatimes.com\/showup\/wp-content\/uploads\/2019\/11\/14-696x488.jpg 696w\" sizes=\"auto, (max-width: 872px) 100vw, 872px\" \/><\/p>\n<h3><strong>Jos\u00e9 Luis Rodr\u00edguez, el int\u00e9rprete venezolano fue reconocido con el galard\u00f3n a la Excelencia Musical<\/strong><\/h3>\n<p><img alt=\"\" loading=\"lazy\" decoding=\"async\" class=\"alignnone size-full wp-image-69594\" src=\"https:\/\/www.cordobatimes.com\/showup\/wp-content\/uploads\/2019\/11\/15.jpg\" alt=\"\" width=\"863\" height=\"594\" srcset=\"https:\/\/www.cordobatimes.com\/showup\/wp-content\/uploads\/2019\/11\/15.jpg 863w, https:\/\/www.cordobatimes.com\/showup\/wp-content\/uploads\/2019\/11\/15-610x420.jpg 610w, https:\/\/www.cordobatimes.com\/showup\/wp-content\/uploads\/2019\/11\/15-768x529.jpg 768w, https:\/\/www.cordobatimes.com\/showup\/wp-content\/uploads\/2019\/11\/15-100x70.jpg 100w, https:\/\/www.cordobatimes.com\/showup\/wp-content\/uploads\/2019\/11\/15-218x150.jpg 218w, https:\/\/www.cordobatimes.com\/showup\/wp-content\/uploads\/2019\/11\/15-696x479.jpg 696w\" sizes=\"auto, (max-width: 863px) 100vw, 863px\" \/><\/p>\n<h3><strong>El espa\u00f1ol Alejandro Sanz, uno de los grandes nominados de los Latin Grammy 2019<\/strong><\/h3>\n<p><img alt=\"\" loading=\"lazy\" decoding=\"async\" class=\"alignnone size-full wp-image-69595\" src=\"https:\/\/www.cordobatimes.com\/showup\/wp-content\/uploads\/2019\/11\/16.jpg\" alt=\"\" width=\"929\" height=\"598\" srcset=\"https:\/\/www.cordobatimes.com\/showup\/wp-content\/uploads\/2019\/11\/16.jpg 929w, https:\/\/www.cordobatimes.com\/showup\/wp-content\/uploads\/2019\/11\/16-652x420.jpg 652w, https:\/\/www.cordobatimes.com\/showup\/wp-content\/uploads\/2019\/11\/16-768x494.jpg 768w, https:\/\/www.cordobatimes.com\/showup\/wp-content\/uploads\/2019\/11\/16-696x448.jpg 696w\" sizes=\"auto, (max-width: 929px) 100vw, 929px\" \/><\/p>\n<h3><strong>Bad Bunny<\/strong><\/h3>\n<p><img alt=\"\" loading=\"lazy\" decoding=\"async\" class=\"alignnone size-full wp-image-69596\" src=\"https:\/\/www.cordobatimes.com\/showup\/wp-content\/uploads\/2019\/11\/17.jpg\" alt=\"\" width=\"349\" height=\"600\" srcset=\"https:\/\/www.cordobatimes.com\/showup\/wp-content\/uploads\/2019\/11\/17.jpg 349w, https:\/\/www.cordobatimes.com\/showup\/wp-content\/uploads\/2019\/11\/17-244x420.jpg 244w\" sizes=\"auto, (max-width: 349px) 100vw, 349px\" \/><\/p>\n<p>&nbsp;<\/p>\n","protected":false},"excerpt":{"rendered":"<p>Desde el MGM Grand Garden Arena de Las Vegas, los artistas m\u00e1s importantes de la m\u00fasica en espa\u00f1ol desfilaron por la red carpet de la 20\u00b0 edici\u00f3n de los premios de la Academia Latina de la Grabaci\u00f3n. La espa\u00f1ola Rosal\u00eda con cinco nominaciones a los Latin Grammy 2019 es una de las favoritas de la [&hellip;]<\/p>\n","protected":false},"author":1,"featured_media":69583,"comment_status":"closed","ping_status":"closed","sticky":false,"template":"","format":"standard","meta":{"_seopress_robots_primary_cat":"","_seopress_titles_title":"","_seopress_titles_desc":"","_seopress_robots_index":"","footnotes":""},"categories":[228],"tags":[25725,25724],"class_list":{"0":"post-69582","1":"post","2":"type-post","3":"status-publish","4":"format-standard","5":"has-post-thumbnail","7":"category-moda-y-estilos","8":"tag-alfombra-roja-de-los-latin-grammy-2019","9":"tag-latin-grammy-2019"},"_links":{"self":[{"href":"https:\/\/www.cordobatimes.com\/showup\/wp-json\/wp\/v2\/posts\/69582","targetHints":{"allow":["GET"]}}],"collection":[{"href":"https:\/\/www.cordobatimes.com\/showup\/wp-json\/wp\/v2\/posts"}],"about":[{"href":"https:\/\/www.cordobatimes.com\/showup\/wp-json\/wp\/v2\/types\/post"}],"author":[{"embeddable":true,"href":"https:\/\/www.cordobatimes.com\/showup\/wp-json\/wp\/v2\/users\/1"}],"replies":[{"embeddable":true,"href":"https:\/\/www.cordobatimes.com\/showup\/wp-json\/wp\/v2\/comments?post=69582"}],"version-history":[{"count":0,"href":"https:\/\/www.cordobatimes.com\/showup\/wp-json\/wp\/v2\/posts\/69582\/revisions"}],"wp:featuredmedia":[{"embeddable":true,"href":"https:\/\/www.cordobatimes.com\/showup\/wp-json\/wp\/v2\/media\/69583"}],"wp:attachment":[{"href":"https:\/\/www.cordobatimes.com\/showup\/wp-json\/wp\/v2\/media?parent=69582"}],"wp:term":[{"taxonomy":"category","embeddable":true,"href":"https:\/\/www.cordobatimes.com\/showup\/wp-json\/wp\/v2\/categories?post=69582"},{"taxonomy":"post_tag","embeddable":true,"href":"https:\/\/www.cordobatimes.com\/showup\/wp-json\/wp\/v2\/tags?post=69582"}],"curies":[{"name":"wp","href":"https:\/\/api.w.org\/{rel}","templated":true}]}}