{"id":69579,"date":"2019-11-15T11:50:29","date_gmt":"2019-11-15T14:50:29","guid":{"rendered":"https:\/\/www.cordobatimes.com\/showup\/?p=69579"},"modified":"2019-11-15T11:50:29","modified_gmt":"2019-11-15T14:50:29","slug":"todos-los-ganadores-de-los-latin-grammy-2019","status":"publish","type":"post","link":"https:\/\/www.cordobatimes.com\/showup\/musica\/2019\/11\/15\/todos-los-ganadores-de-los-latin-grammy-2019\/","title":{"rendered":"Todos los ganadores de los Latin Grammy 2019"},"content":{"rendered":"<h3><strong>En Las Vegas se celebr\u00f3 la vig\u00e9sima edici\u00f3n. Entre los argentinos, se destacaron la presencia de Andr\u00e9s Calamaro, Paulo Londra y Babas\u00f3nicos.<\/strong><\/h3>\n<p>Pedro Cap\u00f3, Rosal\u00eda, Alejandro Sanz y Andr\u00e9s Calamaro fueron los artistas m\u00e1s galardonados en la noche de los Latin Grammy 2019, uno de los eventos m\u00e1s esperados por los amantes de la m\u00fasica latina.<\/p>\n<p>En el inicio hubo un n\u00famero inaugural en el que participaron una veintena de artistas. La gala en el MGM Grand Garden Arena de Las Vegas abri\u00f3 con una actuaci\u00f3n en la que Prince Royce, Anitta, Fito P\u00e1ez, Natalia Jim\u00e9nez, Beto Cuevas, Calibre 50, Carlos Rivera, Draco Rosa, Leonel Garc\u00eda, Milly Quezada, Olga Ta\u00f1\u00f3n, Reik y Tony Succar rindieron homenaje a la m\u00fasica latina, resaltando distintos g\u00e9neros.<\/p>\n<p>Ricky Martin, a cargo de la conducci\u00f3n ceremonia, estuvo acompa\u00f1ado por las actrices Roselyn S\u00e1nchez y Paz Vega, fue el encargado de cerrar el espectacular show con la famosa frase del fallecido cantante argentino Gustavo Cerati: Gracias Totales. Junto a Beto Cuevas, Fito P\u00e1ez y Draco Rosa interpretaron De m\u00fasica Ligera de Soda Stereo.<\/p>\n<p>Alejandro Sanz se hizo presente sobre el escenario para cantar Mi persona favorita, con Camila Cabello aportando desde la enorme pantalla de fondo. Y luego , Rosal\u00eda levant\u00f3 al enorme auditorio, con su hit Con altura.<\/p>\n<p>Andr\u00e9s Calamaro, con cuatro nominaciones, consigui\u00f3 dos reconocimientos al ganar como Mejor \u00c1lbum Pop\/Rock y Mejor Canci\u00f3n de Rock por Cargar la suerte y Verdades afiladas, respectivamente. Esta premiaci\u00f3n fue antes de la transmisi\u00f3n oficial que se extendi\u00f3 por casi tres horas en la pantalla de TNT.<\/p>\n<p>Pedro Cap\u00f3, en el d\u00eda de su cumplea\u00f1os, recibi\u00f3 el premio por Canci\u00f3n del a\u00f1o, por Calma. Y emocionado, agradeci\u00f3 al productor argentino Afo Verde, salud\u00f3 a la distancia a Farruko y resalt\u00f3 el rol de su familia.<\/p>\n<p>Ninguno de los superastros del reggaet\u00f3n y el trap, como J Balvin, Bad Bunny, Ozuna, Daddy Yankee, Maluma o Nicky Jam, fueron nominados en las categor\u00edas principales. La Academia Latina de la Grabaci\u00f3n fue duramente criticada por desairar a estos artistas, que dominan las listas de popularidad y suman millones de vistas en YouTube.<\/p>\n<div class=\"row pb-content-type-text\">\n<div class=\"col-xs-12 col-print-12\">\n<p class=\"element element-paragraph\"><b>La lista de los ganadores de los Latin Grammy<\/b><\/p>\n<\/div>\n<\/div>\n<div class=\"row pb-content-type-text\">\n<div class=\"col-xs-12 col-print-12\">\n<p class=\"element element-paragraph\"><b>GENERAL<\/b><\/p>\n<\/div>\n<\/div>\n<div class=\"row pb-content-type-text\">\n<div class=\"col-xs-12 col-print-12\">\n<p class=\"element element-paragraph\"><b>Grabaci\u00f3n del a\u00f1o<\/b><\/p>\n<\/div>\n<\/div>\n<div class=\"row pb-content-type-text\">\n<div class=\"col-xs-12 col-print-12\">\n<p class=\"element element-paragraph\">\u201cParecen viernes\u201d, Marc Anthony<\/p>\n<\/div>\n<\/div>\n<div class=\"row pb-content-type-text\">\n<div class=\"col-xs-12 col-print-12\">\n<p class=\"element element-paragraph\">\u201cVerdades afiladas\u201d, Andr\u00e9s Calamaro<\/p>\n<\/div>\n<\/div>\n<div class=\"row pb-content-type-text\">\n<div class=\"col-xs-12 col-print-12\">\n<p class=\"element element-paragraph\">\u201cAh\u00ed, ah\u00ed\u201d, Vicente Garc\u00eda<\/p>\n<\/div>\n<\/div>\n<div class=\"row pb-content-type-text\">\n<div class=\"col-xs-12 col-print-12\">\n<p class=\"element element-paragraph\">\u201cKitipun\u201d, Juan Luis Guerra 4.40<\/p>\n<\/div>\n<\/div>\n<div class=\"row pb-content-type-text\">\n<div class=\"col-xs-12 col-print-12\">\n<p class=\"element element-paragraph\">\u201cQuerer mejor\u201d, Juanes con Alessia Cara<\/p>\n<\/div>\n<\/div>\n<div class=\"row pb-content-type-text\">\n<div class=\"col-xs-12 col-print-12\">\n<p class=\"element element-paragraph\">\u201cLa plata\u201d, Juanes con Lalo Ebratt<\/p>\n<\/div>\n<\/div>\n<div class=\"row pb-content-type-text\">\n<div class=\"col-xs-12 col-print-12\">\n<p class=\"element element-paragraph\">\u201cAute Couture\u201d, Rosal\u00eda<\/p>\n<\/div>\n<\/div>\n<div class=\"row pb-content-type-text\">\n<div class=\"col-xs-12 col-print-12\">\n<p class=\"element element-paragraph\"><mark class=\"hl_red\"><b>\u201cMi persona favorita\u201d, Alejandro Sanz con Camila Cabello (GANADOR)<\/b><\/mark><\/p>\n<\/div>\n<\/div>\n<div class=\"row pb-content-type-text\">\n<div class=\"col-xs-12 col-print-12\">\n<p class=\"element element-paragraph\">\u201cNo tengo nada\u201d, Alejandro Sanz<\/p>\n<\/div>\n<\/div>\n<div class=\"row pb-content-type-text\">\n<div class=\"col-xs-12 col-print-12\">\n<p class=\"element element-paragraph\">\u201cCobarde\u201d, Ximena Sari\u00f1ana<\/p>\n<div class=\"row pb-content-type-text\">\n<div class=\"col-xs-12 col-print-12\">\n<p class=\"element element-paragraph\"><b>\u00c1lbum del a\u00f1o<\/b><\/p>\n<\/div>\n<\/div>\n<div class=\"row pb-content-type-text\">\n<div class=\"col-xs-12 col-print-12\">\n<p class=\"element element-paragraph\">\u201cVisceral\u201d, Paula Arenas<\/p>\n<\/div>\n<\/div>\n<div class=\"row pb-content-type-text\">\n<div class=\"col-xs-12 col-print-12\">\n<p class=\"element element-paragraph\">\u201cPara\u00edso Road Gang\u201d, Rub\u00e9n Blades<\/p>\n<\/div>\n<\/div>\n<div class=\"row pb-content-type-text\">\n<div class=\"col-xs-12 col-print-12\">\n<p class=\"element element-paragraph\">\u201cCargar la suerte\u201d, Andr\u00e9s Calamaro<\/p>\n<\/div>\n<\/div>\n<div class=\"row pb-content-type-text\">\n<div class=\"col-xs-12 col-print-12\">\n<p class=\"element element-paragraph\">\u201cAgust\u00edn\u201d, Fonseca<\/p>\n<\/div>\n<\/div>\n<div class=\"row pb-content-type-text\">\n<div class=\"col-xs-12 col-print-12\">\n<p class=\"element element-paragraph\">\u201cVida\u201d, Luis Fonsi<\/p>\n<\/div>\n<\/div>\n<div class=\"row pb-content-type-text\">\n<div class=\"col-xs-12 col-print-12\">\n<p class=\"element element-paragraph\"><mark class=\"hl_red\"><b>\u201cEl mal querer\u201d, Rosal\u00eda (GANADORA)<\/b><\/mark><\/p>\n<\/div>\n<\/div>\n<div class=\"row pb-content-type-text\">\n<div class=\"col-xs-12 col-print-12\">\n<p class=\"element element-paragraph\">\u201c#ELDISCO\u201d, Alejandro Sanz<\/p>\n<\/div>\n<\/div>\n<div class=\"row pb-content-type-text\">\n<div class=\"col-xs-12 col-print-12\">\n<p class=\"element element-paragraph\">\u201c\u00bfD\u00f3nde bailar\u00e1n las ni\u00f1as?\u201d, Ximena Sari\u00f1ana<\/p>\n<\/div>\n<\/div>\n<div class=\"row pb-content-type-text\">\n<div class=\"col-xs-12 col-print-12\">\n<p class=\"element element-paragraph\">\u201cMas de mi\u201d Tony Succar<\/p>\n<\/div>\n<\/div>\n<div class=\"row pb-content-type-text\">\n<div class=\"col-xs-12 col-print-12\">\n<p class=\"element element-paragraph\">\u201cFantas\u00eda\u201d, Sebasti\u00e1n Yatra<\/p>\n<\/div>\n<\/div>\n<div class=\"row pb-content-type-text\">\n<div class=\"col-xs-12 col-print-12\">\n<p class=\"element element-paragraph\"><b>Canci\u00f3n del a\u00f1o<\/b><\/p>\n<\/div>\n<\/div>\n<div class=\"row pb-content-type-text\">\n<div class=\"col-xs-12 col-print-12\">\n<p class=\"element element-paragraph\"><mark class=\"hl_red\"><b>\u201cCalma\u201d, Pedro Cap\u00f3, Gabriel Edgar Gonz\u00e1lez P\u00e9rez y George Noriega, compositores (Pedro Cap\u00f3) (GANADOR)<\/b><\/mark><\/p>\n<\/div>\n<\/div>\n<div class=\"row pb-content-type-text\">\n<div class=\"col-xs-12 col-print-12\">\n<p class=\"element element-paragraph\">\u201cDesconstru\u00e7\u00e3o\u201d, Tiago Iorc, compositor (Tiago Iorc)<\/p>\n<\/div>\n<\/div>\n<div class=\"row pb-content-type-text\">\n<div class=\"col-xs-12 col-print-12\">\n<p class=\"element element-paragraph\">\u201cEl pa\u00eds\u201d, Rub\u00e9n Blades, compositor (Rub\u00e9n Blades)<\/p>\n<\/div>\n<\/div>\n<div class=\"row pb-content-type-text\">\n<div class=\"col-xs-12 col-print-12\">\n<p class=\"element element-paragraph\">\u201cKitipun\u201d, Juan Luis Guerra, compositor (Juan Luis Guerra 4.40)<\/p>\n<\/div>\n<\/div>\n<div class=\"row pb-content-type-text\">\n<div class=\"col-xs-12 col-print-12\">\n<p class=\"element element-paragraph\">\u201cMi persona favorita\u201d, Camila Cabello y Alejandro Sanz, compositores (Alejandro Sanz con Camila Cabello)<\/p>\n<\/div>\n<\/div>\n<div class=\"row pb-content-type-text\">\n<div class=\"col-xs-12 col-print-12\">\n<p class=\"element element-paragraph\">\u201cNo tengo nada\u201d, Alejandro Sanz, compositor (Alejandro Sanz)<\/p>\n<\/div>\n<\/div>\n<div class=\"row pb-content-type-text\">\n<div class=\"col-xs-12 col-print-12\">\n<p class=\"element element-paragraph\">\u201cQu\u00e9date\u201d, Kany Garc\u00eda y Tommy Torres, compositores (Kany Garc\u00eda y Tommy Torres)<\/p>\n<\/div>\n<\/div>\n<div class=\"row pb-content-type-text\">\n<div class=\"col-xs-12 col-print-12\">\n<p class=\"element element-paragraph\">\u201cQuerer mejor\u201d, Rafael Arcaute, Alessia Cara, Camilo Echeverry, Juanes, Mauricio Montaner, Ricardo Montaner y Tainy, compositores (Juanes con Alessia Cara)<\/p>\n<\/div>\n<\/div>\n<div class=\"row pb-content-type-text\">\n<div class=\"col-xs-12 col-print-12\">\n<p class=\"element element-paragraph\">\u201cUn a\u00f1o\u201d, Mauricio Rengifo, Andr\u00e9s Torres y Sebasti\u00e1n Yatra, compositores (Sebasti\u00e1n Yatra con Reik)<\/p>\n<\/div>\n<\/div>\n<div class=\"row pb-content-type-text\">\n<div class=\"col-xs-12 col-print-12\">\n<p class=\"element element-paragraph\">\u201cVen\u201d, Fonseca, compositor (Fonseca).<\/p>\n<\/div>\n<\/div>\n<div class=\"row pb-content-type-text\">\n<div class=\"col-xs-12 col-print-12\">\n<p class=\"element element-paragraph\"><b>Mejor nuevo artista<\/b><\/p>\n<\/div>\n<\/div>\n<div class=\"row pb-content-type-text\">\n<div class=\"col-xs-12 col-print-12\">\n<p class=\"element element-paragraph\">Aitana<\/p>\n<\/div>\n<\/div>\n<div class=\"row pb-content-type-text\">\n<div class=\"col-xs-12 col-print-12\">\n<p class=\"element element-paragraph\">Burning Caravan<\/p>\n<\/div>\n<\/div>\n<div class=\"row pb-content-type-text\">\n<div class=\"col-xs-12 col-print-12\">\n<p class=\"element element-paragraph\">Cami<\/p>\n<\/div>\n<\/div>\n<div class=\"row pb-content-type-text\">\n<div class=\"col-xs-12 col-print-12\">\n<p class=\"element element-paragraph\">Fer Casillas<\/p>\n<\/div>\n<\/div>\n<div class=\"row pb-content-type-text\">\n<div class=\"col-xs-12 col-print-12\">\n<p class=\"element element-paragraph\">Chipi Chac\u00f3n<\/p>\n<\/div>\n<\/div>\n<div class=\"row pb-content-type-text\">\n<div class=\"col-xs-12 col-print-12\">\n<p class=\"element element-paragraph\">Elsa y Elmar<\/p>\n<\/div>\n<\/div>\n<div class=\"row pb-content-type-text\">\n<div class=\"col-xs-12 col-print-12\">\n<p class=\"element element-paragraph\">Greeicy<\/p>\n<\/div>\n<\/div>\n<div class=\"row pb-content-type-text\">\n<div class=\"col-xs-12 col-print-12\">\n<p class=\"element element-paragraph\">Juan Ingaramo<\/p>\n<\/div>\n<\/div>\n<div class=\"row pb-content-type-text\">\n<div class=\"col-xs-12 col-print-12\">\n<p class=\"element element-paragraph\">Paulo Londra<\/p>\n<\/div>\n<\/div>\n<div class=\"row pb-content-type-text\">\n<div class=\"col-xs-12 col-print-12\">\n<p class=\"element element-paragraph\"><mark class=\"hl_red\"><b>Nella (GANADORA)<\/b><\/mark><\/p>\n<\/div>\n<div class=\"row pb-content-type-text\">\n<div class=\"col-xs-12 col-print-12\">\n<p class=\"element element-paragraph\"><b>POP<\/b><\/p>\n<\/div>\n<\/div>\n<div class=\"row pb-content-type-text\">\n<div class=\"col-xs-12 col-print-12\">\n<p class=\"element element-paragraph\"><b>Mejor \u00e1lbum vocal pop contempor\u00e1neo<\/b><\/p>\n<\/div>\n<\/div>\n<div class=\"row pb-content-type-text\">\n<div class=\"col-xs-12 col-print-12\">\n<p class=\"element element-paragraph\">\u201cMontaner\u201d, Ricardo Montaner<\/p>\n<\/div>\n<\/div>\n<div class=\"row pb-content-type-text\">\n<div class=\"col-xs-12 col-print-12\">\n<p class=\"element element-paragraph\">\u201cBalas perdidas\u201d, Morat<\/p>\n<\/div>\n<\/div>\n<div class=\"row pb-content-type-text\">\n<div class=\"col-xs-12 col-print-12\">\n<p class=\"element element-paragraph\"><mark class=\"hl_red\"><b>\u201cEl mal querer\u201d, Rosal\u00eda (GANADORA)<\/b><\/mark><\/p>\n<\/div>\n<\/div>\n<div class=\"row pb-content-type-text\">\n<div class=\"col-xs-12 col-print-12\">\n<p class=\"element element-paragraph\">\u201c#ELDISCO\u201d, Alejandro Sanz<\/p>\n<\/div>\n<\/div>\n<div class=\"row pb-content-type-text\">\n<div class=\"col-xs-12 col-print-12\">\n<p class=\"element element-paragraph\">\u201cFantas\u00eda\u201d Sebasti\u00e1n Yatra.<\/p>\n<\/div>\n<\/div>\n<div class=\"row pb-content-type-text\">\n<div class=\"col-xs-12 col-print-12\">\n<p class=\"element element-paragraph\"><b>Mejor \u00e1lbum vocal pop tradicional<\/b><\/p>\n<\/div>\n<\/div>\n<div class=\"row pb-content-type-text\">\n<div class=\"col-xs-12 col-print-12\">\n<p class=\"element element-paragraph\">\u201cVisceral\u201d Paula Arenas<\/p>\n<\/div>\n<\/div>\n<div class=\"row pb-content-type-text\">\n<div class=\"col-xs-12 col-print-12\">\n<p class=\"element element-paragraph\">\u201cRosa\u201d, Cami<\/p>\n<\/div>\n<\/div>\n<div class=\"row pb-content-type-text\">\n<div class=\"col-xs-12 col-print-12\">\n<p class=\"element element-paragraph\">\u201cHacia adentro\u201d, Camila<\/p>\n<\/div>\n<\/div>\n<div class=\"row pb-content-type-text\">\n<div class=\"col-xs-12 col-print-12\">\n<p class=\"element element-paragraph\"><mark class=\"hl_red\"><b>\u201cAgust\u00edn\u201d, Fonseca (GANADOR)<\/b><\/mark><\/p>\n<\/div>\n<\/div>\n<div class=\"row pb-content-type-text\">\n<div class=\"col-xs-12 col-print-12\">\n<p class=\"element element-paragraph\">\u201cSentimientos\u201d, Pavel N\u00fa\u00f1ez.<\/p>\n<\/div>\n<\/div>\n<div class=\"row pb-content-type-text\">\n<div class=\"col-xs-12 col-print-12\">\n<p class=\"element element-paragraph\"><b>URBANA<\/b><\/p>\n<\/div>\n<\/div>\n<div class=\"row pb-content-type-text\">\n<div class=\"col-xs-12 col-print-12\">\n<p class=\"element element-paragraph\"><b>Mejor fusi\u00f3n\/interpretaci\u00f3n urbana<\/b><\/p>\n<\/div>\n<\/div>\n<div class=\"row pb-content-type-text\">\n<div class=\"col-xs-12 col-print-12\">\n<p class=\"element element-paragraph\">\u201cTenemos que hablar\u201d, Bad Bunny<\/p>\n<\/div>\n<\/div>\n<div class=\"row pb-content-type-text\">\n<div class=\"col-xs-12 col-print-12\">\n<p class=\"element element-paragraph\"><mark class=\"hl_red\"><b>\u201cCalma (remix)\u201d, Pedro Cap\u00f3 y Farruko (GANADOR)<\/b><\/mark><\/p>\n<\/div>\n<\/div>\n<div class=\"row pb-content-type-text\">\n<div class=\"col-xs-12 col-print-12\">\n<p class=\"element element-paragraph\">\u201cPa&#8217; olvidarte (remix)\u201d<\/p>\n<\/div>\n<\/div>\n<div class=\"row pb-content-type-text\">\n<div class=\"col-xs-12 col-print-12\">\n<p class=\"element element-paragraph\">ChocQuibtown, Zion &amp; Lennox y Farruko con Manuel Turizo<\/p>\n<\/div>\n<\/div>\n<div class=\"row pb-content-type-text\">\n<div class=\"col-xs-12 col-print-12\">\n<p class=\"element element-paragraph\">\u201cCon calma\u201d, Daddy Yankee con Snow<\/p>\n<\/div>\n<\/div>\n<div class=\"row pb-content-type-text\">\n<div class=\"col-xs-12 col-print-12\">\n<p class=\"element element-paragraph\">\u201cOtro trago\u201d, Sech con Darell.<\/p>\n<\/div>\n<\/div>\n<div class=\"row pb-content-type-text\">\n<div class=\"col-xs-12 col-print-12\">\n<p class=\"element element-paragraph\"><b>Mejor \u00e1lbum de m\u00fasica urbana<\/b><\/p>\n<\/div>\n<\/div>\n<div class=\"row pb-content-type-text\">\n<div class=\"col-xs-12 col-print-12\">\n<p class=\"element element-paragraph\">\u201cKisses\u201d, Anitta<\/p>\n<\/div>\n<\/div>\n<div class=\"row pb-content-type-text\">\n<div class=\"col-xs-12 col-print-12\">\n<p class=\"element element-paragraph\"><mark class=\"hl_red\"><b>\u201cX 100PRE\u201d, Bad Bunny (GANADOR)<\/b><\/mark><\/p>\n<\/div>\n<\/div>\n<div class=\"row pb-content-type-text\">\n<div class=\"col-xs-12 col-print-12\">\n<p class=\"element element-paragraph\">\u201cMi movimiento\u201d, De La Ghetto<\/p>\n<\/div>\n<\/div>\n<div class=\"row pb-content-type-text\">\n<div class=\"col-xs-12 col-print-12\">\n<p class=\"element element-paragraph\">\u201c19\u201d Feid<\/p>\n<\/div>\n<\/div>\n<div class=\"row pb-content-type-text\">\n<div class=\"col-xs-12 col-print-12\">\n<p class=\"element element-paragraph\">\u201cSue\u00f1os\u201d, Sech<\/p>\n<\/div>\n<\/div>\n<div class=\"row pb-content-type-text\">\n<div class=\"col-xs-12 col-print-12\">\n<p class=\"element element-paragraph\"><b>Mejor canci\u00f3n urbana<\/b><\/p>\n<\/div>\n<\/div>\n<div class=\"row pb-content-type-text\">\n<div class=\"col-xs-12 col-print-12\">\n<p class=\"element element-paragraph\">\u201cBaila baila baila\u201d, Ozuna y Vicente Saavedra, compositores (Ozuna)<\/p>\n<\/div>\n<\/div>\n<div class=\"row pb-content-type-text\">\n<div class=\"col-xs-12 col-print-12\">\n<p class=\"element element-paragraph\">\u201cCaliente\u201d, J Balvin, Rene Cano, De La Ghetto y Alejandro Ram\u00edrez, compositores (De La Ghetto con J Balvin)<\/p>\n<\/div>\n<\/div>\n<div class=\"row pb-content-type-text\">\n<div class=\"col-xs-12 col-print-12\">\n<p class=\"element element-paragraph\"><mark class=\"hl_red\"><b>\u201cCon altura\u201d, J Balvin, Mariachi Budda, Frank Dukes, El Guincho, Alejandro Ram\u00edrez y Rosal\u00eda, compositores (Rosal\u00eda y J Balvin con El Guincho) (GANADORES)<\/b><\/mark><\/p>\n<\/div>\n<\/div>\n<div class=\"row pb-content-type-text\">\n<div class=\"col-xs-12 col-print-12\">\n<p class=\"element element-paragraph\">\u201cOtro trago\u201d, Kevyn Mauricio Cruz, Kevin Mauricio Jim\u00e9nez Londo\u00f1o, Bryan Lezcano Chaverra, Josh M\u00e9ndez, Sech y Jorge Vald\u00e9s, compositores (Sech con Darell)<\/p>\n<\/div>\n<\/div>\n<div class=\"row pb-content-type-text\">\n<div class=\"col-xs-12 col-print-12\">\n<p class=\"element element-paragraph\">\u201cPa&#8217; olvidarte\u201d, Ren\u00e9 Cano, ChocQuibtown, Kevyn Cruz Moreno, Juan Diego Medina V\u00e9lez, Andr\u00e9s David Restrepo, MateoTejada Giraldo, Andr\u00e9s Uribe Mar\u00edn, Juan Vargas y Doumbia Yohann, compositores (ChocQuibtown).<\/p>\n<\/div>\n<\/div>\n<div class=\"row pb-content-type-text\">\n<div class=\"col-xs-12 col-print-12\">\n<p class=\"element element-paragraph\"><b>ROCK<\/b><\/p>\n<\/div>\n<\/div>\n<div class=\"row pb-content-type-text\">\n<div class=\"col-xs-12 col-print-12\">\n<p class=\"element element-paragraph\"><b>Mejor \u00e1lbum de rock<\/b><\/p>\n<\/div>\n<\/div>\n<div class=\"row pb-content-type-text\">\n<div class=\"col-xs-12 col-print-12\">\n<p class=\"element element-paragraph\">\u201cUna raz\u00f3n para seguir\u201d, A.N.I.M.A.L<\/p>\n<\/div>\n<\/div>\n<div class=\"row pb-content-type-text\">\n<div class=\"col-xs-12 col-print-12\">\n<p class=\"element element-paragraph\">\u201cArawato\u201d, Arawato<\/p>\n<\/div>\n<\/div>\n<div class=\"row pb-content-type-text\">\n<div class=\"col-xs-12 col-print-12\">\n<p class=\"element element-paragraph\">\u201cBasado en hechos reales\u201d, Carajo<\/p>\n<\/div>\n<\/div>\n<div class=\"row pb-content-type-text\">\n<div class=\"col-xs-12 col-print-12\">\n<p class=\"element element-paragraph\">\u201cMtv Unplugged: El Desconecte\u201d, Molotov<\/p>\n<\/div>\n<\/div>\n<div class=\"row pb-content-type-text\">\n<div class=\"col-xs-12 col-print-12\">\n<p class=\"element element-paragraph\"><mark class=\"hl_red\"><b>\u201cMonte sagrado\u201d, Draco Rosa (GANADOR)<\/b><\/mark><\/p>\n<\/div>\n<\/div>\n<div class=\"row pb-content-type-text\">\n<div class=\"col-xs-12 col-print-12\">\n<p class=\"element element-paragraph\"><b>Mejor \u00e1lbum pop\/rock<\/b><\/p>\n<\/div>\n<\/div>\n<div class=\"row pb-content-type-text\">\n<div class=\"col-xs-12 col-print-12\">\n<p class=\"element element-paragraph\"><mark class=\"hl_red\"><b>\u201cCargar la suerte\u201d, Andr\u00e9s Calamaro (GANADOR)<\/b><\/mark><\/p>\n<\/div>\n<\/div>\n<div class=\"row pb-content-type-text\">\n<div class=\"col-xs-12 col-print-12\">\n<p class=\"element element-paragraph\">\u201cManual de viaje a un lugar lejano\u201d, Jumbo<\/p>\n<\/div>\n<\/div>\n<div class=\"row pb-content-type-text\">\n<div class=\"col-xs-12 col-print-12\">\n<p class=\"element element-paragraph\">\u201cLeb\u00f3n &amp; Co.\u201d, David Leb\u00f3n<\/p>\n<\/div>\n<\/div>\n<div class=\"row pb-content-type-text\">\n<div class=\"col-xs-12 col-print-12\">\n<p class=\"element element-paragraph\">\u201cNuclear\u201d, Leiva<\/p>\n<\/div>\n<\/div>\n<div class=\"row pb-content-type-text\">\n<div class=\"col-xs-12 col-print-12\">\n<p class=\"element element-paragraph\">\u201cMadame Ayahuasca\u201d, Taburete.<\/p>\n<div class=\"row pb-content-type-text\">\n<div class=\"col-xs-12 col-print-12\">\n<p class=\"element element-paragraph\"><b>Mejor canci\u00f3n de rock<\/b><\/p>\n<\/div>\n<\/div>\n<div class=\"row pb-content-type-text\">\n<div class=\"col-xs-12 col-print-12\">\n<p class=\"element element-paragraph\">\u201cConectar\u201d, Rodrigo Crespo, compositor (Rodrigo Crespo)<\/p>\n<\/div>\n<\/div>\n<div class=\"row pb-content-type-text\">\n<div class=\"col-xs-12 col-print-12\">\n<p class=\"element element-paragraph\">\u201cGodzilla\u201d, Leiva, compositor (Leiva con Enrique Bunbury y Ximena Sari\u00f1ana)<\/p>\n<\/div>\n<\/div>\n<div class=\"row pb-content-type-text\">\n<div class=\"col-xs-12 col-print-12\">\n<p class=\"element element-paragraph\">\u201cNirvana\u201d, Arawato, compositores (Arawato)<\/p>\n<\/div>\n<\/div>\n<div class=\"row pb-content-type-text\">\n<div class=\"col-xs-12 col-print-12\">\n<p class=\"element element-paragraph\">\u201cPunta Cana\u201d, Roberto Musso, compositor (El Cuarteto De Nos)<\/p>\n<\/div>\n<\/div>\n<div class=\"row pb-content-type-text\">\n<div class=\"col-xs-12 col-print-12\">\n<p class=\"element element-paragraph\"><mark class=\"hl_red\"><b>\u201cVerdades afiladas\u201d, Andr\u00e9s Calamaro y German Wiedemer, compositores (Andr\u00e9s Calamaro). (GANADOR)<\/b><\/mark><\/p>\n<div class=\"row pb-content-type-text\">\n<div class=\"col-xs-12 col-print-12\">\n<p class=\"element element-paragraph\"><b>ALTERNATIVA<\/b><\/p>\n<\/div>\n<\/div>\n<div class=\"row pb-content-type-text\">\n<div class=\"col-xs-12 col-print-12\">\n<p class=\"element element-paragraph\"><b>Mejor \u00e1lbum de m\u00fasica alternativa<\/b><\/p>\n<\/div>\n<\/div>\n<div class=\"row pb-content-type-text\">\n<div class=\"col-xs-12 col-print-12\">\n<p class=\"element element-paragraph\">\u201cLatinoamericana\u201d, Alex Anwandter<\/p>\n<\/div>\n<\/div>\n<div class=\"row pb-content-type-text\">\n<div class=\"col-xs-12 col-print-12\">\n<p class=\"element element-paragraph\">\u201cDiscutible\u201d, Babas\u00f3nicos<\/p>\n<\/div>\n<\/div>\n<div class=\"row pb-content-type-text\">\n<div class=\"col-xs-12 col-print-12\">\n<p class=\"element element-paragraph\">\u201cBach\u201d, Bandalos Chinos<\/p>\n<\/div>\n<\/div>\n<div class=\"row pb-content-type-text\">\n<div class=\"col-xs-12 col-print-12\">\n<p class=\"element element-paragraph\">\u201cPrender un fuego\u201d, Marilina Bertoldi<\/p>\n<\/div>\n<\/div>\n<div class=\"row pb-content-type-text\">\n<div class=\"col-xs-12 col-print-12\">\n<p class=\"element element-paragraph\"><mark class=\"hl_red\"><b>\u201cNorma\u201d, Mon Laferte. (GANADORA)<\/b><\/mark><\/p>\n<\/div>\n<\/div>\n<div class=\"row pb-content-type-text\">\n<div class=\"col-xs-12 col-print-12\">\n<p class=\"element element-paragraph\"><b>Mejor canci\u00f3n alternativa<\/b><\/p>\n<\/div>\n<\/div>\n<div class=\"row pb-content-type-text\">\n<div class=\"col-xs-12 col-print-12\">\n<p class=\"element element-paragraph\">\u201cCausa perdida\u201d, El David Aguilar, compositor (El David Aguilar)<\/p>\n<\/div>\n<\/div>\n<div class=\"row pb-content-type-text\">\n<div class=\"col-xs-12 col-print-12\">\n<p class=\"element element-paragraph\">\u201cContra todo\u201d, Ismael Cancel e Ile, compositores (Ile)<\/p>\n<\/div>\n<\/div>\n<div class=\"row pb-content-type-text\">\n<div class=\"col-xs-12 col-print-12\">\n<p class=\"element element-paragraph\">\u201cCuentas claras\u201d, Kevin Johansen, compositor (Kevin Johansen)<\/p>\n<\/div>\n<\/div>\n<div class=\"row pb-content-type-text\">\n<div class=\"col-xs-12 col-print-12\">\n<p class=\"element element-paragraph\">\u201cLa pregunta\u201d, Adri\u00e1n D\u00e1rgelos Rodr\u00edguez, compositor (Babas\u00f3nicos)<\/p>\n<\/div>\n<\/div>\n<div class=\"row pb-content-type-text\">\n<div class=\"col-xs-12 col-print-12\">\n<p class=\"element element-paragraph\"><mark class=\"hl_red\"><b>\u201cT\u00f3camela\u201d, Julio Brice\u00f1o, David Julca, Jonathan Julca, Silverio Lozada, Juan Roura y Jos\u00e9 Torres, compositores (Los Amigos Invisibles) (GANADOR)<\/b><\/mark><\/p>\n<\/div>\n<\/div>\n<div class=\"row pb-content-type-text\">\n<div class=\"col-xs-12 col-print-12\">\n<p class=\"element element-paragraph\"><b>TROPICAL<\/b><\/p>\n<\/div>\n<\/div>\n<div class=\"row pb-content-type-text\">\n<div class=\"col-xs-12 col-print-12\">\n<p class=\"element element-paragraph\"><b>Mejor \u00e1lbum de salsa<\/b><\/p>\n<\/div>\n<\/div>\n<div class=\"row pb-content-type-text\">\n<div class=\"col-xs-12 col-print-12\">\n<p class=\"element element-paragraph\">\u201cCuba linda\u201d, Maite Hontel\u00e9<\/p>\n<\/div>\n<\/div>\n<div class=\"row pb-content-type-text\">\n<div class=\"col-xs-12 col-print-12\">\n<p class=\"element element-paragraph\">\u201c55 Aniversario\u201d, Mario Ortiz All Star Band<\/p>\n<\/div>\n<\/div>\n<div class=\"row pb-content-type-text\">\n<div class=\"col-xs-12 col-print-12\">\n<p class=\"element element-paragraph\">\u201cMi luz mayor\u201d, Eddie Palmieri<\/p>\n<\/div>\n<\/div>\n<div class=\"row pb-content-type-text\">\n<div class=\"col-xs-12 col-print-12\">\n<p class=\"element element-paragraph\">\u201cNuestro hogar\u201d, Quintero&#8217;s Salsa Project<\/p>\n<\/div>\n<\/div>\n<div class=\"row pb-content-type-text\">\n<div class=\"col-xs-12 col-print-12\">\n<p class=\"element element-paragraph\"><mark class=\"hl_red\"><b>\u201cMas de mi\u201d, Tony Succar (GANADOR)<\/b><\/mark><\/p>\n<\/div>\n<\/div>\n<div class=\"row pb-content-type-text\">\n<div class=\"col-xs-12 col-print-12\">\n<p class=\"element element-paragraph\"><b>Mejor \u00e1lbum de cumbia\/vallenato<\/b><\/p>\n<\/div>\n<\/div>\n<div class=\"row pb-content-type-text\">\n<div class=\"col-xs-12 col-print-12\">\n<p class=\"element element-paragraph\">\u201cCheco Acosta 30 (En vivo)\u201d, Checo Acosta<\/p>\n<\/div>\n<\/div>\n<div class=\"row pb-content-type-text\">\n<div class=\"col-xs-12 col-print-12\">\n<p class=\"element element-paragraph\">\u201cEsto que dice!\u201d, Diego Daza y Carlos Rueda<\/p>\n<\/div>\n<\/div>\n<div class=\"row pb-content-type-text\">\n<div class=\"col-xs-12 col-print-12\">\n<p class=\"element element-paragraph\">\u201cPara mis maestros con respeto\u201d, Juan Pi\u00f1a<\/p>\n<\/div>\n<\/div>\n<div class=\"row pb-content-type-text\">\n<div class=\"col-xs-12 col-print-12\">\n<p class=\"element element-paragraph\"><mark class=\"hl_red\"><b>\u201cYo me llamo cumbia\u201d, Puerto Candelaria y Juancho Valencia (GANADOR)<\/b><\/mark><\/p>\n<\/div>\n<\/div>\n<div class=\"row pb-content-type-text\">\n<div class=\"col-xs-12 col-print-12\">\n<p class=\"element element-paragraph\">\u201cRA\u00cdCES\u201d, varios artistas.<\/p>\n<\/div>\n<\/div>\n<div class=\"row pb-content-type-text\">\n<div class=\"col-xs-12 col-print-12\">\n<p class=\"element element-paragraph\"><b>Mejor \u00c1lbum de merengue\/bachata<\/b><\/p>\n<\/div>\n<\/div>\n<div class=\"row pb-content-type-text\">\n<div class=\"col-xs-12 col-print-12\">\n<p class=\"element element-paragraph\">Debido al bajo n\u00famero de inscripciones recibidas este a\u00f1o, estas fueron combinadas con la categor\u00eda mejor \u00e1lbum tropical contempor\u00e1neo\/fusi\u00f3n.<\/p>\n<\/div>\n<\/div>\n<div class=\"row pb-content-type-text\">\n<div class=\"col-xs-12 col-print-12\">\n<p class=\"element element-paragraph\"><b>Mejor \u00e1lbum tropical tradicional<\/b><\/p>\n<\/div>\n<\/div>\n<div class=\"row pb-content-type-text\">\n<div class=\"col-xs-12 col-print-12\">\n<p class=\"element element-paragraph\"><mark class=\"hl_red\"><b>\u201cAndr\u00e9s Cepeda Big Band (En Vivo)\u201d, Andr\u00e9s Cepeda (GANADOR)<\/b><\/mark><\/p>\n<\/div>\n<\/div>\n<div class=\"row pb-content-type-text\">\n<div class=\"col-xs-12 col-print-12\">\n<p class=\"element element-paragraph\">\u201cVereda Tropical\u201d, Olga Cerpa y Mestisay<\/p>\n<\/div>\n<\/div>\n<div class=\"row pb-content-type-text\">\n<div class=\"col-xs-12 col-print-12\">\n<p class=\"element element-paragraph\">\u201cLo nuestro\u201d, Yelsy Heredia<\/p>\n<\/div>\n<\/div>\n<div class=\"row pb-content-type-text\">\n<div class=\"col-xs-12 col-print-12\">\n<p class=\"element element-paragraph\">\u201cA Journey Through Cuban Music\u201d, Aym\u00e9e Nuviola<\/p>\n<\/div>\n<\/div>\n<div class=\"row pb-content-type-text\">\n<div class=\"col-xs-12 col-print-12\">\n<p class=\"element element-paragraph\">\u201cLa llave del son\u201d, Septeto Acarey<\/p>\n<\/div>\n<\/div>\n<div class=\"row pb-content-type-text\">\n<div class=\"col-xs-12 col-print-12\">\n<p class=\"element element-paragraph\"><b>Mejor \u00e1lbum tropical contempor\u00e1neo\/fusi\u00f3n<\/b><\/p>\n<\/div>\n<\/div>\n<div class=\"row pb-content-type-text\">\n<div class=\"col-xs-12 col-print-12\">\n<p class=\"element element-paragraph\">\u201cBarrios de mi tierra (canciones de Rub\u00e9n Blades)\u201d, Iv\u00e1n Barrios<\/p>\n<\/div>\n<\/div>\n<div class=\"row pb-content-type-text\">\n<div class=\"col-xs-12 col-print-12\">\n<p class=\"element element-paragraph\">\u201cCandela\u201d, Vicente Garc\u00eda<\/p>\n<\/div>\n<\/div>\n<div class=\"row pb-content-type-text\">\n<div class=\"col-xs-12 col-print-12\">\n<p class=\"element element-paragraph\"><mark class=\"hl_red\"><b>\u201cLiteral\u201d, Juan Luis Guerra 4.40 (GANADOR)<\/b><\/mark><\/p>\n<\/div>\n<\/div>\n<div class=\"row pb-content-type-text\">\n<div class=\"col-xs-12 col-print-12\">\n<p class=\"element element-paragraph\">\u201cTropicalia\u201d, Ilegales<\/p>\n<\/div>\n<\/div>\n<div class=\"row pb-content-type-text\">\n<div class=\"col-xs-12 col-print-12\">\n<p class=\"element element-paragraph\">\u201cMilly &amp; Company\u201d, Milly Quezada<\/p>\n<div class=\"row pb-content-type-text\">\n<div class=\"col-xs-12 col-print-12\">\n<p class=\"element element-paragraph\"><b>Mejor canci\u00f3n tropical<\/b><\/p>\n<\/div>\n<\/div>\n<div class=\"row pb-content-type-text\">\n<div class=\"col-xs-12 col-print-12\">\n<p class=\"element element-paragraph\">\u201cEl afortunado\u201d, Luis Enrique y Jorge Luis Piloto, compositores (Septeto Acarey con Luis Enrique)<\/p>\n<\/div>\n<\/div>\n<div class=\"row pb-content-type-text\">\n<div class=\"col-xs-12 col-print-12\">\n<p class=\"element element-paragraph\">\u201cKitipun\u201d, Juan Luis Guerra, compositor (Juan Luis Guerra 4.40)<\/p>\n<\/div>\n<\/div>\n<div class=\"row pb-content-type-text\">\n<div class=\"col-xs-12 col-print-12\">\n<p class=\"element element-paragraph\">\u201cMas de mi\u201d, Jorge Luis Piloto y Tony Succar, compositores (Tony Succar con \u00c1ngel L\u00f3pez)<\/p>\n<\/div>\n<\/div>\n<div class=\"row pb-content-type-text\">\n<div class=\"col-xs-12 col-print-12\">\n<p class=\"element element-paragraph\">\u201cSubiendo y bajando\u201d, Bobby Allende, Waddys J\u00e1quez, David Maldonado y Adan P\u00e9rez, compositores (8 y M\u00e1s con Rub\u00e9n Blades)<\/p>\n<\/div>\n<\/div>\n<div class=\"row pb-content-type-text\">\n<div class=\"col-xs-12 col-print-12\">\n<p class=\"element element-paragraph\">\u201cVivir es complicado\u201d, Jorge Luis Piloto, compositor (Andr\u00e9s Cepeda y Dayhan D\u00edaz).<\/p>\n<\/div>\n<\/div>\n<div class=\"row pb-content-type-text\">\n<div class=\"col-xs-12 col-print-12\">\n<p class=\"element element-paragraph\"><b>CANTAUTOR<\/b><\/p>\n<\/div>\n<\/div>\n<div class=\"row pb-content-type-text\">\n<div class=\"col-xs-12 col-print-12\">\n<p class=\"element element-paragraph\"><b>Mejor \u00e1lbum cantautor<\/b><\/p>\n<\/div>\n<\/div>\n<div class=\"row pb-content-type-text\">\n<div class=\"col-xs-12 col-print-12\">\n<p class=\"element element-paragraph\">\u201cAc\u00fastica\u201d, Albita;<\/p>\n<\/div>\n<\/div>\n<div class=\"row pb-content-type-text\">\n<div class=\"col-xs-12 col-print-12\">\n<p class=\"element element-paragraph\"><mark class=\"hl_red\"><b>\u201cContra el viento\u201d, Kany Garc\u00eda (GANADOR)<\/b><\/mark><\/p>\n<\/div>\n<\/div>\n<div class=\"row pb-content-type-text\">\n<div class=\"col-xs-12 col-print-12\">\n<p class=\"element element-paragraph\">\u201cAmor Presente\u201d, Leonel Garc\u00eda<\/p>\n<\/div>\n<\/div>\n<div class=\"row pb-content-type-text\">\n<div class=\"col-xs-12 col-print-12\">\n<p class=\"element element-paragraph\">\u201cAlgo ritmos\u201d, Kevin Johansen<\/p>\n<\/div>\n<\/div>\n<div class=\"row pb-content-type-text\">\n<div class=\"col-xs-12 col-print-12\">\n<p class=\"element element-paragraph\">\u201cIntuici\u00f3n\u201d, Gian Marco.<\/p>\n<\/div>\n<\/div>\n<div class=\"row pb-content-type-text\">\n<div class=\"col-xs-12 col-print-12\">\n<p class=\"element element-paragraph\"><b>REGIONAL MEXICANA<\/b><\/p>\n<\/div>\n<\/div>\n<div class=\"row pb-content-type-text\">\n<div class=\"col-xs-12 col-print-12\">\n<p class=\"element element-paragraph\"><b>Mejor \u00e1lbum de m\u00fasica ranchera\/mariachi<\/b><\/p>\n<\/div>\n<\/div>\n<div class=\"row pb-content-type-text\">\n<div class=\"col-xs-12 col-print-12\">\n<p class=\"element element-paragraph\">\u201cMi persona preferida\u201d, El Bebeto<\/p>\n<\/div>\n<\/div>\n<div class=\"row pb-content-type-text\">\n<div class=\"col-xs-12 col-print-12\">\n<p class=\"element element-paragraph\">\u201cSigue la dinast\u00eda&#8230;\u201d, Alex Fern\u00e1ndez<\/p>\n<\/div>\n<\/div>\n<div class=\"row pb-content-type-text\">\n<div class=\"col-xs-12 col-print-12\">\n<p class=\"element element-paragraph\">\u201cM\u00e1s rom\u00e1ntico que nunca\u201d, Vicente Fern\u00e1ndez<\/p>\n<\/div>\n<\/div>\n<div class=\"row pb-content-type-text\">\n<div class=\"col-xs-12 col-print-12\">\n<p class=\"element element-paragraph\">\u201cIndestructible\u201d, Flor De Toloache<\/p>\n<\/div>\n<\/div>\n<div class=\"row pb-content-type-text\">\n<div class=\"col-xs-12 col-print-12\">\n<p class=\"element element-paragraph\"><mark class=\"hl_red\"><b>\u201cAhora\u201d, Christian Nodal (GANADOR)<\/b><\/mark><\/p>\n<\/div>\n<\/div>\n<div class=\"row pb-content-type-text\">\n<div class=\"col-xs-12 col-print-12\">\n<p class=\"element element-paragraph\"><b>Mejor \u00e1lbum de m\u00fasica banda<\/b><\/p>\n<\/div>\n<\/div>\n<div class=\"row pb-content-type-text\">\n<div class=\"col-xs-12 col-print-12\">\n<p class=\"element element-paragraph\">\u201cPara que no te lo imagines\u201d, Saul El Jaguar Alarc\u00f3n<\/p>\n<\/div>\n<\/div>\n<div class=\"row pb-content-type-text\">\n<div class=\"col-xs-12 col-print-12\">\n<p class=\"element element-paragraph\"><mark class=\"hl_red\"><b>\u201cA trav\u00e9s del vaso\u201d, Banda Los Sebastianes (GANADOR)<\/b><\/mark><\/p>\n<\/div>\n<\/div>\n<div class=\"row pb-content-type-text\">\n<div class=\"col-xs-12 col-print-12\">\n<p class=\"element element-paragraph\">\u201c25 A\u00f1os, Vol. 1\u201d, El Mimoso<\/p>\n<\/div>\n<\/div>\n<div class=\"row pb-content-type-text\">\n<div class=\"col-xs-12 col-print-12\">\n<p class=\"element element-paragraph\">\u201cUn tributo al sol\u201d, La Explosiva Banda De Maza<\/p>\n<\/div>\n<\/div>\n<div class=\"row pb-content-type-text\">\n<div class=\"col-xs-12 col-print-12\">\n<p class=\"element element-paragraph\">\u201cMe hiciste un borracho\u201d, Edwin Luna y La Trakalosa De Monterrey.<\/p>\n<\/div>\n<\/div>\n<div class=\"row pb-content-type-text\">\n<div class=\"col-xs-12 col-print-12\">\n<p class=\"element element-paragraph\"><b>Mejor \u00e1lbum de m\u00fasica tejana<\/b><\/p>\n<\/div>\n<\/div>\n<div class=\"row pb-content-type-text\">\n<div class=\"col-xs-12 col-print-12\">\n<p class=\"element element-paragraph\">\u201cSiete\u201d, El Plan<\/p>\n<\/div>\n<\/div>\n<div class=\"row pb-content-type-text\">\n<div class=\"col-xs-12 col-print-12\">\n<p class=\"element element-paragraph\">\u201cTu pr\u00edncipe\u201d, Lucky Joe<\/p>\n<\/div>\n<\/div>\n<div class=\"row pb-content-type-text\">\n<div class=\"col-xs-12 col-print-12\">\n<p class=\"element element-paragraph\"><mark class=\"hl_red\"><b>\u201cColores\u201d, Elida Reyna y Avante (GANADORA)<\/b><\/mark><\/p>\n<\/div>\n<\/div>\n<div class=\"row pb-content-type-text\">\n<div class=\"col-xs-12 col-print-12\">\n<p class=\"element element-paragraph\">\u201cAs\u00ed me ense\u00f1aron\u201d, David Lee Rodriquez<\/p>\n<\/div>\n<\/div>\n<div class=\"row pb-content-type-text\">\n<div class=\"col-xs-12 col-print-12\">\n<p class=\"element element-paragraph\">\u201cNunca te rindas\u201d, Vidal.<\/p>\n<\/div>\n<\/div>\n<div class=\"row pb-content-type-text\">\n<div class=\"col-xs-12 col-print-12\">\n<p class=\"element element-paragraph\"><b>Mejor \u00e1lbum de m\u00fasica norte\u00f1a<\/b><\/p>\n<\/div>\n<\/div>\n<div class=\"row pb-content-type-text\">\n<div class=\"col-xs-12 col-print-12\">\n<p class=\"element element-paragraph\">\u201cPor m\u00e1s\u201d, Bronco<\/p>\n<\/div>\n<\/div>\n<div class=\"row pb-content-type-text\">\n<div class=\"col-xs-12 col-print-12\">\n<p class=\"element element-paragraph\">\u201cLas canciones de la abuela\u201d, Buyuchek<\/p>\n<\/div>\n<\/div>\n<div class=\"row pb-content-type-text\">\n<div class=\"col-xs-12 col-print-12\">\n<p class=\"element element-paragraph\">\u201cMitad y mitad\u201d, Calibre 50<\/p>\n<\/div>\n<\/div>\n<div class=\"row pb-content-type-text\">\n<div class=\"col-xs-12 col-print-12\">\n<p class=\"element element-paragraph\"><mark class=\"hl_red\"><b>\u201cPercepci\u00f3n\u201d, Intocable (GANADOR)<\/b><\/mark><\/p>\n<\/div>\n<\/div>\n<div class=\"row pb-content-type-text\">\n<div class=\"col-xs-12 col-print-12\">\n<p class=\"element element-paragraph\">\u201cAmo\u201d, La Maquinaria Norte\u00f1a.<\/p>\n<\/div>\n<\/div>\n<div class=\"row pb-content-type-text\">\n<div class=\"col-xs-12 col-print-12\">\n<p class=\"element element-paragraph\"><b>Mejor canci\u00f3n regional mexicana<\/b><\/p>\n<\/div>\n<\/div>\n<div class=\"row pb-content-type-text\">\n<div class=\"col-xs-12 col-print-12\">\n<p class=\"element element-paragraph\">\u201cAlguien mejor que yo\u201d, Jos\u00e9 Luis Roma, compositor (Bronco)<\/p>\n<\/div>\n<\/div>\n<div class=\"row pb-content-type-text\">\n<div class=\"col-xs-12 col-print-12\">\n<p class=\"element element-paragraph\">\u201cBesos de mezcal\u201d, Shae Fiol, Camilo Lara y Mireya Ramos, compositores (Flor De Toloache)<\/p>\n<\/div>\n<\/div>\n<div class=\"row pb-content-type-text\">\n<div class=\"col-xs-12 col-print-12\">\n<p class=\"element element-paragraph\"><mark class=\"hl_red\"><b>\u201cDe los besos que te di\u201d, Jos\u00e9 Esparza y Gussy Lau, compositores (Christian Nodal) (GANADOR)<\/b><\/mark><\/p>\n<\/div>\n<\/div>\n<div class=\"row pb-content-type-text\">\n<div class=\"col-xs-12 col-print-12\">\n<p class=\"element element-paragraph\">\u201cNo te contaron mal\u201d, Edgar Barrera, Ren\u00e9 Humberto Lau Ibarra, Gussy Lau y Christian Nodal, compositores (Christian Nodal)<\/p>\n<\/div>\n<\/div>\n<div class=\"row pb-content-type-text\">\n<div class=\"col-xs-12 col-print-12\">\n<p class=\"element element-paragraph\">\u201cTE AMAR\u00c9\u201d, Manuel Monterrosas, compositor (Alex Fern\u00e1ndez).<\/p>\n<\/div>\n<\/div>\n<div class=\"row pb-content-type-text\">\n<div class=\"col-xs-12 col-print-12\">\n<p class=\"element element-paragraph\"><b>INSTRUMENTAL<\/b><\/p>\n<\/div>\n<\/div>\n<div class=\"row pb-content-type-text\">\n<div class=\"col-xs-12 col-print-12\">\n<p class=\"element element-paragraph\"><b>Mejor \u00e1lbum instrumental<\/b><\/p>\n<\/div>\n<\/div>\n<div class=\"row pb-content-type-text\">\n<div class=\"col-xs-12 col-print-12\">\n<p class=\"element element-paragraph\"><mark class=\"hl_red\"><b>\u201cBalance\u201d, Gustavo Casenave (GANADOR)<\/b><\/mark><\/p>\n<\/div>\n<\/div>\n<div class=\"row pb-content-type-text\">\n<div class=\"col-xs-12 col-print-12\">\n<p class=\"element element-paragraph\">\u201cSaxofones live sessions\u201d, Cuban Sax Quintet<\/p>\n<\/div>\n<\/div>\n<div class=\"row pb-content-type-text\">\n<div class=\"col-xs-12 col-print-12\">\n<p class=\"element element-paragraph\">\u201cFolia de treis\u201d, Edu Ribeiro, F\u00e1bio Peron, Toninho Ferragutti<\/p>\n<\/div>\n<\/div>\n<div class=\"row pb-content-type-text\">\n<div class=\"col-xs-12 col-print-12\">\n<p class=\"element element-paragraph\">\u201cUnbalanced Concerto for Ensemble\u201d, Mois\u00e9s P. S\u00e1nchez<\/p>\n<\/div>\n<\/div>\n<div class=\"row pb-content-type-text\">\n<div class=\"col-xs-12 col-print-12\">\n<p class=\"element element-paragraph\">\u201cYo soy la tradici\u00f3n\u201d, Miguel Zen\u00f3n Featuring Spektral Quartet.<\/p>\n<\/div>\n<\/div>\n<div class=\"row pb-content-type-text\">\n<div class=\"col-xs-12 col-print-12\">\n<p class=\"element element-paragraph\"><b>TRADICIONAL<\/b><\/p>\n<\/div>\n<\/div>\n<div class=\"row pb-content-type-text\">\n<div class=\"col-xs-12 col-print-12\">\n<p class=\"element element-paragraph\"><b>Mejor \u00e1lbum folkl\u00f3rico<\/b><\/p>\n<\/div>\n<\/div>\n<div class=\"row pb-content-type-text\">\n<div class=\"col-xs-12 col-print-12\">\n<p class=\"element element-paragraph\">\u201c48 a\u00f1os despu\u00e9s\u201d, Eva Ayllon;<\/p>\n<\/div>\n<\/div>\n<div class=\"row pb-content-type-text\">\n<div class=\"col-xs-12 col-print-12\">\n<p class=\"element element-paragraph\">\u201cOrinoco\u201d, Cimarr\u00f3n<\/p>\n<\/div>\n<\/div>\n<div class=\"row pb-content-type-text\">\n<div class=\"col-xs-12 col-print-12\">\n<p class=\"element element-paragraph\">\u201c\u00a1Va por M\u00e9xico!\u201d, Luis Cobos con The Royal Philarmonic Orchestra y El Mariachi Juvenil Tecalitl\u00e1n<\/p>\n<\/div>\n<\/div>\n<div class=\"row pb-content-type-text\">\n<div class=\"col-xs-12 col-print-12\">\n<p class=\"element element-paragraph\"><mark class=\"hl_red\"><b>\u201cTiempo al tiempo\u201d, Luis Enrique + C4 Trio (GANADOR)<\/b><\/mark><\/p>\n<\/div>\n<\/div>\n<div class=\"row pb-content-type-text\">\n<div class=\"col-xs-12 col-print-12\">\n<p class=\"element element-paragraph\"><b>Mejor \u00e1lbum de tango<\/b><\/p>\n<\/div>\n<\/div>\n<div class=\"row pb-content-type-text\">\n<div class=\"col-xs-12 col-print-12\">\n<p class=\"element element-paragraph\">\u201cMarr\u00f3n y azul\u201d, Daniel Binelli y Nick Danielson<\/p>\n<\/div>\n<\/div>\n<div class=\"row pb-content-type-text\">\n<div class=\"col-xs-12 col-print-12\">\n<p class=\"element element-paragraph\">\u201cRoto\u201d, Enrique Campos<\/p>\n<\/div>\n<\/div>\n<div class=\"row pb-content-type-text\">\n<div class=\"col-xs-12 col-print-12\">\n<p class=\"element element-paragraph\">\u201cAt\u00edpico\u201d, Bernardo Monk<\/p>\n<\/div>\n<\/div>\n<div class=\"row pb-content-type-text\">\n<div class=\"col-xs-12 col-print-12\">\n<p class=\"element element-paragraph\"><mark class=\"hl_red\"><b>\u201cRevolucionario\u201d, Quinteto Astor Piazzolla (GANADOR)<\/b><\/mark><\/p>\n<\/div>\n<\/div>\n<div class=\"row pb-content-type-text\">\n<div class=\"col-xs-12 col-print-12\">\n<p class=\"element element-paragraph\">\u201cRadiotango\u201d, Pablo Ziegler Chamber Quartet.<\/p>\n<\/div>\n<\/div>\n<div class=\"row pb-content-type-text\">\n<div class=\"col-xs-12 col-print-12\">\n<p class=\"element element-paragraph\"><b>Mejor \u00e1lbum de flamenco:\u00a0<\/b>Debido al bajo n\u00famero de inscripciones recibidas este a\u00f1o, estas fueron combinadas con la categor\u00eda mejor \u00e1lbum folkl\u00f3rico.<\/p>\n<\/div>\n<\/div>\n<div class=\"row pb-content-type-text\">\n<div class=\"col-xs-12 col-print-12\">\n<p class=\"element element-paragraph\"><b>JAZZ<\/b><\/p>\n<\/div>\n<\/div>\n<div class=\"row pb-content-type-text\">\n<div class=\"col-xs-12 col-print-12\">\n<p class=\"element element-paragraph\"><b>Mejor \u00e1lbum de jazz latino\/jazz<\/b><\/p>\n<\/div>\n<\/div>\n<div class=\"row pb-content-type-text\">\n<div class=\"col-xs-12 col-print-12\">\n<p class=\"element element-paragraph\">\u201cTurning Pages\u201d, Claudia Acu\u00f1a<\/p>\n<\/div>\n<\/div>\n<div class=\"row pb-content-type-text\">\n<div class=\"col-xs-12 col-print-12\">\n<p class=\"element element-paragraph\">\u201cElemental\u201d Branly, Ruiz y Haslip<\/p>\n<\/div>\n<\/div>\n<div class=\"row pb-content-type-text\">\n<div class=\"col-xs-12 col-print-12\">\n<p class=\"element element-paragraph\">\u201cDos orientales\u201d, Hugo Fattoruso y Tomohiro Yahiro<\/p>\n<\/div>\n<\/div>\n<div class=\"row pb-content-type-text\">\n<div class=\"col-xs-12 col-print-12\">\n<p class=\"element element-paragraph\">\u201cRio &#8211; S\u00e3o Paulo\u201d, Andr\u00e9 Marques<\/p>\n<\/div>\n<\/div>\n<div class=\"row pb-content-type-text\">\n<div class=\"col-xs-12 col-print-12\">\n<p class=\"element element-paragraph\"><mark class=\"hl_red\"><b>\u201cJazz bat\u00e1 2\u201d, Chucho Vald\u00e9s (GANADOR)<\/b><\/mark><\/p>\n<\/div>\n<\/div>\n<div class=\"row pb-content-type-text\">\n<div class=\"col-xs-12 col-print-12\">\n<p class=\"element element-paragraph\"><b>CRISTIANA<\/b><\/p>\n<\/div>\n<\/div>\n<div class=\"row pb-content-type-text\">\n<div class=\"col-xs-12 col-print-12\">\n<p class=\"element element-paragraph\"><b>Mejor \u00e1lbum cristiano (en espa\u00f1ol)<\/b><\/p>\n<\/div>\n<\/div>\n<div class=\"row pb-content-type-text\">\n<div class=\"col-xs-12 col-print-12\">\n<p class=\"element element-paragraph\"><mark class=\"hl_red\"><b>\u201cTodo pasa\u201d, Juan Delgado (GANADOR)<\/b><\/mark><\/p>\n<\/div>\n<\/div>\n<div class=\"row pb-content-type-text\">\n<div class=\"col-xs-12 col-print-12\">\n<p class=\"element element-paragraph\">\u201cMi viaje (en vivo)\u201d, Danilo Montero<\/p>\n<\/div>\n<\/div>\n<div class=\"row pb-content-type-text\">\n<div class=\"col-xs-12 col-print-12\">\n<p class=\"element element-paragraph\">\u201cLluvias de bendici\u00f3n\u201d, Gabriela Soto y Big Band<\/p>\n<\/div>\n<\/div>\n<div class=\"row pb-content-type-text\">\n<div class=\"col-xs-12 col-print-12\">\n<p class=\"element element-paragraph\">\u201cPadre m\u00edo\u201d, Ricardo Torres y su mariachi<\/p>\n<\/div>\n<\/div>\n<div class=\"row pb-content-type-text\">\n<div class=\"col-xs-12 col-print-12\">\n<p class=\"element element-paragraph\">\u201c\u00bfQui\u00e9n contra nosotros?\u201d, Alex Zurdo.<\/p>\n<\/div>\n<\/div>\n<div class=\"row pb-content-type-text\">\n<div class=\"col-xs-12 col-print-12\">\n<p class=\"element element-paragraph\"><b>Mejor \u00e1lbum cristiano (en portugu\u00e9s)<\/b><\/p>\n<\/div>\n<\/div>\n<div class=\"row pb-content-type-text\">\n<div class=\"col-xs-12 col-print-12\">\n<p class=\"element element-paragraph\">\u201cGente\u201d, Priscilla Alc\u00e2ntara<\/p>\n<\/div>\n<\/div>\n<div class=\"row pb-content-type-text\">\n<div class=\"col-xs-12 col-print-12\">\n<p class=\"element element-paragraph\">\u201cSagrado\u201d, Adriana Arydes<\/p>\n<\/div>\n<\/div>\n<div class=\"row pb-content-type-text\">\n<div class=\"col-xs-12 col-print-12\">\n<p class=\"element element-paragraph\"><mark class=\"hl_red\"><b>\u201cGuarda meu cora\u00e7\u00e3o\u201d, Delino Mar\u00e7al (GANADOR)<\/b><\/mark><\/p>\n<\/div>\n<\/div>\n<div class=\"row pb-content-type-text\">\n<div class=\"col-xs-12 col-print-12\">\n<p class=\"element element-paragraph\">\u201cPreto No Branco 3\u201d Preto No Branco<\/p>\n<\/div>\n<\/div>\n<div class=\"row pb-content-type-text\">\n<div class=\"col-xs-12 col-print-12\">\n<p class=\"element element-paragraph\">\u201c360\u00ba\u201d, Eli Soares.<\/p>\n<\/div>\n<\/div>\n<div class=\"row pb-content-type-text\">\n<div class=\"col-xs-12 col-print-12\">\n<p class=\"element element-paragraph\"><b>LENGUA PORTUGUESA<\/b><\/p>\n<\/div>\n<\/div>\n<div class=\"row pb-content-type-text\">\n<div class=\"col-xs-12 col-print-12\">\n<p class=\"element element-paragraph\"><b>Mejor \u00e1lbum pop contempor\u00e1neo en lengua portuguesa<\/b><\/p>\n<\/div>\n<\/div>\n<div class=\"row pb-content-type-text\">\n<div class=\"col-xs-12 col-print-12\">\n<p class=\"element element-paragraph\"><mark class=\"hl_red\"><b>\u201cO tempo \u00e9 agora\u201d, Anavitoria (GANADOR)<\/b><\/mark><\/p>\n<\/div>\n<\/div>\n<div class=\"row pb-content-type-text\">\n<div class=\"col-xs-12 col-print-12\">\n<p class=\"element element-paragraph\">\u201cTar\u00e2ntula\u201d, As Bahias e a Cozinha Mineira<\/p>\n<\/div>\n<\/div>\n<div class=\"row pb-content-type-text\">\n<div class=\"col-xs-12 col-print-12\">\n<p class=\"element element-paragraph\">\u201cTodxs\u201d, Ana Ca\u00f1as<\/p>\n<\/div>\n<\/div>\n<div class=\"row pb-content-type-text\">\n<div class=\"col-xs-12 col-print-12\">\n<p class=\"element element-paragraph\">\u201cPara dias ruins\u201d, Mahmundi<\/p>\n<\/div>\n<\/div>\n<div class=\"row pb-content-type-text\">\n<div class=\"col-xs-12 col-print-12\">\n<p class=\"element element-paragraph\">\u201cSelfie\u201d, Jair Oliveira.<\/p>\n<\/div>\n<\/div>\n<div class=\"row pb-content-type-text\">\n<div class=\"col-xs-12 col-print-12\">\n<p class=\"element element-paragraph\"><b>Mejor \u00e1lbum de rock o m\u00fasica alternativa en lengua portuguesa<\/b><\/p>\n<\/div>\n<\/div>\n<div class=\"row pb-content-type-text\">\n<div class=\"col-xs-12 col-print-12\">\n<p class=\"element element-paragraph\">\u201cVulc\u00e3o\u201d, The Baggios<\/p>\n<\/div>\n<\/div>\n<div class=\"row pb-content-type-text\">\n<div class=\"col-xs-12 col-print-12\">\n<p class=\"element element-paragraph\"><mark class=\"hl_red\"><b>\u201cO futuro n\u00e3o demora\u201d, BaianaSystem (GANADOR)<\/b><\/mark><\/p>\n<\/div>\n<\/div>\n<div class=\"row pb-content-type-text\">\n<div class=\"col-xs-12 col-print-12\">\n<p class=\"element element-paragraph\">\u201cO c\u00e9u sobre a cabe\u00e7a\u201d, Chal<\/p>\n<\/div>\n<\/div>\n<div class=\"row pb-content-type-text\">\n<div class=\"col-xs-12 col-print-12\">\n<p class=\"element element-paragraph\">\u201cGoela abaixo\u201d, Liniker e Os Caramelos<\/p>\n<\/div>\n<\/div>\n<div class=\"row pb-content-type-text\">\n<div class=\"col-xs-12 col-print-12\">\n<p class=\"element element-paragraph\">\u201cMatriz\u201d, Pitty.<\/p>\n<\/div>\n<\/div>\n<div class=\"row pb-content-type-text\">\n<div class=\"col-xs-12 col-print-12\">\n<p class=\"element element-paragraph\"><b>Mejor \u00e1lbum de samba\/pagode<\/b><\/p>\n<\/div>\n<\/div>\n<div class=\"row pb-content-type-text\">\n<div class=\"col-xs-12 col-print-12\">\n<p class=\"element element-paragraph\">\u201cCanta sereno e moa\u201d, Nego \u00c1lvaro<\/p>\n<\/div>\n<\/div>\n<div class=\"row pb-content-type-text\">\n<div class=\"col-xs-12 col-print-12\">\n<p class=\"element element-paragraph\"><mark class=\"hl_red\"><b>\u201cMart\u2019n\u00e1lia canta Vinicius de Moraes\u201d, Mart\u2019n\u00e1lia (GANADOR)<\/b><\/mark><\/p>\n<\/div>\n<\/div>\n<div class=\"row pb-content-type-text\">\n<div class=\"col-xs-12 col-print-12\">\n<p class=\"element element-paragraph\">\u201cDe todos os tempos\u201d, Monarco<\/p>\n<\/div>\n<\/div>\n<div class=\"row pb-content-type-text\">\n<div class=\"col-xs-12 col-print-12\">\n<p class=\"element element-paragraph\">\u201cEm sua dire\u00e7\u00e3o\u201d, P\u00e9ricles<\/p>\n<\/div>\n<\/div>\n<div class=\"row pb-content-type-text\">\n<div class=\"col-xs-12 col-print-12\">\n<p class=\"element element-paragraph\">\u201cAna\u00ed Rosa Atraca Geraldo Pereira\u201d, Ana\u00ed Rosa.<\/p>\n<\/div>\n<\/div>\n<div class=\"row pb-content-type-text\">\n<div class=\"col-xs-12 col-print-12\">\n<p class=\"element element-paragraph\"><b>Mejor \u00e1lbum de m\u00fasica popular brasile\u00f1a<\/b><\/p>\n<\/div>\n<\/div>\n<div class=\"row pb-content-type-text\">\n<div class=\"col-xs-12 col-print-12\">\n<p class=\"element element-paragraph\">\u201cO amor no caos\u201d, Zeca Baleiro<\/p>\n<\/div>\n<\/div>\n<div class=\"row pb-content-type-text\">\n<div class=\"col-xs-12 col-print-12\">\n<p class=\"element element-paragraph\">\u201cCanta Tito Madi\u201d, Nana Caymmi<\/p>\n<\/div>\n<\/div>\n<div class=\"row pb-content-type-text\">\n<div class=\"col-xs-12 col-print-12\">\n<p class=\"element element-paragraph\">\u201cTudo \u00e9 um\u201d, Z\u00e9lia Duncan<\/p>\n<\/div>\n<\/div>\n<div class=\"row pb-content-type-text\">\n<div class=\"col-xs-12 col-print-12\">\n<p class=\"element element-paragraph\">\u201cTempo m\u00ednimo\u201d, Delia Fischer<\/p>\n<\/div>\n<\/div>\n<div class=\"row pb-content-type-text\">\n<div class=\"col-xs-12 col-print-12\">\n<p class=\"element element-paragraph\"><mark class=\"hl_red\"><b>\u201cOk ok ok\u201d, Gilberto Gil (GANADOR)<\/b><\/mark><\/p>\n<\/div>\n<\/div>\n<div class=\"row pb-content-type-text\">\n<div class=\"col-xs-12 col-print-12\">\n<p class=\"element element-paragraph\">\u201cBesta fera\u201d, Jards Macal\u00e9.<\/p>\n<\/div>\n<\/div>\n<div class=\"row pb-content-type-text\">\n<div class=\"col-xs-12 col-print-12\">\n<p class=\"element element-paragraph\"><b>Mejor \u00e1lbum de m\u00fasica sertaneja<\/b><\/p>\n<\/div>\n<\/div>\n<div class=\"row pb-content-type-text\">\n<div class=\"col-xs-12 col-print-12\">\n<p class=\"element element-paragraph\">\u201cHora certa\u201d, Paula Fernandes<\/p>\n<\/div>\n<\/div>\n<div class=\"row pb-content-type-text\">\n<div class=\"col-xs-12 col-print-12\">\n<p class=\"element element-paragraph\">\u201cFrancis &amp; Felipe\u201d, Francis &amp; Felipe<\/p>\n<\/div>\n<\/div>\n<div class=\"row pb-content-type-text\">\n<div class=\"col-xs-12 col-print-12\">\n<p class=\"element element-paragraph\"><mark class=\"hl_red\"><b>\u201cEm todos os cantos\u201d, Marilia Mendon\u00e7a (GANADOR)<\/b><\/mark><\/p>\n<\/div>\n<\/div>\n<div class=\"row pb-content-type-text\">\n<div class=\"col-xs-12 col-print-12\">\n<p class=\"element element-paragraph\">\u201cLive movel\u201d, Luan Santana<\/p>\n<\/div>\n<\/div>\n<div class=\"row pb-content-type-text\">\n<div class=\"col-xs-12 col-print-12\">\n<p class=\"element element-paragraph\">\u201cAo vivo em S\u00e3o Paulo\u201d, Mano Walter.<\/p>\n<\/div>\n<\/div>\n<div class=\"row pb-content-type-text\">\n<div class=\"col-xs-12 col-print-12\">\n<p class=\"element element-paragraph\"><b>Mejor \u00e1lbum de m\u00fasica de ra\u00edces en lengua portuguesa<\/b><\/p>\n<\/div>\n<\/div>\n<div class=\"row pb-content-type-text\">\n<div class=\"col-xs-12 col-print-12\">\n<p class=\"element element-paragraph\">\u201cAjo\u201d, Foli Gri\u00f4 Orquestra<\/p>\n<\/div>\n<\/div>\n<div class=\"row pb-content-type-text\">\n<div class=\"col-xs-12 col-print-12\">\n<p class=\"element element-paragraph\">\u201cMacumbas e catimb\u00f3s\u201d, Alessandra Le\u00e3o<\/p>\n<\/div>\n<\/div>\n<div class=\"row pb-content-type-text\">\n<div class=\"col-xs-12 col-print-12\">\n<p class=\"element element-paragraph\"><mark class=\"hl_red\"><b>\u201cHermeto Pascoal e sua vis\u00e3o original do forr\u00f3\u201d, Hermeto Pascoal (GANADOR)<\/b><\/mark><\/p>\n<\/div>\n<\/div>\n<div class=\"row pb-content-type-text\">\n<div class=\"col-xs-12 col-print-12\">\n<p class=\"element element-paragraph\">\u201cO ouro do p\u00f3 da estrada\u201d, Elba Ramalho<\/p>\n<\/div>\n<\/div>\n<div class=\"row pb-content-type-text\">\n<div class=\"col-xs-12 col-print-12\">\n<p class=\"element element-paragraph\">\u201cRei Caipira\u201d, Z\u00e9 Mulato E Cassiano.<\/p>\n<\/div>\n<\/div>\n<div class=\"row pb-content-type-text\">\n<div class=\"col-xs-12 col-print-12\">\n<p class=\"element element-paragraph\"><b>Canci\u00f3n en lengua portuguesa<\/b><\/p>\n<\/div>\n<\/div>\n<div class=\"row pb-content-type-text\">\n<div class=\"col-xs-12 col-print-12\">\n<p class=\"element element-paragraph\">\u201cAnsiosos pra viver\u201d, Mestrinho, compositor (Mestrinho)<\/p>\n<\/div>\n<\/div>\n<div class=\"row pb-content-type-text\">\n<div class=\"col-xs-12 col-print-12\">\n<p class=\"element element-paragraph\"><mark class=\"hl_red\"><b>\u201cDesconstru\u00e7\u00e3o\u201d, Tiago Iorc, compositor (Tiago Iorc) (GANADOR)<\/b><\/mark><\/p>\n<\/div>\n<\/div>\n<div class=\"row pb-content-type-text\">\n<div class=\"col-xs-12 col-print-12\">\n<p class=\"element element-paragraph\">\u201cEt\u00e9rea\u201d, Criolo, compositor (Criolo)<\/p>\n<\/div>\n<\/div>\n<div class=\"row pb-content-type-text\">\n<div class=\"col-xs-12 col-print-12\">\n<p class=\"element element-paragraph\">\u201cMil e uma\u201d, Arnaldo Antunes y Claudia Brant, compositores (Claudia Brant con Arnaldo Antunes)<\/p>\n<\/div>\n<\/div>\n<div class=\"row pb-content-type-text\">\n<div class=\"col-xs-12 col-print-12\">\n<p class=\"element element-paragraph\">\u201cSem palavras\u201d, M\u00e1rio Laginha y Jo\u00e3o Monge, compositores (Ant\u00f3nio Zambujo).<\/p>\n<\/div>\n<\/div>\n<div class=\"row pb-content-type-text\">\n<div class=\"col-xs-12 col-print-12\">\n<p class=\"element element-paragraph\"><b>NI\u00d1OS<\/b><\/p>\n<\/div>\n<\/div>\n<div class=\"row pb-content-type-text\">\n<div class=\"col-xs-12 col-print-12\">\n<p class=\"element element-paragraph\"><b>Mejor \u00e1lbum de m\u00fasica para ni\u00f1os<\/b><\/p>\n<\/div>\n<\/div>\n<div class=\"row pb-content-type-text\">\n<div class=\"col-xs-12 col-print-12\">\n<p class=\"element element-paragraph\">\u201cLuces, c\u00e1mara, acci\u00f3n\u201d, Claraluna<\/p>\n<\/div>\n<\/div>\n<div class=\"row pb-content-type-text\">\n<div class=\"col-xs-12 col-print-12\">\n<p class=\"element element-paragraph\">\u201c\u00a1Alegr\u00eda!\u201d, Sonia De Los Santos<\/p>\n<\/div>\n<\/div>\n<div class=\"row pb-content-type-text\">\n<div class=\"col-xs-12 col-print-12\">\n<p class=\"element element-paragraph\"><mark class=\"hl_red\"><b>\u201cBuenos Diaz\u201d, The Lucky Band (GANADOR)<\/b><\/mark><\/p>\n<\/div>\n<\/div>\n<div class=\"row pb-content-type-text\">\n<div class=\"col-xs-12 col-print-12\">\n<p class=\"element element-paragraph\">\u201cBim bom bam!\u201d, Payasitas Nifu Nifa<\/p>\n<\/div>\n<\/div>\n<div class=\"row pb-content-type-text\">\n<div class=\"col-xs-12 col-print-12\">\n<p class=\"element element-paragraph\">\u201cCanta las letras\u201d, 123 Andr\u00e9s<\/p>\n<div class=\"row pb-content-type-text\">\n<div class=\"col-xs-12 col-print-12\">\n<p class=\"element element-paragraph\"><b>CL\u00c1SICA<\/b><\/p>\n<\/div>\n<\/div>\n<div class=\"row pb-content-type-text\">\n<div class=\"col-xs-12 col-print-12\">\n<p class=\"element element-paragraph\"><b>Mejor \u00e1lbum de m\u00fasica cl\u00e1sica<\/b><\/p>\n<\/div>\n<\/div>\n<div class=\"row pb-content-type-text\">\n<div class=\"col-xs-12 col-print-12\">\n<p class=\"element element-paragraph\">\u201cAmerica\u201d, Claudio Constantini<\/p>\n<\/div>\n<\/div>\n<div class=\"row pb-content-type-text\">\n<div class=\"col-xs-12 col-print-12\">\n<p class=\"element element-paragraph\">Francisco Moya, productor<\/p>\n<\/div>\n<\/div>\n<div class=\"row pb-content-type-text\">\n<div class=\"col-xs-12 col-print-12\">\n<p class=\"element element-paragraph\">\u201c\u00c1rboles de vidrio\u201d, Edith Ruiz<\/p>\n<\/div>\n<\/div>\n<div class=\"row pb-content-type-text\">\n<div class=\"col-xs-12 col-print-12\">\n<p class=\"element element-paragraph\">Edith Ruiz, productora<\/p>\n<\/div>\n<\/div>\n<div class=\"row pb-content-type-text\">\n<div class=\"col-xs-12 col-print-12\">\n<p class=\"element element-paragraph\">\u201cCuba: The Legacy\u201d, National Symphony Orchestra Of Cuba<\/p>\n<\/div>\n<\/div>\n<div class=\"row pb-content-type-text\">\n<div class=\"col-xs-12 col-print-12\">\n<p class=\"element element-paragraph\">Enrique P\u00e9rez Mesa, director<\/p>\n<\/div>\n<\/div>\n<div class=\"row pb-content-type-text\">\n<div class=\"col-xs-12 col-print-12\">\n<p class=\"element element-paragraph\">Yalil Guerra, productor<\/p>\n<\/div>\n<\/div>\n<div class=\"row pb-content-type-text\">\n<div class=\"col-xs-12 col-print-12\">\n<p class=\"element element-paragraph\"><mark class=\"hl_red\"><b>\u201cRegreso\u201d, Samuel Torres y La Nueva Filarmon\u00eda (GANADOR)<\/b><\/mark><\/p>\n<\/div>\n<\/div>\n<div class=\"row pb-content-type-text\">\n<div class=\"col-xs-12 col-print-12\">\n<p class=\"element element-paragraph\">Ricardo Jaramillo, director<\/p>\n<\/div>\n<\/div>\n<div class=\"row pb-content-type-text\">\n<div class=\"col-xs-12 col-print-12\">\n<p class=\"element element-paragraph\">Danilo \u00c1lvarez, Ricardo Jaramillo y Samuel Torres, productores<\/p>\n<\/div>\n<\/div>\n<div class=\"row pb-content-type-text\">\n<div class=\"col-xs-12 col-print-12\">\n<p class=\"element element-paragraph\">\u201cSolosh\u201d, Orquesta Sinf\u00f3nica de Heredia<\/p>\n<\/div>\n<\/div>\n<div class=\"row pb-content-type-text\">\n<div class=\"col-xs-12 col-print-12\">\n<p class=\"element element-paragraph\">Eddie Mora, director<\/p>\n<\/div>\n<\/div>\n<div class=\"row pb-content-type-text\">\n<div class=\"col-xs-12 col-print-12\">\n<p class=\"element element-paragraph\">Carlos Pipo Chaves y Eddie Mora, productores.<\/p>\n<div class=\"row pb-content-type-text\">\n<div class=\"col-xs-12 col-print-12\">\n<p class=\"element element-paragraph\"><b>CL\u00c1SICA<\/b><\/p>\n<\/div>\n<\/div>\n<div class=\"row pb-content-type-text\">\n<div class=\"col-xs-12 col-print-12\">\n<p class=\"element element-paragraph\"><b>Mejor \u00e1lbum de m\u00fasica cl\u00e1sica<\/b><\/p>\n<\/div>\n<\/div>\n<div class=\"row pb-content-type-text\">\n<div class=\"col-xs-12 col-print-12\">\n<p class=\"element element-paragraph\">\u201cAmerica\u201d, Claudio Constantini<\/p>\n<\/div>\n<\/div>\n<div class=\"row pb-content-type-text\">\n<div class=\"col-xs-12 col-print-12\">\n<p class=\"element element-paragraph\">Francisco Moya, productor<\/p>\n<\/div>\n<\/div>\n<div class=\"row pb-content-type-text\">\n<div class=\"col-xs-12 col-print-12\">\n<p class=\"element element-paragraph\">\u201c\u00c1rboles de vidrio\u201d, Edith Ruiz<\/p>\n<\/div>\n<\/div>\n<div class=\"row pb-content-type-text\">\n<div class=\"col-xs-12 col-print-12\">\n<p class=\"element element-paragraph\">Edith Ruiz, productora<\/p>\n<\/div>\n<\/div>\n<div class=\"row pb-content-type-text\">\n<div class=\"col-xs-12 col-print-12\">\n<p class=\"element element-paragraph\">\u201cCuba: The Legacy\u201d, National Symphony Orchestra Of Cuba<\/p>\n<\/div>\n<\/div>\n<div class=\"row pb-content-type-text\">\n<div class=\"col-xs-12 col-print-12\">\n<p class=\"element element-paragraph\">Enrique P\u00e9rez Mesa, director<\/p>\n<\/div>\n<\/div>\n<div class=\"row pb-content-type-text\">\n<div class=\"col-xs-12 col-print-12\">\n<p class=\"element element-paragraph\">Yalil Guerra, productor<\/p>\n<\/div>\n<\/div>\n<div class=\"row pb-content-type-text\">\n<div class=\"col-xs-12 col-print-12\">\n<p class=\"element element-paragraph\"><mark class=\"hl_red\"><b>\u201cRegreso\u201d, Samuel Torres y La Nueva Filarmon\u00eda (GANADOR)<\/b><\/mark><\/p>\n<\/div>\n<\/div>\n<div class=\"row pb-content-type-text\">\n<div class=\"col-xs-12 col-print-12\">\n<p class=\"element element-paragraph\">Ricardo Jaramillo, director<\/p>\n<\/div>\n<\/div>\n<div class=\"row pb-content-type-text\">\n<div class=\"col-xs-12 col-print-12\">\n<p class=\"element element-paragraph\">Danilo \u00c1lvarez, Ricardo Jaramillo y Samuel Torres, productores<\/p>\n<\/div>\n<\/div>\n<div class=\"row pb-content-type-text\">\n<div class=\"col-xs-12 col-print-12\">\n<p class=\"element element-paragraph\">\u201cSolosh\u201d, Orquesta Sinf\u00f3nica de Heredia<\/p>\n<\/div>\n<\/div>\n<div class=\"row pb-content-type-text\">\n<div class=\"col-xs-12 col-print-12\">\n<p class=\"element element-paragraph\">Eddie Mora, director<\/p>\n<\/div>\n<\/div>\n<div class=\"row pb-content-type-text\">\n<div class=\"col-xs-12 col-print-12\">\n<p class=\"element element-paragraph\">Carlos Pipo Chaves y Eddie Mora, productores.<\/p>\n<div class=\"row pb-content-type-text\">\n<div class=\"col-xs-12 col-print-12\">\n<p class=\"element element-paragraph\"><b>Mejor obra\/composici\u00f3n cl\u00e1sica contempor\u00e1nea:<\/b>\u00a0(debido al bajo n\u00famero de inscripciones, esta categor\u00eda no ser\u00e1 premiada este a\u00f1o)<\/p>\n<\/div>\n<\/div>\n<div class=\"row pb-content-type-text\">\n<div class=\"col-xs-12 col-print-12\">\n<p class=\"element element-paragraph\"><b>Mejor arreglo<\/b><\/p>\n<\/div>\n<\/div>\n<div class=\"row pb-content-type-text\">\n<div class=\"col-xs-12 col-print-12\">\n<p class=\"element element-paragraph\">\u201cRed Wall (va a caer)\u201d, Otmaro Ruiz, arreglista (Branly, Ruiz y Haslip)<\/p>\n<\/div>\n<\/div>\n<div class=\"row pb-content-type-text\">\n<div class=\"col-xs-12 col-print-12\">\n<p class=\"element element-paragraph\">\u201cMariachitl\u00e1n\u201d, Juan Pablo Contreras, arreglista (Juan Pablo Contreras, Marco Parisotto y Orquesta Filarm\u00f3nica de Jalisco)<\/p>\n<\/div>\n<\/div>\n<div class=\"row pb-content-type-text\">\n<div class=\"col-xs-12 col-print-12\">\n<p class=\"element element-paragraph\"><mark class=\"hl_red\"><b>\u201cSirena\u201d, Rodner Padilla, arreglista (Luis Enrique + C4 Trio) (GANADOR)<\/b><\/mark><\/p>\n<\/div>\n<\/div>\n<div class=\"row pb-content-type-text\">\n<div class=\"col-xs-12 col-print-12\">\n<p class=\"element element-paragraph\">\u201cLoko de amor\u201d, Pablo Cebri\u00e1n y Ketama, arreglistas (Ketama)<\/p>\n<\/div>\n<\/div>\n<div class=\"row pb-content-type-text\">\n<div class=\"col-xs-12 col-print-12\">\n<p class=\"element element-paragraph\">\u201cImprevisto\u201d, C\u00e9sar Orozco, arreglista (Ra\u00edces Jazz Orchestra, Pablo Gil y Tony Succar).<\/p>\n<\/div>\n<\/div>\n<div class=\"row pb-content-type-text\">\n<div class=\"col-xs-12 col-print-12\">\n<p class=\"element element-paragraph\"><b>Mejor dise\u00f1o de empaque<\/b><\/p>\n<\/div>\n<\/div>\n<div class=\"row pb-content-type-text\">\n<div class=\"col-xs-12 col-print-12\">\n<p class=\"element element-paragraph\">\u201cAn\u00f3nimas y resilientes\u201d, Luisa Mar\u00eda Arango, Carlos Duss\u00e1n, Manuel Garc\u00eda-Orozco y Juliana Jaramillo-Buenaventura, directores de arte (Voces Del Bullerengue)<\/p>\n<\/div>\n<\/div>\n<div class=\"row pb-content-type-text\">\n<div class=\"col-xs-12 col-print-12\">\n<p class=\"element element-paragraph\">\u201cAstronauta\u201d, Emilio Lorente, director de arte (Zahara)<\/p>\n<\/div>\n<\/div>\n<div class=\"row pb-content-type-text\">\n<div class=\"col-xs-12 col-print-12\">\n<p class=\"element element-paragraph\"><mark class=\"hl_red\"><b>\u201cEl mal querer\u201d, Man Mourentan y Tamara P\u00e9rez, directores de arte (Rosal\u00eda) (GANADOR)<\/b><\/mark><\/p>\n<\/div>\n<\/div>\n<div class=\"row pb-content-type-text\">\n<div class=\"col-xs-12 col-print-12\">\n<p class=\"element element-paragraph\">\u201cLi\u00e7\u00e3o #2: Dorival\u201d, Deborah Salles, directora de arte (Quartab\u00ea)<\/p>\n<\/div>\n<\/div>\n<div class=\"row pb-content-type-text\">\n<div class=\"col-xs-12 col-print-12\">\n<p class=\"element element-paragraph\">\u201cNuclear\u201d, Boa Mistura, director de arte (Leiva).<\/p>\n<\/div>\n<\/div>\n<div class=\"row pb-content-type-text\">\n<div class=\"col-xs-12 col-print-12\">\n<p class=\"element element-paragraph\"><b>Mejor ingenier\u00eda de grabaci\u00f3n para un \u00e1lbum<\/b><\/p>\n<\/div>\n<\/div>\n<div class=\"row pb-content-type-text\">\n<div class=\"col-xs-12 col-print-12\">\n<p class=\"element element-paragraph\">\u201cAna\u00ed Rosa Atraca Geraldo Pereira\u201d, Carlos Lima, ingeniero Carlos Lima, mezclador Carlos Lima, ingeniero de masterizaci\u00f3n (Ana\u00ed Rosa).<\/p>\n<\/div>\n<\/div>\n<div class=\"row pb-content-type-text\">\n<div class=\"col-xs-12 col-print-12\">\n<p class=\"element element-paragraph\">\u201cBach\u201d, Zac Hern\u00e1ndez y Jerry Ordo\u00f1ez, ingenieros Jack Lahana, mezclador Chab, ingeniero de masterizaci\u00f3n (Bandalos Chinos).<\/p>\n<\/div>\n<\/div>\n<div class=\"row pb-content-type-text\">\n<div class=\"col-xs-12 col-print-12\">\n<p class=\"element element-paragraph\"><mark class=\"hl_red\"><b>\u201cEl mal querer\u201d, El Guincho y Brian Hern\u00e1ndez, ingenieros Jaycen Joshua, mezclador Chris Athens, ingeniero de masterizaci\u00f3n (Rosal\u00eda) (GANADOR)<\/b><\/mark><\/p>\n<\/div>\n<\/div>\n<div class=\"row pb-content-type-text\">\n<div class=\"col-xs-12 col-print-12\">\n<p class=\"element element-paragraph\">\u201cEncontros\u201d, Roger Freret, ingeniero Marcelo Sab\u00f3ia, mezclador Ron McMaster, ingeniero de masterizaci\u00f3n (Antonio Adolfo con Orquestra Atlantica)<\/p>\n<\/div>\n<\/div>\n<div class=\"row pb-content-type-text\">\n<div class=\"col-xs-12 col-print-12\">\n<p class=\"element element-paragraph\">\u201cMontaner\u201d, Jan Holzner, David Julca, Jonathan Julca, Jon Leone, Carlos Fernando L\u00f3pez, Ricardo L\u00f3pez Lalinde, Yasmil Marrufo, Dar\u00edo Moscatelli, Jorge Palacio y Tainy, ingenieros Jaycen Joshua, mezclador; Mike Bozzi, ingeniero de masterizaci\u00f3n (Ricardo Montaner).<\/p>\n<\/div>\n<\/div>\n<div class=\"row pb-content-type-text\">\n<div class=\"col-xs-12 col-print-12\">\n<p class=\"element element-paragraph\"><b>Productor del A\u00f1o<\/b><\/p>\n<\/div>\n<\/div>\n<div class=\"row pb-content-type-text\">\n<div class=\"col-xs-12 col-print-12\">\n<p class=\"element element-paragraph\">Andr\u00e9s Torres y Mauricio Rengifo<\/p>\n<\/div>\n<\/div>\n<div class=\"row pb-content-type-text\">\n<div class=\"col-xs-12 col-print-12\">\n<p class=\"element element-paragraph\">Julio Reyes Copello<\/p>\n<\/div>\n<\/div>\n<div class=\"row pb-content-type-text\">\n<div class=\"col-xs-12 col-print-12\">\n<p class=\"element element-paragraph\">Rafa Sardina<\/p>\n<\/div>\n<\/div>\n<div class=\"row pb-content-type-text\">\n<div class=\"col-xs-12 col-print-12\">\n<p class=\"element element-paragraph\"><mark class=\"hl_red\"><b>Tony Succar; Juan Pablo Vega (GANADOR)<\/b><\/mark><\/p>\n<\/div>\n<\/div>\n<div class=\"row pb-content-type-text\">\n<div class=\"col-xs-12 col-print-12\">\n<p class=\"element element-paragraph\"><b>Video:<\/b><\/p>\n<\/div>\n<\/div>\n<div class=\"row pb-content-type-text\">\n<div class=\"col-xs-12 col-print-12\">\n<p class=\"element element-paragraph\"><b>Mejor video musical versi\u00f3n corta<\/b><\/p>\n<\/div>\n<\/div>\n<div class=\"row pb-content-type-text\">\n<div class=\"col-xs-12 col-print-12\">\n<p class=\"element element-paragraph\">\u201cBoca de lobo\u201d, Criolo Denis Cisma y Pedro Inoue, directores Saigon Filmes, producci\u00f3n<\/p>\n<\/div>\n<\/div>\n<div class=\"row pb-content-type-text\">\n<div class=\"col-xs-12 col-print-12\">\n<p class=\"element element-paragraph\">\u201cMe solta\u201d, Nego Do Borel con Dj Rennan Da Penha Kondzilla, direcci\u00f3n y producci\u00f3n<\/p>\n<\/div>\n<\/div>\n<div class=\"row pb-content-type-text\">\n<div class=\"col-xs-12 col-print-12\">\n<p class=\"element element-paragraph\"><mark class=\"hl_red\"><b>\u201cBanana Papaya\u201d, Kany Garc\u00eda y Residente Kacho L\u00f3pez, director; Tristana Robles, producci\u00f3n (GANADOR)<\/b><\/mark><\/p>\n<\/div>\n<\/div>\n<div class=\"row pb-content-type-text\">\n<div class=\"col-xs-12 col-print-12\">\n<p class=\"element element-paragraph\">\u201cLos zurdos mueren antes\u201d, Nach; Willy Rodr\u00edguez, direcci\u00f3n y producci\u00f3n.<\/p>\n<\/div>\n<\/div>\n<div class=\"row pb-content-type-text\">\n<div class=\"col-xs-12 col-print-12\">\n<p class=\"element element-paragraph\">\u201cVivir los colores\u201d, Todo Aparenta Normal Mariano Dawidson, direcci\u00f3n Dawidson Films, producci\u00f3n.<\/p>\n<\/div>\n<\/div>\n<div class=\"row pb-content-type-text\">\n<div class=\"col-xs-12 col-print-12\">\n<p class=\"element element-paragraph\"><b>Mejor video musical versi\u00f3n larga<\/b><\/p>\n<\/div>\n<\/div>\n<div class=\"row pb-content-type-text\">\n<div class=\"col-xs-12 col-print-12\">\n<p class=\"element element-paragraph\">\u201cAnatom\u00eda de un \u00e9xodo\u201d, Mastodonte Alfonso Cort\u00e9s-Cabanillas y Asier Etxeand\u00eda, direcci\u00f3n Jos\u00e9 Luis Huertas y An\u00edbal Ruiz-Villar, producci\u00f3n<\/p>\n<\/div>\n<\/div>\n<div class=\"row pb-content-type-text\">\n<div class=\"col-xs-12 col-print-12\">\n<p class=\"element element-paragraph\">\u201cPiazzolla, los a\u00f1os del tibur\u00f3n\u201d, Astor Piazzolla Daniel Rosenfeld, direcci\u00f3n y producci\u00f3n.<\/p>\n<\/div>\n<\/div>\n<div class=\"row pb-content-type-text\">\n<div class=\"col-xs-12 col-print-12\">\n<p class=\"element element-paragraph\">\u201cHotel de los encuentros\u201d, Draco Rosa Henry Duarte, Jos\u00e9 Luis Jim\u00e9nez, Miguel Jim\u00e9nez, Draco Rosa, Redamo Rosa y Revel Rosa, direcci\u00f3n Jos\u00e9 Luis Jim\u00e9nez, Miguel Jim\u00e9nez, Draco Rosa y Revel Rosa, producci\u00f3n.<\/p>\n<\/div>\n<\/div>\n<div class=\"row pb-content-type-text\">\n<div class=\"col-xs-12 col-print-12\">\n<p class=\"element element-paragraph\"><mark class=\"hl_red\"><b>\u201cLo que fui es lo que soy\u201d, Alejandro Sanz, Gervasio Iglesias y Alexis Morante, direcci\u00f3n, \u00c1lvaro Agust\u00edn, Ghislain Barrois y Gervasio Iglesias, producci\u00f3n (GANADOR)<\/b><\/mark><\/p>\n<\/div>\n<\/div>\n<div class=\"row pb-content-type-text\">\n<div class=\"col-xs-12 col-print-12\">\n<p class=\"element element-paragraph\">\u201cD\u00e9jame quererte\u201d, Carlos Vives, Juan Pablo Caballero y Felipe Cort\u00e9s, direcci\u00f3n Nathalie Burnside, producci\u00f3n. (E)<\/p>\n<\/div>\n<\/div>\n<\/div>\n<\/div>\n<\/div>\n<\/div>\n<\/div>\n<\/div>\n<\/div>\n<\/div>\n<\/div>\n<\/div>\n<\/div>\n<\/div>\n<\/div>\n<\/div>\n<\/div>\n","protected":false},"excerpt":{"rendered":"<p>En Las Vegas se celebr\u00f3 la vig\u00e9sima edici\u00f3n. Entre los argentinos, se destacaron la presencia de Andr\u00e9s Calamaro, Paulo Londra y Babas\u00f3nicos. Pedro Cap\u00f3, Rosal\u00eda, Alejandro Sanz y Andr\u00e9s Calamaro fueron los artistas m\u00e1s galardonados en la noche de los Latin Grammy 2019, uno de los eventos m\u00e1s esperados por los amantes de la m\u00fasica [&hellip;]<\/p>\n","protected":false},"author":1,"featured_media":69580,"comment_status":"closed","ping_status":"closed","sticky":false,"template":"","format":"standard","meta":{"_seopress_robots_primary_cat":"","_seopress_titles_title":"","_seopress_titles_desc":"","_seopress_robots_index":"","footnotes":""},"categories":[5],"tags":[25723,25724],"class_list":{"0":"post-69579","1":"post","2":"type-post","3":"status-publish","4":"format-standard","5":"has-post-thumbnail","7":"category-musica","8":"tag-ganadores-de-los-latin-grammy-2019","9":"tag-latin-grammy-2019"},"_links":{"self":[{"href":"https:\/\/www.cordobatimes.com\/showup\/wp-json\/wp\/v2\/posts\/69579","targetHints":{"allow":["GET"]}}],"collection":[{"href":"https:\/\/www.cordobatimes.com\/showup\/wp-json\/wp\/v2\/posts"}],"about":[{"href":"https:\/\/www.cordobatimes.com\/showup\/wp-json\/wp\/v2\/types\/post"}],"author":[{"embeddable":true,"href":"https:\/\/www.cordobatimes.com\/showup\/wp-json\/wp\/v2\/users\/1"}],"replies":[{"embeddable":true,"href":"https:\/\/www.cordobatimes.com\/showup\/wp-json\/wp\/v2\/comments?post=69579"}],"version-history":[{"count":0,"href":"https:\/\/www.cordobatimes.com\/showup\/wp-json\/wp\/v2\/posts\/69579\/revisions"}],"wp:featuredmedia":[{"embeddable":true,"href":"https:\/\/www.cordobatimes.com\/showup\/wp-json\/wp\/v2\/media\/69580"}],"wp:attachment":[{"href":"https:\/\/www.cordobatimes.com\/showup\/wp-json\/wp\/v2\/media?parent=69579"}],"wp:term":[{"taxonomy":"category","embeddable":true,"href":"https:\/\/www.cordobatimes.com\/showup\/wp-json\/wp\/v2\/categories?post=69579"},{"taxonomy":"post_tag","embeddable":true,"href":"https:\/\/www.cordobatimes.com\/showup\/wp-json\/wp\/v2\/tags?post=69579"}],"curies":[{"name":"wp","href":"https:\/\/api.w.org\/{rel}","templated":true}]}}