{"id":69575,"date":"2019-11-15T10:53:44","date_gmt":"2019-11-15T13:53:44","guid":{"rendered":"https:\/\/www.cordobatimes.com\/showup\/?p=69575"},"modified":"2019-11-15T10:53:44","modified_gmt":"2019-11-15T13:53:44","slug":"el-homenaje-en-los-latin-grammy-a-gustavo-cerati","status":"publish","type":"post","link":"https:\/\/www.cordobatimes.com\/showup\/musica\/2019\/11\/15\/el-homenaje-en-los-latin-grammy-a-gustavo-cerati\/","title":{"rendered":"El homenaje en los Latin Grammy a Gustavo Cerati"},"content":{"rendered":"<h3><strong>Ricky Martin junto a Fito P\u00e1ez, Draco Rosa y Beto Cuevas interpretaron \u201cDe M\u00fasica Ligera\u201d de Soda Stereo al inicio de la gala en la que tambi\u00e9n se homenaje\u00f3 a Celia Cruz y Joan Sebasti\u00e1n<\/strong><\/h3>\n<p>os Latin Grammy celebraron su 20 aniversario con un n\u00famero inaugural en el que participaron una veintena de artistas. La gala en el MGM Grand Garden Arena de Las Vegas abri\u00f3 con una actuaci\u00f3n en la que Prince Royce, Anitta, Fito P\u00e1ez, Natalia Jim\u00e9nez, Beto Cuevas, Calibre 50, Carlos Rivera, Draco Rosa, Leonel Garc\u00eda, Milly Quezada, Olga Ta\u00f1\u00f3n, Reik y Tony Succar rindieron homenaje a la m\u00fasica latina, resaltando distintos g\u00e9neros.<\/p>\n<p>Ricky Martin, a cargo de la ceremonia de los Latin Grammy, acompa\u00f1ado por las actrices Roselyn S\u00e1nchez y Paz Vega, fue el encargado de cerrar el espectacular show con la famosa frase del fallecido cantante argentino Gustavo Cerati: \u201cGracias Totales\u201d. Junto a Beto Cuevas, Fito P\u00e1ez y Draco Rosa interpretaron \u201cDe m\u00fasica Ligera\u201d de Soda Stereo.<\/p>\n<p>Tambi\u00e9n se homenaje\u00f3 Celia Cruz, Juan Gabriel y Joan Sebastian.<\/p>\n<p><img alt=\"\" loading=\"lazy\" decoding=\"async\" class=\"alignnone size-full wp-image-69577\" src=\"https:\/\/www.cordobatimes.com\/showup\/wp-content\/uploads\/2019\/11\/5520.jpg\" alt=\"\" width=\"726\" height=\"461\" srcset=\"https:\/\/www.cordobatimes.com\/showup\/wp-content\/uploads\/2019\/11\/5520.jpg 726w, https:\/\/www.cordobatimes.com\/showup\/wp-content\/uploads\/2019\/11\/5520-661x420.jpg 661w, https:\/\/www.cordobatimes.com\/showup\/wp-content\/uploads\/2019\/11\/5520-696x442.jpg 696w\" sizes=\"auto, (max-width: 726px) 100vw, 726px\" \/><\/p>\n<p><iframe loading=\"lazy\" src=\"https:\/\/www.youtube.com\/embed\/I8ZQQraCNkk\" width=\"560\" height=\"315\" frameborder=\"0\" allowfullscreen=\"allowfullscreen\"><\/iframe><\/p>\n","protected":false},"excerpt":{"rendered":"<p>Ricky Martin junto a Fito P\u00e1ez, Draco Rosa y Beto Cuevas interpretaron \u201cDe M\u00fasica Ligera\u201d de Soda Stereo al inicio de la gala en la que tambi\u00e9n se homenaje\u00f3 a Celia Cruz y Joan Sebasti\u00e1n os Latin Grammy celebraron su 20 aniversario con un n\u00famero inaugural en el que participaron una veintena de artistas. La [&hellip;]<\/p>\n","protected":false},"author":1,"featured_media":69576,"comment_status":"closed","ping_status":"closed","sticky":false,"template":"","format":"standard","meta":{"_seopress_robots_primary_cat":"","_seopress_titles_title":"","_seopress_titles_desc":"","_seopress_robots_index":"","footnotes":""},"categories":[5],"tags":[25719,25722,25721,25718,25720],"class_list":{"0":"post-69575","1":"post","2":"type-post","3":"status-publish","4":"format-standard","5":"has-post-thumbnail","7":"category-musica","8":"tag-homenaje-gustavo-cerati","9":"tag-homenaje-latin-grammy-de-musica-ligera","10":"tag-homenaje-latin-grammy-gustavo-cerati","11":"tag-latin-grammy-gustavo-cerati","12":"tag-ricky-martin-fito-paez-draco-rosa-beto-cuevas"},"_links":{"self":[{"href":"https:\/\/www.cordobatimes.com\/showup\/wp-json\/wp\/v2\/posts\/69575","targetHints":{"allow":["GET"]}}],"collection":[{"href":"https:\/\/www.cordobatimes.com\/showup\/wp-json\/wp\/v2\/posts"}],"about":[{"href":"https:\/\/www.cordobatimes.com\/showup\/wp-json\/wp\/v2\/types\/post"}],"author":[{"embeddable":true,"href":"https:\/\/www.cordobatimes.com\/showup\/wp-json\/wp\/v2\/users\/1"}],"replies":[{"embeddable":true,"href":"https:\/\/www.cordobatimes.com\/showup\/wp-json\/wp\/v2\/comments?post=69575"}],"version-history":[{"count":0,"href":"https:\/\/www.cordobatimes.com\/showup\/wp-json\/wp\/v2\/posts\/69575\/revisions"}],"wp:featuredmedia":[{"embeddable":true,"href":"https:\/\/www.cordobatimes.com\/showup\/wp-json\/wp\/v2\/media\/69576"}],"wp:attachment":[{"href":"https:\/\/www.cordobatimes.com\/showup\/wp-json\/wp\/v2\/media?parent=69575"}],"wp:term":[{"taxonomy":"category","embeddable":true,"href":"https:\/\/www.cordobatimes.com\/showup\/wp-json\/wp\/v2\/categories?post=69575"},{"taxonomy":"post_tag","embeddable":true,"href":"https:\/\/www.cordobatimes.com\/showup\/wp-json\/wp\/v2\/tags?post=69575"}],"curies":[{"name":"wp","href":"https:\/\/api.w.org\/{rel}","templated":true}]}}