{"id":69540,"date":"2019-11-14T19:46:22","date_gmt":"2019-11-14T22:46:22","guid":{"rendered":"https:\/\/www.cordobatimes.com\/showup\/?p=69540"},"modified":"2019-11-14T19:46:22","modified_gmt":"2019-11-14T22:46:22","slug":"maroon-5-vuelve-a-la-argentina-en-2020","status":"publish","type":"post","link":"https:\/\/www.cordobatimes.com\/showup\/espectaculos\/2019\/11\/14\/maroon-5-vuelve-a-la-argentina-en-2020\/","title":{"rendered":"Maroon 5 vuelve a la Argentina en 2020"},"content":{"rendered":"<p><strong>La exitosa agrupaci\u00f3n de pop rock se presentar\u00e1 en el <span style=\"color: #ff0000;\"><a style=\"color: #ff0000;\" href=\"https:\/\/www.entradafan.com.ar\/entradas-campo-argentino-de-polo\/c1073\">Campo Argentino de Polo<\/a> <\/span>el d\u00eda jueves 12 de marzo y miles de fan\u00e1ticos esperan ansiosos su llegada a Argentina. Han pasado 4 a\u00f1os desde que una de las bandas m\u00e1s vendidas en su g\u00e9nero viniera al pa\u00eds a presentar su quinto \u00e1lbum de estudio \u201cV\u201d.<\/strong><\/p>\n<p>La gira viene luego del estreno de su sencillo <em>Memories<\/em>, que ya acumula millones de reproducciones y se ubica en las principales listas de todo el mundo y que trae consigo, un sonido renovado y un contenido m\u00e1s nost\u00e1lgico que nunca. En Sudam\u00e9rica solo se ha confirmado su visita a Uruguay, Argentina y Colombia, pero probablemente anuncien nuevas fechas en otros pa\u00edses del continente.<\/p>\n<p>Miembros de la agrupaci\u00f3n revelaron que este a\u00f1o han estado trabajando en un nuevo \u00e1lbum a estrenarse en 2020 as\u00ed que, muy probablemente, Argentina tenga la oportunidad de escuchar algunos adelantos en vivo, adem\u00e1s de los temas del \u00faltimo \u00e1lbum \u201cRed Pill Blues\u201d y los cl\u00e1sicos que se han viralizado en todo el mundo como <em>Sugar<\/em>, <em>Moves Like Jagger<\/em> y <em>Payphone<\/em>. Sin duda ser\u00e1 una experiencia inolvidable y miles de fan\u00e1ticos comprar\u00e1n sus <span style=\"color: #ff0000;\"><a style=\"color: #ff0000;\" href=\"https:\/\/www.entradafan.com.ar\/entradas-maroon-5\/c412\">Maroon 5 Argentina entradas<\/a> <\/span>apenas salgan a la venta el d\u00eda de ma\u00f1ana.<\/p>\n<p>Decenas de logros ha alcanzado Maroon 5 a lo largo de su trayectoria, desde premios Grammy y records de venta y reproducciones, hasta montones de colaboraciones con los artistas m\u00e1s relevantes del momento y consagraciones en las listas m\u00e1s importantes. Argentina no se queda atr\u00e1s y ha acompa\u00f1ado a la agrupaci\u00f3n de Adam Levine desde hace a\u00f1os, por eso es que cada vez que Maroon 5 visita el continente, hace del pa\u00eds un destino obligado para sus giras mundiales.<\/p>\n","protected":false},"excerpt":{"rendered":"<p>La exitosa agrupaci\u00f3n de pop rock se presentar\u00e1 en el Campo Argentino de Polo el d\u00eda jueves 12 de marzo y miles de fan\u00e1ticos esperan ansiosos su llegada a Argentina. Han pasado 4 a\u00f1os desde que una de las bandas m\u00e1s vendidas en su g\u00e9nero viniera al pa\u00eds a presentar su quinto \u00e1lbum de estudio [&hellip;]<\/p>\n","protected":false},"author":1,"featured_media":69541,"comment_status":"closed","ping_status":"closed","sticky":false,"template":"","format":"standard","meta":{"_seopress_robots_primary_cat":"","_seopress_titles_title":"","_seopress_titles_desc":"","_seopress_robots_index":"","footnotes":""},"categories":[10],"tags":[25708,25710,25709],"class_list":{"0":"post-69540","1":"post","2":"type-post","3":"status-publish","4":"format-standard","5":"has-post-thumbnail","7":"category-espectaculos","8":"tag-maroon-5-argentina-entradas","9":"tag-venta-de-entradas-maroon-5-en-argentina-en-2020","10":"tag-ventra-de-entradas-maroon-5-en-cordoba"},"_links":{"self":[{"href":"https:\/\/www.cordobatimes.com\/showup\/wp-json\/wp\/v2\/posts\/69540","targetHints":{"allow":["GET"]}}],"collection":[{"href":"https:\/\/www.cordobatimes.com\/showup\/wp-json\/wp\/v2\/posts"}],"about":[{"href":"https:\/\/www.cordobatimes.com\/showup\/wp-json\/wp\/v2\/types\/post"}],"author":[{"embeddable":true,"href":"https:\/\/www.cordobatimes.com\/showup\/wp-json\/wp\/v2\/users\/1"}],"replies":[{"embeddable":true,"href":"https:\/\/www.cordobatimes.com\/showup\/wp-json\/wp\/v2\/comments?post=69540"}],"version-history":[{"count":0,"href":"https:\/\/www.cordobatimes.com\/showup\/wp-json\/wp\/v2\/posts\/69540\/revisions"}],"wp:featuredmedia":[{"embeddable":true,"href":"https:\/\/www.cordobatimes.com\/showup\/wp-json\/wp\/v2\/media\/69541"}],"wp:attachment":[{"href":"https:\/\/www.cordobatimes.com\/showup\/wp-json\/wp\/v2\/media?parent=69540"}],"wp:term":[{"taxonomy":"category","embeddable":true,"href":"https:\/\/www.cordobatimes.com\/showup\/wp-json\/wp\/v2\/categories?post=69540"},{"taxonomy":"post_tag","embeddable":true,"href":"https:\/\/www.cordobatimes.com\/showup\/wp-json\/wp\/v2\/tags?post=69540"}],"curies":[{"name":"wp","href":"https:\/\/api.w.org\/{rel}","templated":true}]}}