{"id":6948,"date":"2013-12-28T18:16:01","date_gmt":"2013-12-28T21:16:01","guid":{"rendered":"http:\/\/cordobatimes.com\/showup\/?p=6948"},"modified":"2019-11-30T13:07:29","modified_gmt":"2019-11-30T16:07:29","slug":"logos-de-rock-que-hicieron-historia-fotos","status":"publish","type":"post","link":"https:\/\/www.cordobatimes.com\/showup\/musica\/2013\/12\/28\/logos-de-rock-que-hicieron-historia-fotos\/","title":{"rendered":"Logos de rock que hicieron historia (fotos)"},"content":{"rendered":"<h3 style=\"text-align: justify;\"><strong>Logos caracter\u00edsticos y grandes bandas del genero conocidas mundialmente desde hace ya bastante tiempo,bandas que marcaron generaciones,merecen un nota sobre sus gr\u00e1ficas.Aqu\u00ed la lista de los mejores 20 logos de las bandas de rock.<\/strong><\/h3>\n<p style=\"text-align: justify;\">As\u00ed como Eddie,la mascota de Iron Maiden \u00f3 las alas de Aerosmith,toda banda tiene su gr\u00e1fica representativa.Y la lengua de los Rollings es un claro ejemplo de ello.Sin embargo,existen 20 bandas m\u00e1s que lograron posicionarse en la escena mundial con un caracter\u00edstico logo.Aqu\u00ed te los presentamos (nuevamente).<\/p>\n<p style=\"text-align: justify;\">Si bien los cuernitos famosos que usamos caa vez que entramos a verlos,uno de los logos m\u00e1s reconocidos,es el de AC\/DC.Dise\u00f1ado por Gerad Huerta a pedido del director de arte de Atlantic Records,Bob Defrin en 1976.El dise\u00f1o apareci\u00f3 por primera vez en la edici\u00f3n del disco Let There Be Rock.<\/p>\n<p style=\"text-align: center;\"><a href=\"http:\/\/cordobatimes.com\/showup\/wp-content\/uploads\/2013\/12\/ACDC++Logo1.jpg\"><img loading=\"lazy\" decoding=\"async\" class=\" wp-image-6949 aligncenter\" src=\"http:\/\/cordobatimes.com\/showup\/wp-content\/uploads\/2013\/12\/ACDC++Logo1.jpg\" alt=\"ACDC++Logo1\" width=\"500\" height=\"400\" data-id=\"6949\" \/><\/a><\/p>\n<div id=\"caption\">\n<div id=\"G_current_caption\"><\/div>\n<div style=\"text-align: justify;\">Acusados de hacer referencias al Tercer Reich y apolog\u00eda del nazismo,<strong>KISS<\/strong>,se lleva todos los premios.Su creador,el guitarrista Ace Frehley,nunca acept\u00f3 las acusaciones.Sin embargo,la banda estadounidense liderada por Gene Simmons,debi\u00f3 cambiar el logo en Alemania.<\/div>\n<div><a href=\"http:\/\/cordobatimes.com\/showup\/wp-content\/uploads\/2013\/12\/classic_kiss_logo_by_sickkness_136560953878___540x405.jpg\"><img loading=\"lazy\" decoding=\"async\" class=\"size-full wp-image-6950 aligncenter\" src=\"http:\/\/cordobatimes.com\/showup\/wp-content\/uploads\/2013\/12\/classic_kiss_logo_by_sickkness_136560953878___540x405.jpg\" alt=\"classic_kiss_logo_by_sickkness_136560953878___540x405\" width=\"540\" height=\"405\" data-id=\"6950\" srcset=\"https:\/\/www.cordobatimes.com\/showup\/wp-content\/uploads\/2013\/12\/classic_kiss_logo_by_sickkness_136560953878___540x405.jpg 540w, https:\/\/www.cordobatimes.com\/showup\/wp-content\/uploads\/2013\/12\/classic_kiss_logo_by_sickkness_136560953878___540x405-300x225.jpg 300w\" sizes=\"auto, (max-width: 540px) 100vw, 540px\" \/><\/a><\/div>\n<div><\/div>\n<div>Derek Riggs no solo cre\u00f3 el logo de\u00a0<strong>Iron Maiden,<\/strong>sino que tambi\u00e9n a su monstruosa mascota &#8216;Eddie&#8217; y a la mayor\u00eda de las portadas de sus discos,por lo que fue su dise\u00f1ador de cabecera hasta que dej\u00f3 de trabajar con ellos en el a\u00f1o 2000.<\/div>\n<div><\/div>\n<div><a href=\"http:\/\/cordobatimes.com\/showup\/wp-content\/uploads\/2013\/12\/iron_maiden_-_killers_136560954693___540x405.jpg\"><img loading=\"lazy\" decoding=\"async\" class=\"size-full wp-image-6951 aligncenter\" src=\"http:\/\/cordobatimes.com\/showup\/wp-content\/uploads\/2013\/12\/iron_maiden_-_killers_136560954693___540x405.jpg\" alt=\"iron_maiden_-_killers_136560954693___540x405\" width=\"540\" height=\"405\" data-id=\"6951\" srcset=\"https:\/\/www.cordobatimes.com\/showup\/wp-content\/uploads\/2013\/12\/iron_maiden_-_killers_136560954693___540x405.jpg 540w, https:\/\/www.cordobatimes.com\/showup\/wp-content\/uploads\/2013\/12\/iron_maiden_-_killers_136560954693___540x405-300x225.jpg 300w\" sizes=\"auto, (max-width: 540px) 100vw, 540px\" \/><\/a><\/div>\n<div style=\"text-align: justify;\">James Hetfield no s\u00f3lo se ha encargado de dirigir a una de las mejores bandas de metal de todos los tiempos,<strong>Metallica<\/strong>,sino que tambi\u00e9n se encarg\u00f3 de crear el logo del grupo.<\/div>\n<div style=\"text-align: justify;\"><a href=\"http:\/\/cordobatimes.com\/showup\/wp-content\/uploads\/2013\/12\/metallica_logo_wallpaper_136560955674___540x405.jpg\"><img loading=\"lazy\" decoding=\"async\" class=\"size-full wp-image-6952 aligncenter\" src=\"http:\/\/cordobatimes.com\/showup\/wp-content\/uploads\/2013\/12\/metallica_logo_wallpaper_136560955674___540x405.jpg\" alt=\"metallica_logo_wallpaper_136560955674___540x405\" width=\"540\" height=\"405\" data-id=\"6952\" srcset=\"https:\/\/www.cordobatimes.com\/showup\/wp-content\/uploads\/2013\/12\/metallica_logo_wallpaper_136560955674___540x405.jpg 540w, https:\/\/www.cordobatimes.com\/showup\/wp-content\/uploads\/2013\/12\/metallica_logo_wallpaper_136560955674___540x405-300x225.jpg 300w\" sizes=\"auto, (max-width: 540px) 100vw, 540px\" \/><\/a><\/div>\n<div><\/div>\n<div><strong>Queen<\/strong>\u00a0posee un logo que qued\u00f3 grabado en el mundo del rock.Su creador fue el fallecido ex lider de la banda Freddy Mercury que ten\u00eda estudios de arte y dise\u00f1o gr\u00e1fico.El m\u00fasico incluy\u00f3 los signos del zodiaco de los integrantes de Queen alrededor de la corona.<\/div>\n<div><a href=\"http:\/\/cordobatimes.com\/showup\/wp-content\/uploads\/2013\/12\/queen-logo-76013_136560956911___540x405.jpg\"><img loading=\"lazy\" decoding=\"async\" class=\"size-full wp-image-6953 aligncenter\" src=\"http:\/\/cordobatimes.com\/showup\/wp-content\/uploads\/2013\/12\/queen-logo-76013_136560956911___540x405.jpg\" alt=\"queen-logo-76013_136560956911___540x405\" width=\"540\" height=\"405\" data-id=\"6953\" srcset=\"https:\/\/www.cordobatimes.com\/showup\/wp-content\/uploads\/2013\/12\/queen-logo-76013_136560956911___540x405.jpg 540w, https:\/\/www.cordobatimes.com\/showup\/wp-content\/uploads\/2013\/12\/queen-logo-76013_136560956911___540x405-300x225.jpg 300w\" sizes=\"auto, (max-width: 540px) 100vw, 540px\" \/><\/a><\/div>\n<div><\/div>\n<div><strong>Red Hot Chili Peppers<\/strong>\u00a0se form\u00f3 en Los \u00c1ngeles,California,all\u00e1 por el &#8217;83.El logo de la banda naci\u00f3 de un garabato que el vocalista Anthony Kiedis dibuj\u00f3 en un pedazo de papel y que fue llamado &#8216;Estrella de afinidad&#8217; o &#8216;Estrella del infinito&#8217;.<\/div>\n<div><a href=\"http:\/\/cordobatimes.com\/showup\/wp-content\/uploads\/2013\/12\/red_hot_chili_peppers_logo_by_w00den_sp00n_136560957081___540x405.jpg\"><img loading=\"lazy\" decoding=\"async\" class=\"size-full wp-image-6954 aligncenter\" src=\"http:\/\/cordobatimes.com\/showup\/wp-content\/uploads\/2013\/12\/red_hot_chili_peppers_logo_by_w00den_sp00n_136560957081___540x405.jpg\" alt=\"red_hot_chili_peppers_logo_by_w00den_sp00n_136560957081___540x405\" width=\"540\" height=\"405\" data-id=\"6954\" srcset=\"https:\/\/www.cordobatimes.com\/showup\/wp-content\/uploads\/2013\/12\/red_hot_chili_peppers_logo_by_w00den_sp00n_136560957081___540x405.jpg 540w, https:\/\/www.cordobatimes.com\/showup\/wp-content\/uploads\/2013\/12\/red_hot_chili_peppers_logo_by_w00den_sp00n_136560957081___540x405-300x225.jpg 300w\" sizes=\"auto, (max-width: 540px) 100vw, 540px\" \/><\/a><\/div>\n<div><\/div>\n<div>La lengua de los\u00a0<strong>Rolling Stones<\/strong>\u00a0sin duda de lleva los laureles.Creada por el artista gr\u00e1fico brit\u00e1nico John Pasche,que hizo el dibujo basado en la lengua y labios de Mick Jagger.Apareci\u00f3 por primera vez en el \u00e1lbum &#8216;Sticky Fingers&#8217; en 1971.<\/div>\n<div><a href=\"http:\/\/cordobatimes.com\/showup\/wp-content\/uploads\/2013\/12\/rolling-stones-wallpaper-classic-rock-17732124-1024-768_136560957312___540x405.jpg\"><img loading=\"lazy\" decoding=\"async\" class=\"size-full wp-image-6955 aligncenter\" src=\"http:\/\/cordobatimes.com\/showup\/wp-content\/uploads\/2013\/12\/rolling-stones-wallpaper-classic-rock-17732124-1024-768_136560957312___540x405.jpg\" alt=\"rolling-stones-wallpaper-classic-rock-17732124-1024-768_136560957312___540x405\" width=\"540\" height=\"405\" data-id=\"6955\" srcset=\"https:\/\/www.cordobatimes.com\/showup\/wp-content\/uploads\/2013\/12\/rolling-stones-wallpaper-classic-rock-17732124-1024-768_136560957312___540x405.jpg 540w, https:\/\/www.cordobatimes.com\/showup\/wp-content\/uploads\/2013\/12\/rolling-stones-wallpaper-classic-rock-17732124-1024-768_136560957312___540x405-300x225.jpg 300w\" sizes=\"auto, (max-width: 540px) 100vw, 540px\" \/><\/a><\/div>\n<div><\/div>\n<div>El logotipo de\u00a0<strong>Sex Pistols<\/strong>\u00a0es uno de los m\u00e1s frescos porque utiliza la t\u00e9cnica de collage que su dise\u00f1ador Jamie Reid frecuentaba en los a\u00f1os 70.Reid plasma el nombre de la banda como una nota de rescate,con una sensaci\u00f3n de anarqu\u00eda que se adapta perfectamente al arte propuesto.<\/div>\n<div><a href=\"http:\/\/cordobatimes.com\/showup\/wp-content\/uploads\/2013\/12\/sex_pistols_logo_wallpaper_136560957632___540x405.jpg\"><img loading=\"lazy\" decoding=\"async\" class=\"size-full wp-image-6956 aligncenter\" src=\"http:\/\/cordobatimes.com\/showup\/wp-content\/uploads\/2013\/12\/sex_pistols_logo_wallpaper_136560957632___540x405.jpg\" alt=\"sex_pistols_logo_wallpaper_136560957632___540x405\" width=\"540\" height=\"405\" data-id=\"6956\" srcset=\"https:\/\/www.cordobatimes.com\/showup\/wp-content\/uploads\/2013\/12\/sex_pistols_logo_wallpaper_136560957632___540x405.jpg 540w, https:\/\/www.cordobatimes.com\/showup\/wp-content\/uploads\/2013\/12\/sex_pistols_logo_wallpaper_136560957632___540x405-300x225.jpg 300w\" sizes=\"auto, (max-width: 540px) 100vw, 540px\" \/><\/a><\/div>\n<div><\/div>\n<div>Ivor Arbiter due\u00f1o de una tienda de bater\u00edas, fue la persona que cre\u00f3 el sobrio pero elegante logo de\u00a0<strong>The Beatles<\/strong>\u00a0que fue estrenado en mayo 12 de 1963, durante las grabaciones de Thank Your Lucky Stars.<\/div>\n<div><a href=\"http:\/\/cordobatimes.com\/showup\/wp-content\/uploads\/2013\/12\/the_beatles_logo_by_anton_kitzune-d4avfbc_136560958259___540x405.jpg\"><img loading=\"lazy\" decoding=\"async\" class=\"size-full wp-image-6957 aligncenter\" src=\"http:\/\/cordobatimes.com\/showup\/wp-content\/uploads\/2013\/12\/the_beatles_logo_by_anton_kitzune-d4avfbc_136560958259___540x405.jpg\" alt=\"the_beatles_logo_by_anton_kitzune-d4avfbc_136560958259___540x405\" width=\"540\" height=\"405\" data-id=\"6957\" srcset=\"https:\/\/www.cordobatimes.com\/showup\/wp-content\/uploads\/2013\/12\/the_beatles_logo_by_anton_kitzune-d4avfbc_136560958259___540x405.jpg 540w, https:\/\/www.cordobatimes.com\/showup\/wp-content\/uploads\/2013\/12\/the_beatles_logo_by_anton_kitzune-d4avfbc_136560958259___540x405-300x225.jpg 300w\" sizes=\"auto, (max-width: 540px) 100vw, 540px\" \/><\/a><\/div>\n<div><\/div>\n<div><\/div>\n<div>Arturo Vega,amigo de los<strong>\u00a0Ramones,<\/strong>consigui\u00f3 darle la vuelta al logo del Departamento de Estado de Estados Unidos,con la idea de burlarse de las instituciones del estado.<\/div>\n<div><a href=\"http:\/\/cordobatimes.com\/showup\/wp-content\/uploads\/2013\/12\/the_ramones_logo_wallpaper-normal_136560958944___540x405.jpg\"><img loading=\"lazy\" decoding=\"async\" class=\"size-full wp-image-6958 aligncenter\" src=\"http:\/\/cordobatimes.com\/showup\/wp-content\/uploads\/2013\/12\/the_ramones_logo_wallpaper-normal_136560958944___540x405.jpg\" alt=\"the_ramones_logo_wallpaper-normal_136560958944___540x405\" width=\"540\" height=\"405\" data-id=\"6958\" srcset=\"https:\/\/www.cordobatimes.com\/showup\/wp-content\/uploads\/2013\/12\/the_ramones_logo_wallpaper-normal_136560958944___540x405.jpg 540w, https:\/\/www.cordobatimes.com\/showup\/wp-content\/uploads\/2013\/12\/the_ramones_logo_wallpaper-normal_136560958944___540x405-300x225.jpg 300w\" sizes=\"auto, (max-width: 540px) 100vw, 540px\" \/><\/a><\/div>\n<div><strong>Van Halen<\/strong>\u00a0fue un grupo fundado por hermanos,por eso buscaron un \u00edcono donde se resaltara el apellido holand\u00e9s.El logotipo final estuvo a cargo del dise\u00f1ador Dave Bhang que le imprimi\u00f3 sus ideas al escudo en 1978.<\/div>\n<div><a href=\"http:\/\/cordobatimes.com\/showup\/wp-content\/uploads\/2013\/12\/van_halen_logo_wallpaper_136560959430___540x405.jpg\"><img loading=\"lazy\" decoding=\"async\" class=\"size-full wp-image-6959 aligncenter\" src=\"http:\/\/cordobatimes.com\/showup\/wp-content\/uploads\/2013\/12\/van_halen_logo_wallpaper_136560959430___540x405.jpg\" alt=\"van_halen_logo_wallpaper_136560959430___540x405\" width=\"540\" height=\"405\" data-id=\"6959\" srcset=\"https:\/\/www.cordobatimes.com\/showup\/wp-content\/uploads\/2013\/12\/van_halen_logo_wallpaper_136560959430___540x405.jpg 540w, https:\/\/www.cordobatimes.com\/showup\/wp-content\/uploads\/2013\/12\/van_halen_logo_wallpaper_136560959430___540x405-300x225.jpg 300w\" sizes=\"auto, (max-width: 540px) 100vw, 540px\" \/><\/a><\/div>\n<div><\/div>\n<div style=\"text-align: justify;\">Roger Dean es uno de los m\u00e1s respetados ilustradores y dise\u00f1adores del rock y fue el creador del logo de la banda progresiva\u00a0<strong>Yes<\/strong>. El dibujo definitivo lleg\u00f3, luego de dos intentos, en el \u00e1lbum &#8216;Close to the Edge&#8217; de 1972.<\/div>\n<div style=\"text-align: justify;\"><a href=\"http:\/\/cordobatimes.com\/showup\/wp-content\/uploads\/2013\/12\/yes_band_logo_136560960005___540x405.jpg\"><img loading=\"lazy\" decoding=\"async\" class=\"size-full wp-image-6962 aligncenter\" src=\"http:\/\/cordobatimes.com\/showup\/wp-content\/uploads\/2013\/12\/yes_band_logo_136560960005___540x405.jpg\" alt=\"yes_band_logo_136560960005___540x405\" width=\"540\" height=\"405\" data-id=\"6962\" srcset=\"https:\/\/www.cordobatimes.com\/showup\/wp-content\/uploads\/2013\/12\/yes_band_logo_136560960005___540x405.jpg 540w, https:\/\/www.cordobatimes.com\/showup\/wp-content\/uploads\/2013\/12\/yes_band_logo_136560960005___540x405-300x225.jpg 300w\" sizes=\"auto, (max-width: 540px) 100vw, 540px\" \/><\/a><\/div>\n<div style=\"text-align: justify;\"><\/div>\n<div style=\"text-align: justify;\">El logo del grupo\u00a0<strong>ABBA<\/strong>\u00a0resume la simplicidad del pop perfecto que les caracterizaba;adem\u00e1s,la aparici\u00f3n del logo supuso su salto a la primera divisi\u00f3n musical. En 1976, el dise\u00f1ador sueco Rune S\u00f6derqvist cre\u00f3 el logo oficial del grupo para la portada del single Dancing queen.<\/div>\n<div><a href=\"http:\/\/cordobatimes.com\/showup\/wp-content\/uploads\/2013\/12\/abba_logo_136560952530___540x405.jpg\"><img loading=\"lazy\" decoding=\"async\" class=\"size-full wp-image-6960 aligncenter\" src=\"http:\/\/cordobatimes.com\/showup\/wp-content\/uploads\/2013\/12\/abba_logo_136560952530___540x405.jpg\" alt=\"abba_logo_136560952530___540x405\" width=\"540\" height=\"405\" data-id=\"6960\" srcset=\"https:\/\/www.cordobatimes.com\/showup\/wp-content\/uploads\/2013\/12\/abba_logo_136560952530___540x405.jpg 540w, https:\/\/www.cordobatimes.com\/showup\/wp-content\/uploads\/2013\/12\/abba_logo_136560952530___540x405-300x225.jpg 300w\" sizes=\"auto, (max-width: 540px) 100vw, 540px\" \/><\/a><\/div>\n<div><strong>Scorpions<\/strong>\u00a0es una banda alemana de hard rock y heavy metal, fundada en Hannover en el a\u00f1o 1965.El logo de la banda es usado desde que apareci\u00f3 en la portada del disco &#8216;In Trance&#8217; en 1975.<\/div>\n<div><a href=\"http:\/\/cordobatimes.com\/showup\/wp-content\/uploads\/2013\/12\/scorpions_logo_wallpaper_136560957445___540x405.jpg\"><img loading=\"lazy\" decoding=\"async\" class=\"size-full wp-image-6961 aligncenter\" src=\"http:\/\/cordobatimes.com\/showup\/wp-content\/uploads\/2013\/12\/scorpions_logo_wallpaper_136560957445___540x405.jpg\" alt=\"scorpions_logo_wallpaper_136560957445___540x405\" width=\"540\" height=\"405\" data-id=\"6961\" srcset=\"https:\/\/www.cordobatimes.com\/showup\/wp-content\/uploads\/2013\/12\/scorpions_logo_wallpaper_136560957445___540x405.jpg 540w, https:\/\/www.cordobatimes.com\/showup\/wp-content\/uploads\/2013\/12\/scorpions_logo_wallpaper_136560957445___540x405-300x225.jpg 300w\" sizes=\"auto, (max-width: 540px) 100vw, 540px\" \/><\/a><\/div>\n<div><\/div>\n<div><strong>Led Zeppelin<\/strong>\u00a0fue una de las mayores bandas de rock de todos los tiempos con m\u00e1s de 300 millones de discos vendidos en el mundo entero. El logotipo fue dise\u00f1ado por Storm Thorgerson y Aubrey Powell en 1973 como parte de la portada del disco &#8216;Houses of the Holy&#8217;<\/div>\n<div><a href=\"http:\/\/cordobatimes.com\/showup\/wp-content\/uploads\/2013\/12\/led-zeppelin-led-zeppelin-10947801-1280-800_136560955099___540x405.jpg\"><img loading=\"lazy\" decoding=\"async\" class=\"size-full wp-image-6965 aligncenter\" src=\"http:\/\/cordobatimes.com\/showup\/wp-content\/uploads\/2013\/12\/led-zeppelin-led-zeppelin-10947801-1280-800_136560955099___540x405.jpg\" alt=\"led-zeppelin-led-zeppelin-10947801-1280-800_136560955099___540x405\" width=\"540\" height=\"405\" data-id=\"6965\" srcset=\"https:\/\/www.cordobatimes.com\/showup\/wp-content\/uploads\/2013\/12\/led-zeppelin-led-zeppelin-10947801-1280-800_136560955099___540x405.jpg 540w, https:\/\/www.cordobatimes.com\/showup\/wp-content\/uploads\/2013\/12\/led-zeppelin-led-zeppelin-10947801-1280-800_136560955099___540x405-300x225.jpg 300w\" sizes=\"auto, (max-width: 540px) 100vw, 540px\" \/><\/a><\/div>\n<div><\/div>\n<div><strong>THE WHO<\/strong>\u00a0cre\u00f3 un logo que se hizo inmortal por tres elementos: las dos haches conectadas entre s\u00ed, la flecha hacia delante que emerge de la O y, por supuesto, la diana en rojo, blanco y azul de fondo.Fue dise\u00f1ado por el artista Brian Pike en 1964 para el cartel del concierto de la banda en el Marquee Club (Londres).<\/div>\n<div><a href=\"http:\/\/cordobatimes.com\/showup\/wp-content\/uploads\/2013\/12\/the-who-logo_136560959302___540x405.jpg\"><img loading=\"lazy\" decoding=\"async\" class=\"size-full wp-image-6968 aligncenter\" src=\"http:\/\/cordobatimes.com\/showup\/wp-content\/uploads\/2013\/12\/the-who-logo_136560959302___540x405.jpg\" alt=\"the-who-logo_136560959302___540x405\" width=\"540\" height=\"405\" data-id=\"6968\" srcset=\"https:\/\/www.cordobatimes.com\/showup\/wp-content\/uploads\/2013\/12\/the-who-logo_136560959302___540x405.jpg 540w, https:\/\/www.cordobatimes.com\/showup\/wp-content\/uploads\/2013\/12\/the-who-logo_136560959302___540x405-300x225.jpg 300w\" sizes=\"auto, (max-width: 540px) 100vw, 540px\" \/><\/a><\/div>\n<div><\/div>\n<div>El grupo brit\u00e1nico\u00a0<strong>Pink Floyd<\/strong>\u00a0nunca se defini\u00f3 por un logo en particular pero es interesante repasar la historia del nombre del grupo que proviene de conjugar los nombres de dos bluseros de Georgia, a quienes el grupo admiraba:Pink Anderson y Floyd Council.<\/div>\n<div><a href=\"http:\/\/cordobatimes.com\/showup\/wp-content\/uploads\/2013\/12\/pink-floyd-logo_136560956616___540x405.jpg\"><img loading=\"lazy\" decoding=\"async\" class=\"size-full wp-image-6967 aligncenter\" src=\"http:\/\/cordobatimes.com\/showup\/wp-content\/uploads\/2013\/12\/pink-floyd-logo_136560956616___540x405.jpg\" alt=\"pink-floyd-logo_136560956616___540x405\" width=\"540\" height=\"405\" data-id=\"6967\" srcset=\"https:\/\/www.cordobatimes.com\/showup\/wp-content\/uploads\/2013\/12\/pink-floyd-logo_136560956616___540x405.jpg 540w, https:\/\/www.cordobatimes.com\/showup\/wp-content\/uploads\/2013\/12\/pink-floyd-logo_136560956616___540x405-300x225.jpg 300w\" sizes=\"auto, (max-width: 540px) 100vw, 540px\" \/><\/a><\/div>\n<div><\/div>\n<div><strong>Aerosmith<\/strong>, usualmente reconocidos como &#8216;Los chicos malos de Boston&#8217;, nacieron como banda en 1970 y han vendido m\u00e1s de 150 millones de discos en todo el mundo. Su logo fue dise\u00f1ado por Raymond Tabano quien toc\u00f3 en la banda por poco tiempo.<\/div>\n<div><a href=\"http:\/\/cordobatimes.com\/showup\/wp-content\/uploads\/2013\/12\/areosmith_logo_by_w00den_sp00n_136560953510___540x405.jpg\"><img loading=\"lazy\" decoding=\"async\" class=\"size-full wp-image-6963 aligncenter\" src=\"http:\/\/cordobatimes.com\/showup\/wp-content\/uploads\/2013\/12\/areosmith_logo_by_w00den_sp00n_136560953510___540x405.jpg\" alt=\"areosmith_logo_by_w00den_sp00n_136560953510___540x405\" width=\"540\" height=\"405\" data-id=\"6963\" srcset=\"https:\/\/www.cordobatimes.com\/showup\/wp-content\/uploads\/2013\/12\/areosmith_logo_by_w00den_sp00n_136560953510___540x405.jpg 540w, https:\/\/www.cordobatimes.com\/showup\/wp-content\/uploads\/2013\/12\/areosmith_logo_by_w00den_sp00n_136560953510___540x405-300x225.jpg 300w\" sizes=\"auto, (max-width: 540px) 100vw, 540px\" \/><\/a><\/div>\n<div><\/div>\n<div><strong>Guns N&#8217; Roses<\/strong>\u00a0marc\u00f3 un hito en la historia del rock.El famoso logo de los rev\u00f3lveres y las rosas fue hecho a mano por el ex guitarrista de la banda &#8216;Slash&#8217;. Una versi\u00f3n con menos consenso es la del lider de la banda Axl Rose,quien declar\u00f3 que se trataba de un dise\u00f1o de Bill White, un artista de tatuajes.<\/div>\n<div><a href=\"http:\/\/cordobatimes.com\/showup\/wp-content\/uploads\/2013\/12\/guns_n_roses_wallpaper_6-normal_136560954292___540x405.jpg\"><img loading=\"lazy\" decoding=\"async\" class=\"size-full wp-image-6964 aligncenter\" src=\"http:\/\/cordobatimes.com\/showup\/wp-content\/uploads\/2013\/12\/guns_n_roses_wallpaper_6-normal_136560954292___540x405.jpg\" alt=\"guns_n_roses_wallpaper_6-normal_136560954292___540x405\" width=\"540\" height=\"405\" data-id=\"6964\" srcset=\"https:\/\/www.cordobatimes.com\/showup\/wp-content\/uploads\/2013\/12\/guns_n_roses_wallpaper_6-normal_136560954292___540x405.jpg 540w, https:\/\/www.cordobatimes.com\/showup\/wp-content\/uploads\/2013\/12\/guns_n_roses_wallpaper_6-normal_136560954292___540x405-300x225.jpg 300w\" sizes=\"auto, (max-width: 540px) 100vw, 540px\" \/><\/a><\/div>\n<div><\/div>\n<div>La famosa carita de\u00a0<strong>Nirvana<\/strong>\u00a0no tiene un origen claro.Se cree que es una deformaci\u00f3n de la carita feliz o \u00absmiley\u00bb,uno de los s\u00edmbolos m\u00e1s reconocidos de los a\u00f1os 60&#8217;s,y que la banda habr\u00eda adoptado y modificado para representar a alguien drogado.<\/div>\n<div><a href=\"http:\/\/cordobatimes.com\/showup\/wp-content\/uploads\/2013\/12\/nirvana-logo_136560956030___540x405.jpg\"><img loading=\"lazy\" decoding=\"async\" class=\"size-full wp-image-6966 aligncenter\" src=\"http:\/\/cordobatimes.com\/showup\/wp-content\/uploads\/2013\/12\/nirvana-logo_136560956030___540x405.jpg\" alt=\"nirvana-logo_136560956030___540x405\" width=\"540\" height=\"405\" data-id=\"6966\" srcset=\"https:\/\/www.cordobatimes.com\/showup\/wp-content\/uploads\/2013\/12\/nirvana-logo_136560956030___540x405.jpg 540w, https:\/\/www.cordobatimes.com\/showup\/wp-content\/uploads\/2013\/12\/nirvana-logo_136560956030___540x405-300x225.jpg 300w\" sizes=\"auto, (max-width: 540px) 100vw, 540px\" \/><\/a><\/div>\n<div><\/div>\n<\/div>\n","protected":false},"excerpt":{"rendered":"<p>Logos caracter\u00edsticos y grandes bandas del genero conocidas mundialmente desde hace ya bastante tiempo,bandas que marcaron generaciones,merecen un nota sobre sus gr\u00e1ficas.Aqu\u00ed la lista de los mejores 20 logos de las bandas de rock. As\u00ed como Eddie,la mascota de Iron Maiden \u00f3 las alas de Aerosmith,toda banda tiene su gr\u00e1fica representativa.Y la lengua de los [&hellip;]<\/p>\n","protected":false},"author":1,"featured_media":71139,"comment_status":"closed","ping_status":"closed","sticky":false,"template":"","format":"standard","meta":{"_seopress_robots_primary_cat":"","_seopress_titles_title":"","_seopress_titles_desc":"","_seopress_robots_index":"","footnotes":""},"categories":[5],"tags":[2121],"class_list":{"0":"post-6948","1":"post","2":"type-post","3":"status-publish","4":"format-standard","5":"has-post-thumbnail","7":"category-musica","8":"tag-logos-de-grandes-bandas-de-rock"},"_links":{"self":[{"href":"https:\/\/www.cordobatimes.com\/showup\/wp-json\/wp\/v2\/posts\/6948","targetHints":{"allow":["GET"]}}],"collection":[{"href":"https:\/\/www.cordobatimes.com\/showup\/wp-json\/wp\/v2\/posts"}],"about":[{"href":"https:\/\/www.cordobatimes.com\/showup\/wp-json\/wp\/v2\/types\/post"}],"author":[{"embeddable":true,"href":"https:\/\/www.cordobatimes.com\/showup\/wp-json\/wp\/v2\/users\/1"}],"replies":[{"embeddable":true,"href":"https:\/\/www.cordobatimes.com\/showup\/wp-json\/wp\/v2\/comments?post=6948"}],"version-history":[{"count":0,"href":"https:\/\/www.cordobatimes.com\/showup\/wp-json\/wp\/v2\/posts\/6948\/revisions"}],"wp:featuredmedia":[{"embeddable":true,"href":"https:\/\/www.cordobatimes.com\/showup\/wp-json\/wp\/v2\/media\/71139"}],"wp:attachment":[{"href":"https:\/\/www.cordobatimes.com\/showup\/wp-json\/wp\/v2\/media?parent=6948"}],"wp:term":[{"taxonomy":"category","embeddable":true,"href":"https:\/\/www.cordobatimes.com\/showup\/wp-json\/wp\/v2\/categories?post=6948"},{"taxonomy":"post_tag","embeddable":true,"href":"https:\/\/www.cordobatimes.com\/showup\/wp-json\/wp\/v2\/tags?post=6948"}],"curies":[{"name":"wp","href":"https:\/\/api.w.org\/{rel}","templated":true}]}}