{"id":69027,"date":"2019-11-12T10:33:47","date_gmt":"2019-11-12T13:33:47","guid":{"rendered":"https:\/\/www.cordobatimes.com\/showup\/?p=69027"},"modified":"2019-11-12T10:35:07","modified_gmt":"2019-11-12T13:35:07","slug":"filmaran-una-miniserie-basada-en-nahir-galarza","status":"publish","type":"post","link":"https:\/\/www.cordobatimes.com\/showup\/cine-y-series\/2019\/11\/12\/filmaran-una-miniserie-basada-en-nahir-galarza\/","title":{"rendered":"Filmar\u00e1n una miniserie basada en Nahir Galarza"},"content":{"rendered":"<h3><strong>La serie abordar\u00e1 \u00abel perfil psicol\u00f3gico de Nahir, la denuncia de un falso secuestro en su adolescencia y la tormentosa relaci\u00f3n que manten\u00eda con Fernando\u00bb.<\/strong><\/h3>\n<p>La productora Zeppelin Studio, de Lucas Jinkis y el director Hern\u00e1n Guerschuny, firm\u00f3 un acuerdo con Penguin Random House para producir la serie de ficci\u00f3n del caso Nahir Galarza, la joven entrerriana condenada a prisi\u00f3n perpetua por matar a balazos a su novio Fernando Pastorizzo en 2017.<\/p>\n<p>La producci\u00f3n estar\u00e1 basada en el libro\u00a0Nahir\u00a0de Mauro Szeta y Mauro Fulco. La serie ser\u00e1 un thriller que tiene como autora a Tamara Tenenbaum, escritora del best seller\u00a0El fin del amor. Querer y coger.<\/p>\n<p>La madrugada del 29 de diciembre de 2017, Fernando Pastorizzo fue asesinado por su novia, Nahir Galarza de 19 a\u00f1os. El joven fue encontrado en una calle de Gualeguaych\u00fa con un tiro en la espalda y otro en el pecho, junto a su moto y dos cascos tirados en el suelo.<\/p>\n<p>Inicialmente, al declarar como testigo, Galarza dijo que hab\u00eda visto a su ex novio la noche anterior al crimen, aunque ante la sumatoria de indicios en su contra qued\u00f3 detenida y en una segunda declaraci\u00f3n reconoci\u00f3 que lo hab\u00eda matado pero que hab\u00eda sido de manera \u00abaccidental\u00bb.<\/p>\n<p>El 3 de julio de 2018, el Tribunal de Juicio y Apelaciones de Gualeguaych\u00fa, integrado por Mauricio Derudi, Arturo Dum\u00f3n y Alicia Vivian, conden\u00f3 por unanimidad a Galarza a prisi\u00f3n perpetua por considerar que \u00abha quedado destruida la hip\u00f3tesis de la defensa de que los disparos se produjeron de manera involuntaria\u00bb.<\/p>\n<p>En septiembre \u00faltimo su defensa present\u00f3 un recurso ante el Superior Tribunal de Justicia para que revise la pena de prisi\u00f3n perpetua, la cual ya fue confirmada por la C\u00e1mara de Casaci\u00f3n.<\/p>\n<p>\u00abLa serie abordar\u00e1 el perfil psicol\u00f3gico de Nahir, la denuncia de un falso secuestro en su adolescencia, la tormentosa relaci\u00f3n que manten\u00eda con Fernando, los detalles m\u00e1s crudos de sus distintas versiones del crimen, sus d\u00edas en la c\u00e1rcel y su irrupci\u00f3n en las redes sociales\u00bb, detall\u00f3 la productora.<\/p>\n<p>Por el momento no hay detalles sobre el elenco ni la fecha de estreno de la serie.<\/p>\n<p>&nbsp;<\/p>\n","protected":false},"excerpt":{"rendered":"<p>La serie abordar\u00e1 \u00abel perfil psicol\u00f3gico de Nahir, la denuncia de un falso secuestro en su adolescencia y la tormentosa relaci\u00f3n que manten\u00eda con Fernando\u00bb. La productora Zeppelin Studio, de Lucas Jinkis y el director Hern\u00e1n Guerschuny, firm\u00f3 un acuerdo con Penguin Random House para producir la serie de ficci\u00f3n del caso Nahir Galarza, la [&hellip;]<\/p>\n","protected":false},"author":1,"featured_media":69028,"comment_status":"closed","ping_status":"closed","sticky":false,"template":"","format":"standard","meta":{"_seopress_robots_primary_cat":"","_seopress_titles_title":"","_seopress_titles_desc":"","_seopress_robots_index":"","footnotes":""},"categories":[3],"tags":[25555,25556],"class_list":{"0":"post-69027","1":"post","2":"type-post","3":"status-publish","4":"format-standard","5":"has-post-thumbnail","7":"category-cine-y-series","8":"tag-miniserie-basada-en-nahir-galarza","9":"tag-nahir-galarza-fernando-pastorizzo"},"_links":{"self":[{"href":"https:\/\/www.cordobatimes.com\/showup\/wp-json\/wp\/v2\/posts\/69027","targetHints":{"allow":["GET"]}}],"collection":[{"href":"https:\/\/www.cordobatimes.com\/showup\/wp-json\/wp\/v2\/posts"}],"about":[{"href":"https:\/\/www.cordobatimes.com\/showup\/wp-json\/wp\/v2\/types\/post"}],"author":[{"embeddable":true,"href":"https:\/\/www.cordobatimes.com\/showup\/wp-json\/wp\/v2\/users\/1"}],"replies":[{"embeddable":true,"href":"https:\/\/www.cordobatimes.com\/showup\/wp-json\/wp\/v2\/comments?post=69027"}],"version-history":[{"count":0,"href":"https:\/\/www.cordobatimes.com\/showup\/wp-json\/wp\/v2\/posts\/69027\/revisions"}],"wp:featuredmedia":[{"embeddable":true,"href":"https:\/\/www.cordobatimes.com\/showup\/wp-json\/wp\/v2\/media\/69028"}],"wp:attachment":[{"href":"https:\/\/www.cordobatimes.com\/showup\/wp-json\/wp\/v2\/media?parent=69027"}],"wp:term":[{"taxonomy":"category","embeddable":true,"href":"https:\/\/www.cordobatimes.com\/showup\/wp-json\/wp\/v2\/categories?post=69027"},{"taxonomy":"post_tag","embeddable":true,"href":"https:\/\/www.cordobatimes.com\/showup\/wp-json\/wp\/v2\/tags?post=69027"}],"curies":[{"name":"wp","href":"https:\/\/api.w.org\/{rel}","templated":true}]}}