{"id":67800,"date":"2019-10-30T11:25:07","date_gmt":"2019-10-30T14:25:07","guid":{"rendered":"https:\/\/www.cordobatimes.com\/showup\/?p=67800"},"modified":"2022-10-31T22:14:06","modified_gmt":"2022-11-01T01:14:06","slug":"el-homenaje-de-flor-de-la-ve-a-su-amigo-jorge-ibanez","status":"publish","type":"post","link":"https:\/\/www.cordobatimes.com\/showup\/tv\/2019\/10\/30\/el-homenaje-de-flor-de-la-ve-a-su-amigo-jorge-ibanez\/","title":{"rendered":"El homenaje de Flor de la Ve a su amigo Jorge Iba\u00f1ez"},"content":{"rendered":"<h3><strong>La capoc\u00f3mica, \u00edntima del dise\u00f1ador fallecido en 2014, le rindi\u00f3 un conmovedor tributo en el S\u00faper Bailando.<\/strong><\/h3>\n<p>Una noche con much\u00edsima emoci\u00f3n se vivi\u00f3 en el\u00a0S\u00faper Bailando\u00a0con el ritmo de homenajes.\u00a0Florencia de la Ve\u00a0lleg\u00f3 a la pista con una performance inspirada y dedicada a su amigo\u00a0Jorge Iba\u00f1ez, que termin\u00f3 con todos en el estudio entre l\u00e1grimas.<\/p>\n<p>Vestida con algunas de las creaciones m\u00e1s famosas del dise\u00f1ador, fallecido en 2014 por un falla card\u00edaca, Florencia le dedic\u00f3 palabras de amor y Tinelli record\u00f3 su paso como participante por el\u00a0Bailando. \u201cNo solo fue uno de los dise\u00f1adores m\u00e1s grandes que tuvo la Argentina, adem\u00e1s era un tipazo\u201d, asever\u00f3.<\/p>\n<p>La capoc\u00f3mica record\u00f3 el gesto que tuvo el dise\u00f1ador con una se\u00f1ora humilde que se present\u00f3 en su atelier: \u201cLa mujer le dijo \u2018mi sue\u00f1o es que le hagas el vestido a mi hija\u2019 y cuando sac\u00f3 la plata que hab\u00eda ahorrado Jorge le dijo \u2018guard\u00e1 eso\u2019. Trajo todo y le dise\u00f1\u00f3. Y eso lo hizo infinidad de veces. No era de este planeta, por eso nos est\u00e1 acompa\u00f1ando desde all\u00e1\u201d, asegur\u00f3.<\/p>\n<p>La sorpresa m\u00e1s grande de la actuaci\u00f3n fue la aparici\u00f3n en el final de algunas de las musas del dise\u00f1ador con sus creaciones:\u00a0Anam\u00e1 Ferreira,\u00a0Nequi Galotti,\u00a0Carmen Yasalde,\u00a0Fernanda Villaverde,\u00a0Teresa Calandra,\u00a0Dolores Moreno,\u00a0Evelyn Sheidl,\u00a0Mora Furtado, entre otras. Todas, con Flor de la Ve para cerrar la pasada, terminaron entre l\u00e1grimas aplaudiendo al dise\u00f1ador. El jurado celebr\u00f3 el homenaje y se llev\u00f3 30 puntos, el m\u00e1s alto del ritmo.<\/p>\n<p><iframe loading=\"lazy\" width=\"560\" height=\"315\" src=\"https:\/\/www.youtube.com\/embed\/dHcHsA8vjNk\" frameborder=\"0\" allow=\"accelerometer; autoplay; encrypted-media; gyroscope; picture-in-picture\" allowfullscreen><\/iframe><\/p>\n","protected":false},"excerpt":{"rendered":"<p>La capoc\u00f3mica, \u00edntima del dise\u00f1ador fallecido en 2014, le rindi\u00f3 un conmovedor tributo en el S\u00faper Bailando. Una noche con much\u00edsima emoci\u00f3n se vivi\u00f3 en el\u00a0S\u00faper Bailando\u00a0con el ritmo de homenajes.\u00a0Florencia de la Ve\u00a0lleg\u00f3 a la pista con una performance inspirada y dedicada a su amigo\u00a0Jorge Iba\u00f1ez, que termin\u00f3 con todos en el estudio entre [&hellip;]<\/p>\n","protected":false},"author":1,"featured_media":67801,"comment_status":"closed","ping_status":"closed","sticky":false,"template":"","format":"standard","meta":{"_seopress_robots_primary_cat":"","_seopress_titles_title":"","_seopress_titles_desc":"","_seopress_robots_index":"","footnotes":""},"categories":[477,2],"tags":[25022,7068,25020,25021],"class_list":{"0":"post-67800","1":"post","2":"type-post","3":"status-publish","4":"format-standard","5":"has-post-thumbnail","7":"category-showmatch","8":"category-tv","9":"tag-flor-de-la-ve-jorge-ibanez","10":"tag-homenaje-a-jorge-ibanez","11":"tag-homenaje-de-flor-de-la-ve","12":"tag-homenaje-de-flor-de-la-ve-a-jorge-ibanez"},"_links":{"self":[{"href":"https:\/\/www.cordobatimes.com\/showup\/wp-json\/wp\/v2\/posts\/67800","targetHints":{"allow":["GET"]}}],"collection":[{"href":"https:\/\/www.cordobatimes.com\/showup\/wp-json\/wp\/v2\/posts"}],"about":[{"href":"https:\/\/www.cordobatimes.com\/showup\/wp-json\/wp\/v2\/types\/post"}],"author":[{"embeddable":true,"href":"https:\/\/www.cordobatimes.com\/showup\/wp-json\/wp\/v2\/users\/1"}],"replies":[{"embeddable":true,"href":"https:\/\/www.cordobatimes.com\/showup\/wp-json\/wp\/v2\/comments?post=67800"}],"version-history":[{"count":0,"href":"https:\/\/www.cordobatimes.com\/showup\/wp-json\/wp\/v2\/posts\/67800\/revisions"}],"wp:featuredmedia":[{"embeddable":true,"href":"https:\/\/www.cordobatimes.com\/showup\/wp-json\/wp\/v2\/media\/67801"}],"wp:attachment":[{"href":"https:\/\/www.cordobatimes.com\/showup\/wp-json\/wp\/v2\/media?parent=67800"}],"wp:term":[{"taxonomy":"category","embeddable":true,"href":"https:\/\/www.cordobatimes.com\/showup\/wp-json\/wp\/v2\/categories?post=67800"},{"taxonomy":"post_tag","embeddable":true,"href":"https:\/\/www.cordobatimes.com\/showup\/wp-json\/wp\/v2\/tags?post=67800"}],"curies":[{"name":"wp","href":"https:\/\/api.w.org\/{rel}","templated":true}]}}