{"id":67760,"date":"2019-10-29T18:19:57","date_gmt":"2019-10-29T21:19:57","guid":{"rendered":"https:\/\/www.cordobatimes.com\/showup\/?p=67760"},"modified":"2019-10-30T08:23:05","modified_gmt":"2019-10-30T11:23:05","slug":"los-artistas-que-actuaran-en-los-proximos-grammy-latinos","status":"publish","type":"post","link":"https:\/\/www.cordobatimes.com\/showup\/musica\/2019\/10\/29\/los-artistas-que-actuaran-en-los-proximos-grammy-latinos\/","title":{"rendered":"Los artistas que actuar\u00e1n en los pr\u00f3ximos Grammy Latinos"},"content":{"rendered":"<h3><strong>La Academia Latina de la Grabaci\u00f3n anunci\u00f3 la n\u00f3mina de artistas que interpretar\u00e1n canciones en la ceremonia del 20\u00b0 aniversario.\u00a0<\/strong><\/h3>\n<p>Paula Arenas, Bad Bunny, Alessi Cara, Alejandro Fern\u00e1ndez, Alex Fern\u00e1ndez, Vicente Fern\u00e1ndez, Natalia Jim\u00e9nez, Juanes, Mariachi Sol de M\u00e9xico, Draco Rosa, Ximena Sari\u00f1ana, Sech, Olga Ta\u00f1\u00f3n y Sebasti\u00e1n Yatra. Esos son los artistas que actuar\u00e1n en la 20\u00aa entrega del Grammy Latino, a realizarse el pr\u00f3ximo 14 de noviembre en el MGM Grand Garden Arena, de Las Vegas (Estados Unidos), de acuerdo a lo anunciado por la Academia Latina de la Grabaci\u00f3n.<\/p>\n<p>Juanes, elegido por este organismo como la persona del A\u00f1o 2019, tambi\u00e9n ofrecer\u00e1 un popurr\u00ed de su famoso repertorio en esta ceremonia que ser\u00e1 conducida por Ricky Martin, Roselyn S\u00e1nchez y Paz Vega.<\/p>\n<p>\u201cEl importante 20\u00b0 aniversario del Grammy Latino ser\u00e1 una celebraci\u00f3n llena de estrellas que quedar\u00e1 en la historia, e incluir\u00e1 momentos hist\u00f3ricos, rencuentros, homenajes y presentaciones \u00fanicas de nominados, ganadores pasados y artistas legendarios, quienes se congregar\u00e1n para conmemorar los 20 a\u00f1os de legado y excelencia en la m\u00fasica latina\u201d, difundi\u00f3 la Academia Latina de la Grabaci\u00f3n, que transmitir\u00e1 todo mediante Latin Grammys Facebook Live.<\/p>\n<blockquote class=\"twitter-tweet\" data-lang=\"es\">\n<p dir=\"ltr\" lang=\"es\">\u00a1CONFIRMADO! <a href=\"https:\/\/twitter.com\/SebastianYatra?ref_src=twsrc%5Etfw\">@SebastianYatra<\/a> participar\u00e1 en la 20a Entrega Anual del <a href=\"https:\/\/twitter.com\/hashtag\/LatinGRAMMY?src=hash&amp;ref_src=twsrc%5Etfw\">#LatinGRAMMY<\/a> 14 DE NOV. 8PM <a href=\"https:\/\/twitter.com\/Univision?ref_src=twsrc%5Etfw\">@Univision<\/a> <a href=\"https:\/\/twitter.com\/MGMGrand?ref_src=twsrc%5Etfw\">@MGMGrand<\/a> \ud83c\udfb6\ud83d\udc4f\ud83d\udc4f <a href=\"https:\/\/twitter.com\/hashtag\/20A%C3%B1osDeExcelencia?src=hash&amp;ref_src=twsrc%5Etfw\">#20A\u00f1osDeExcelencia<\/a> <a href=\"https:\/\/t.co\/mIWBmfwZ5K\">https:\/\/t.co\/mIWBmfwZ5K<\/a> <a href=\"https:\/\/t.co\/9dDCtZrIH7\">pic.twitter.com\/9dDCtZrIH7<\/a><\/p>\n<p>\u2014 Latin GRAMMYs (@LatinGRAMMYs) <a href=\"https:\/\/twitter.com\/LatinGRAMMYs\/status\/1189173565637181441?ref_src=twsrc%5Etfw\">29 de octubre de 2019<\/a><\/p><\/blockquote>\n<p><script async src=\"https:\/\/platform.twitter.com\/widgets.js\" charset=\"utf-8\"><\/script><\/p>\n","protected":false},"excerpt":{"rendered":"<p>La Academia Latina de la Grabaci\u00f3n anunci\u00f3 la n\u00f3mina de artistas que interpretar\u00e1n canciones en la ceremonia del 20\u00b0 aniversario.\u00a0 Paula Arenas, Bad Bunny, Alessi Cara, Alejandro Fern\u00e1ndez, Alex Fern\u00e1ndez, Vicente Fern\u00e1ndez, Natalia Jim\u00e9nez, Juanes, Mariachi Sol de M\u00e9xico, Draco Rosa, Ximena Sari\u00f1ana, Sech, Olga Ta\u00f1\u00f3n y Sebasti\u00e1n Yatra. Esos son los artistas que actuar\u00e1n [&hellip;]<\/p>\n","protected":false},"author":1,"featured_media":67789,"comment_status":"closed","ping_status":"closed","sticky":false,"template":"","format":"standard","meta":{"_seopress_robots_primary_cat":"","_seopress_titles_title":"","_seopress_titles_desc":"","_seopress_robots_index":"","footnotes":""},"categories":[5],"tags":[25008,15467,433],"class_list":{"0":"post-67760","1":"post","2":"type-post","3":"status-publish","4":"format-standard","5":"has-post-thumbnail","7":"category-musica","8":"tag-artistas-que-actuaran-en-los-proximos-grammy-latinos","9":"tag-grammy-latinos","10":"tag-latin-grammys"},"_links":{"self":[{"href":"https:\/\/www.cordobatimes.com\/showup\/wp-json\/wp\/v2\/posts\/67760","targetHints":{"allow":["GET"]}}],"collection":[{"href":"https:\/\/www.cordobatimes.com\/showup\/wp-json\/wp\/v2\/posts"}],"about":[{"href":"https:\/\/www.cordobatimes.com\/showup\/wp-json\/wp\/v2\/types\/post"}],"author":[{"embeddable":true,"href":"https:\/\/www.cordobatimes.com\/showup\/wp-json\/wp\/v2\/users\/1"}],"replies":[{"embeddable":true,"href":"https:\/\/www.cordobatimes.com\/showup\/wp-json\/wp\/v2\/comments?post=67760"}],"version-history":[{"count":0,"href":"https:\/\/www.cordobatimes.com\/showup\/wp-json\/wp\/v2\/posts\/67760\/revisions"}],"wp:featuredmedia":[{"embeddable":true,"href":"https:\/\/www.cordobatimes.com\/showup\/wp-json\/wp\/v2\/media\/67789"}],"wp:attachment":[{"href":"https:\/\/www.cordobatimes.com\/showup\/wp-json\/wp\/v2\/media?parent=67760"}],"wp:term":[{"taxonomy":"category","embeddable":true,"href":"https:\/\/www.cordobatimes.com\/showup\/wp-json\/wp\/v2\/categories?post=67760"},{"taxonomy":"post_tag","embeddable":true,"href":"https:\/\/www.cordobatimes.com\/showup\/wp-json\/wp\/v2\/tags?post=67760"}],"curies":[{"name":"wp","href":"https:\/\/api.w.org\/{rel}","templated":true}]}}