{"id":67721,"date":"2019-10-28T10:18:04","date_gmt":"2019-10-28T13:18:04","guid":{"rendered":"https:\/\/www.cordobatimes.com\/showup\/?p=67721"},"modified":"2019-10-28T10:18:04","modified_gmt":"2019-10-28T13:18:04","slug":"se-entregaron-los-oscars-honorificos","status":"publish","type":"post","link":"https:\/\/www.cordobatimes.com\/showup\/cine-y-series\/2019\/10\/28\/se-entregaron-los-oscars-honorificos\/","title":{"rendered":"Se entregaron los Oscars honor\u00edficos"},"content":{"rendered":"<h3><strong>Arranc\u00f3 la temporada de premios en Hollywood.<\/strong><\/h3>\n<p>La actriz Geena Davis y el director David Lynch fueron reconocidos este domingo con un premio Oscar honor\u00edfico, en la gala especial llevada a cabo en el Dolby Theatre de Los \u00c1ngeles, en la que se rindieron homenajes a diferentes figuras.<\/p>\n<p>La int\u00e9rprete reconocida por\u00a0Thelma y Louise, entre otros filmes, fue premiada por sus esfuerzos humanitarios a partir de la creaci\u00f3n de un instituto propio que trabaja por la paridad en el cine y la televisi\u00f3n, seg\u00fan consigna la agencia\u00a0EFE.<\/p>\n<p>Al respecto, Davis afirm\u00f3 que su labor en\u00a0Thelma y Louise\u00a0le permiti\u00f3 reflexionar sobre c\u00f3mo es representada la feminidad en la pantalla.<\/p>\n<p>Por su parte, el director de\u00a0Terciopelo azul, entre otras, recibi\u00f3 su estatuilla junto a Lina Wertm\u00fcller, primera realizadora mujer en ser nominada para un premio Oscar.<\/p>\n<p>En este caso, Lynch se limit\u00f3 a agradecer y fueron las actrices Isabella Rossellini y Laura Dern quienes le dedicaron elogiosos discursos.<\/p>\n<p>Por su parte, al recibir su galard\u00f3n, Wertm\u00fcller sugiri\u00f3 que el premio cambie de nombre a uno femenino, para lo cual propuso que se llame Anna.<\/p>\n<p>En la misma velada, el actor\u00a0Wes Studi, de ascendencia cherokee, conocido por su participaci\u00f3n en\u00a0Danza con lobos\u00a0y\u00a0El \u00faltimo de los Mohicanos, se convirti\u00f3 en el primer nativo americano en alcanzar un Oscar.<\/p>\n<p>Era hora, se limit\u00f3 a decir al recibir su estatuilla.<\/p>\n<p>La 11\u00b0 edici\u00f3n de los Premios de los Gobernadores se instituy\u00f3 como una ceremonia m\u00e1s peque\u00f1a e \u00edntima de los Oscar en la que se entregan galardones honor\u00edficos y funcionan como la apertura de la temporada de premios de Hollywood.<\/p>\n<p>&nbsp;<\/p>\n","protected":false},"excerpt":{"rendered":"<p>Arranc\u00f3 la temporada de premios en Hollywood. La actriz Geena Davis y el director David Lynch fueron reconocidos este domingo con un premio Oscar honor\u00edfico, en la gala especial llevada a cabo en el Dolby Theatre de Los \u00c1ngeles, en la que se rindieron homenajes a diferentes figuras. La int\u00e9rprete reconocida por\u00a0Thelma y Louise, entre [&hellip;]<\/p>\n","protected":false},"author":1,"featured_media":67722,"comment_status":"closed","ping_status":"closed","sticky":false,"template":"","format":"standard","meta":{"_seopress_robots_primary_cat":"","_seopress_titles_title":"","_seopress_titles_desc":"","_seopress_robots_index":"","footnotes":""},"categories":[3],"tags":[24988,24987,24989],"class_list":{"0":"post-67721","1":"post","2":"type-post","3":"status-publish","4":"format-standard","5":"has-post-thumbnail","7":"category-cine-y-series","8":"tag-geena-davis-y-el-director-david-lynch","9":"tag-oscars-honorificos","10":"tag-premio-oscar-honorifico"},"_links":{"self":[{"href":"https:\/\/www.cordobatimes.com\/showup\/wp-json\/wp\/v2\/posts\/67721","targetHints":{"allow":["GET"]}}],"collection":[{"href":"https:\/\/www.cordobatimes.com\/showup\/wp-json\/wp\/v2\/posts"}],"about":[{"href":"https:\/\/www.cordobatimes.com\/showup\/wp-json\/wp\/v2\/types\/post"}],"author":[{"embeddable":true,"href":"https:\/\/www.cordobatimes.com\/showup\/wp-json\/wp\/v2\/users\/1"}],"replies":[{"embeddable":true,"href":"https:\/\/www.cordobatimes.com\/showup\/wp-json\/wp\/v2\/comments?post=67721"}],"version-history":[{"count":0,"href":"https:\/\/www.cordobatimes.com\/showup\/wp-json\/wp\/v2\/posts\/67721\/revisions"}],"wp:featuredmedia":[{"embeddable":true,"href":"https:\/\/www.cordobatimes.com\/showup\/wp-json\/wp\/v2\/media\/67722"}],"wp:attachment":[{"href":"https:\/\/www.cordobatimes.com\/showup\/wp-json\/wp\/v2\/media?parent=67721"}],"wp:term":[{"taxonomy":"category","embeddable":true,"href":"https:\/\/www.cordobatimes.com\/showup\/wp-json\/wp\/v2\/categories?post=67721"},{"taxonomy":"post_tag","embeddable":true,"href":"https:\/\/www.cordobatimes.com\/showup\/wp-json\/wp\/v2\/tags?post=67721"}],"curies":[{"name":"wp","href":"https:\/\/api.w.org\/{rel}","templated":true}]}}