{"id":67670,"date":"2019-10-27T16:33:44","date_gmt":"2019-10-27T19:33:44","guid":{"rendered":"https:\/\/www.cordobatimes.com\/showup\/?p=67670"},"modified":"2019-10-27T16:33:44","modified_gmt":"2019-10-27T19:33:44","slug":"elecciones-2019-asi-votaron-los-famosos","status":"publish","type":"post","link":"https:\/\/www.cordobatimes.com\/showup\/famosos\/2019\/10\/27\/elecciones-2019-asi-votaron-los-famosos\/","title":{"rendered":"Elecciones 2019: As\u00ed votaron los famosos"},"content":{"rendered":"<h3><strong>Diferentes looks, diversidad de horarios y sus posteos en las redes sociales.<\/strong><\/h3>\n<p>&nbsp;<\/p>\n<p>Como el resto de los ciudadanos argentinos, los famosos y personalidades destacadas del espect\u00e1culo argentino dejaron su voto en las urnas para elegir a los representantes que asumir\u00e1n el pr\u00f3ximo 10 de diciembre.<\/p>\n<p>La elecci\u00f3n novena presidencial ininterrumpida desde la recuperaci\u00f3n democr\u00e1tica alumbrar\u00e1 este domingo por la noche al nuevo presidente argentino, si es que alguno de los candidatos supera el 45 por ciento de los votos necesarios para evitar el balotaje.<\/p>\n<p>Mientras se lleva acabo la jornada electoral, distintas personalidades del medio compartieron en las redes im\u00e1genes de la alegr\u00eda que les gener\u00f3 tener la posibilidad de emitir su voto.<\/p>\n<p>Diez minutos pasadas las 11 de la ma\u00f1ana, Marcelo Tinelli emiti\u00f3 su voto. Lo hizo en el colegio Bayard del barrio porte\u00f1o de Palermo. En di\u00e1logo con la prensa pidi\u00f3 que el futuro presidente electo se encargue de poder establecer una sociedad m\u00e1s igualitaria. \u201cEstamos atravesando una situaci\u00f3n econ\u00f3mica muy dif\u00edcil, con un mont\u00f3n de gente que ha perdido su puesto de trabajo, con una inclusi\u00f3n dif\u00edcil, con un d\u00f3lar que se est\u00e1 escapando, con una pobreza muy alta. Muchas veces me recuerda a un pa\u00eds similar a lo que vivimos en el 2002, as\u00ed que ojal\u00e1 que esto pueda levantarse r\u00e1pidamente. Sea quien sea el presidente, que pueda haber m\u00e1s igualdad, m\u00e1s inclusi\u00f3n, m\u00e1s mirada para los que menos tienen, que podamos terminar con la pobreza en la Argentina\u00bb.<\/p>\n<p><img alt=\"\" loading=\"lazy\" decoding=\"async\" src=\"https:\/\/www.cordobatimes.com\/showup\/wp-content\/uploads\/2019\/10\/26556221.jpg\" alt=\"\" width=\"693\" height=\"464\" class=\"alignnone size-full wp-image-67671\" srcset=\"https:\/\/www.cordobatimes.com\/showup\/wp-content\/uploads\/2019\/10\/26556221.jpg 693w, https:\/\/www.cordobatimes.com\/showup\/wp-content\/uploads\/2019\/10\/26556221-627x420.jpg 627w\" sizes=\"auto, (max-width: 693px) 100vw, 693px\" \/><\/p>\n<p>El conductor de ShowMatch luci\u00f3 una camisa negra, un gorro del mismo color y un jeans azul. Lleg\u00f3 acompa\u00f1ado por sus hijo Lolo y Candelaria<\/p>\n<p><img alt=\"\" loading=\"lazy\" decoding=\"async\" src=\"https:\/\/www.cordobatimes.com\/showup\/wp-content\/uploads\/2019\/10\/2-13.jpg\" alt=\"\" width=\"696\" height=\"425\" class=\"alignnone size-full wp-image-67672\" srcset=\"https:\/\/www.cordobatimes.com\/showup\/wp-content\/uploads\/2019\/10\/2-13.jpg 696w, https:\/\/www.cordobatimes.com\/showup\/wp-content\/uploads\/2019\/10\/2-13-688x420.jpg 688w\" sizes=\"auto, (max-width: 696px) 100vw, 696px\" \/><\/p>\n<p>\u201cEs la primera vez que me siento con palpitaciones\u201d, dijo Juanita Viale en di\u00e1logo con C5N, que lleg\u00f3 a su lugar de votaci\u00f3n minutos antes de las 9 de la ma\u00f1ana. \u201cVine muy temprano porque tengo que lleva a mi hija &#8211; Ambar (16 a\u00f1os) &#8211; que vota por primera vez\u201d, revel\u00f3 la actriz. Luci\u00f3 un vestido con estampado abstracto, acompa\u00f1ado por un sweaters celeste abierto con zapatillas negras con suelas blancas.<\/p>\n<p><img alt=\"\" loading=\"lazy\" decoding=\"async\" src=\"https:\/\/www.cordobatimes.com\/showup\/wp-content\/uploads\/2019\/10\/3-9.jpg\" alt=\"\" width=\"406\" height=\"612\" class=\"alignnone size-full wp-image-67673\" srcset=\"https:\/\/www.cordobatimes.com\/showup\/wp-content\/uploads\/2019\/10\/3-9.jpg 406w, https:\/\/www.cordobatimes.com\/showup\/wp-content\/uploads\/2019\/10\/3-9-279x420.jpg 279w\" sizes=\"auto, (max-width: 406px) 100vw, 406px\" \/><\/p>\n<p>Marcela Tinayre eligi\u00f3 lookearse con una remera de seda blanca y blazer del mismo color. Jeans negro y zapatillas tambi\u00e9n blancas.<\/p>\n<p><strong>Graciela Alfano<\/strong><\/p>\n<p><img alt=\"\" loading=\"lazy\" decoding=\"async\" src=\"https:\/\/www.cordobatimes.com\/showup\/wp-content\/uploads\/2019\/10\/5-5.jpg\" alt=\"\" width=\"528\" height=\"617\" class=\"alignnone size-full wp-image-67675\" srcset=\"https:\/\/www.cordobatimes.com\/showup\/wp-content\/uploads\/2019\/10\/5-5.jpg 528w, https:\/\/www.cordobatimes.com\/showup\/wp-content\/uploads\/2019\/10\/5-5-359x420.jpg 359w\" sizes=\"auto, (max-width: 528px) 100vw, 528px\" \/><\/p>\n<p>Recientemente recuperada de su operaci\u00f3n, Lourdes S\u00e1nchez vot\u00f3 en una escuela de Colegiales<\/p>\n<p><img alt=\"\" loading=\"lazy\" decoding=\"async\" src=\"https:\/\/www.cordobatimes.com\/showup\/wp-content\/uploads\/2019\/10\/6-2.jpg\" alt=\"\" width=\"369\" height=\"620\" class=\"alignnone size-full wp-image-67676\" srcset=\"https:\/\/www.cordobatimes.com\/showup\/wp-content\/uploads\/2019\/10\/6-2.jpg 369w, https:\/\/www.cordobatimes.com\/showup\/wp-content\/uploads\/2019\/10\/6-2-250x420.jpg 250w\" sizes=\"auto, (max-width: 369px) 100vw, 369px\" \/><\/p>\n<p><img alt=\"\" loading=\"lazy\" decoding=\"async\" src=\"https:\/\/www.cordobatimes.com\/showup\/wp-content\/uploads\/2019\/10\/7-1.jpg\" alt=\"\" width=\"680\" height=\"194\" class=\"alignnone size-full wp-image-67677\" \/><\/p>\n<p>Leonardo Sbaraglia fue a votar y lo comparti\u00f3 en las redes: \u201cAc\u00e1 en un d\u00eda hermoso lleno de democracia, votando, casi metiendo el sobre. Me sorprendi\u00f3 con una foto, mi amigo y compa\u00f1ero de la pel\u00edcula #lanochedeloslapices\u201d, poste\u00f3 el actor, junto con una foto depositando su voto y con su colega Alejo Garc\u00eda Pintos.<\/p>\n<p><img alt=\"\" loading=\"lazy\" decoding=\"async\" src=\"https:\/\/www.cordobatimes.com\/showup\/wp-content\/uploads\/2019\/10\/8-1.jpg\" alt=\"\" width=\"736\" height=\"615\" class=\"alignnone size-full wp-image-67678\" srcset=\"https:\/\/www.cordobatimes.com\/showup\/wp-content\/uploads\/2019\/10\/8-1.jpg 736w, https:\/\/www.cordobatimes.com\/showup\/wp-content\/uploads\/2019\/10\/8-1-503x420.jpg 503w, https:\/\/www.cordobatimes.com\/showup\/wp-content\/uploads\/2019\/10\/8-1-696x582.jpg 696w\" sizes=\"auto, (max-width: 736px) 100vw, 736px\" \/><\/p>\n<p><img alt=\"\" loading=\"lazy\" decoding=\"async\" src=\"https:\/\/www.cordobatimes.com\/showup\/wp-content\/uploads\/2019\/10\/9-1.jpg\" alt=\"\" width=\"481\" height=\"618\" class=\"alignnone size-full wp-image-67679\" srcset=\"https:\/\/www.cordobatimes.com\/showup\/wp-content\/uploads\/2019\/10\/9-1.jpg 481w, https:\/\/www.cordobatimes.com\/showup\/wp-content\/uploads\/2019\/10\/9-1-327x420.jpg 327w\" sizes=\"auto, (max-width: 481px) 100vw, 481px\" \/><\/p>\n<p><strong>Oscar Gonz\u00e1lez Oro<\/strong><\/p>\n<p><img alt=\"\" loading=\"lazy\" decoding=\"async\" src=\"https:\/\/www.cordobatimes.com\/showup\/wp-content\/uploads\/2019\/10\/10-1.jpg\" alt=\"\" width=\"521\" height=\"609\" class=\"alignnone size-full wp-image-67680\" srcset=\"https:\/\/www.cordobatimes.com\/showup\/wp-content\/uploads\/2019\/10\/10-1.jpg 521w, https:\/\/www.cordobatimes.com\/showup\/wp-content\/uploads\/2019\/10\/10-1-359x420.jpg 359w\" sizes=\"auto, (max-width: 521px) 100vw, 521px\" \/><\/p>\n<p><strong>El voto de Georgina Barbarossa <\/strong><\/p>\n<p><img alt=\"\" loading=\"lazy\" decoding=\"async\" src=\"https:\/\/www.cordobatimes.com\/showup\/wp-content\/uploads\/2019\/10\/11-1.jpg\" alt=\"\" width=\"681\" height=\"593\" class=\"alignnone size-full wp-image-67681\" srcset=\"https:\/\/www.cordobatimes.com\/showup\/wp-content\/uploads\/2019\/10\/11-1.jpg 681w, https:\/\/www.cordobatimes.com\/showup\/wp-content\/uploads\/2019\/10\/11-1-482x420.jpg 482w\" sizes=\"auto, (max-width: 681px) 100vw, 681px\" \/><\/p>\n<p><strong>Voto de Mariano Iudica <\/strong><\/p>\n<p><img alt=\"\" loading=\"lazy\" decoding=\"async\" src=\"https:\/\/www.cordobatimes.com\/showup\/wp-content\/uploads\/2019\/10\/12-1.jpg\" alt=\"\" width=\"636\" height=\"616\" class=\"alignnone size-full wp-image-67682\" srcset=\"https:\/\/www.cordobatimes.com\/showup\/wp-content\/uploads\/2019\/10\/12-1.jpg 636w, https:\/\/www.cordobatimes.com\/showup\/wp-content\/uploads\/2019\/10\/12-1-434x420.jpg 434w\" sizes=\"auto, (max-width: 636px) 100vw, 636px\" \/><\/p>\n<p><strong>Diego Brancatelli<\/strong><\/p>\n<p><img alt=\"\" loading=\"lazy\" decoding=\"async\" src=\"https:\/\/www.cordobatimes.com\/showup\/wp-content\/uploads\/2019\/10\/13-1.jpg\" alt=\"\" width=\"523\" height=\"624\" class=\"alignnone size-full wp-image-67683\" srcset=\"https:\/\/www.cordobatimes.com\/showup\/wp-content\/uploads\/2019\/10\/13-1.jpg 523w, https:\/\/www.cordobatimes.com\/showup\/wp-content\/uploads\/2019\/10\/13-1-352x420.jpg 352w\" sizes=\"auto, (max-width: 523px) 100vw, 523px\" \/><\/p>\n<p><strong>Carolina Papaleo<\/strong><\/p>\n<p><img alt=\"\" loading=\"lazy\" decoding=\"async\" src=\"https:\/\/www.cordobatimes.com\/showup\/wp-content\/uploads\/2019\/10\/14-1.jpg\" alt=\"\" width=\"545\" height=\"621\" class=\"alignnone size-full wp-image-67684\" srcset=\"https:\/\/www.cordobatimes.com\/showup\/wp-content\/uploads\/2019\/10\/14-1.jpg 545w, https:\/\/www.cordobatimes.com\/showup\/wp-content\/uploads\/2019\/10\/14-1-369x420.jpg 369w\" sizes=\"auto, (max-width: 545px) 100vw, 545px\" \/><\/p>\n<p><strong>Marley <\/strong><\/p>\n<p><img alt=\"\" loading=\"lazy\" decoding=\"async\" src=\"https:\/\/www.cordobatimes.com\/showup\/wp-content\/uploads\/2019\/10\/marley.jpg\" alt=\"\" width=\"321\" height=\"613\" class=\"alignnone size-full wp-image-67685\" srcset=\"https:\/\/www.cordobatimes.com\/showup\/wp-content\/uploads\/2019\/10\/marley.jpg 321w, https:\/\/www.cordobatimes.com\/showup\/wp-content\/uploads\/2019\/10\/marley-220x420.jpg 220w\" sizes=\"auto, (max-width: 321px) 100vw, 321px\" \/><\/p>\n<p><strong>Flor De la V <\/strong><\/p>\n<p><img alt=\"\" loading=\"lazy\" decoding=\"async\" src=\"https:\/\/www.cordobatimes.com\/showup\/wp-content\/uploads\/2019\/10\/Flor-de-la-v.jpg\" alt=\"\" width=\"573\" height=\"391\" class=\"alignnone size-full wp-image-67686\" srcset=\"https:\/\/www.cordobatimes.com\/showup\/wp-content\/uploads\/2019\/10\/Flor-de-la-v.jpg 573w, https:\/\/www.cordobatimes.com\/showup\/wp-content\/uploads\/2019\/10\/Flor-de-la-v-218x150.jpg 218w\" sizes=\"auto, (max-width: 573px) 100vw, 573px\" \/><\/p>\n","protected":false},"excerpt":{"rendered":"<p>Diferentes looks, diversidad de horarios y sus posteos en las redes sociales. &nbsp; Como el resto de los ciudadanos argentinos, los famosos y personalidades destacadas del espect\u00e1culo argentino dejaron su voto en las urnas para elegir a los representantes que asumir\u00e1n el pr\u00f3ximo 10 de diciembre. La elecci\u00f3n novena presidencial ininterrumpida desde la recuperaci\u00f3n democr\u00e1tica [&hellip;]<\/p>\n","protected":false},"author":1,"featured_media":67671,"comment_status":"closed","ping_status":"closed","sticky":false,"template":"","format":"standard","meta":{"_seopress_robots_primary_cat":"","_seopress_titles_title":"","_seopress_titles_desc":"","_seopress_robots_index":"","footnotes":""},"categories":[4],"tags":[23243,24969,24970,24971],"class_list":{"0":"post-67670","1":"post","2":"type-post","3":"status-publish","4":"format-standard","5":"has-post-thumbnail","7":"category-famosos","8":"tag-elecciones-2019","9":"tag-elecciones-en-argentina","10":"tag-elecciones-presidenciales-en-argentina","11":"tag-los-famosos-en-las-elecciones-2019"},"_links":{"self":[{"href":"https:\/\/www.cordobatimes.com\/showup\/wp-json\/wp\/v2\/posts\/67670","targetHints":{"allow":["GET"]}}],"collection":[{"href":"https:\/\/www.cordobatimes.com\/showup\/wp-json\/wp\/v2\/posts"}],"about":[{"href":"https:\/\/www.cordobatimes.com\/showup\/wp-json\/wp\/v2\/types\/post"}],"author":[{"embeddable":true,"href":"https:\/\/www.cordobatimes.com\/showup\/wp-json\/wp\/v2\/users\/1"}],"replies":[{"embeddable":true,"href":"https:\/\/www.cordobatimes.com\/showup\/wp-json\/wp\/v2\/comments?post=67670"}],"version-history":[{"count":0,"href":"https:\/\/www.cordobatimes.com\/showup\/wp-json\/wp\/v2\/posts\/67670\/revisions"}],"wp:featuredmedia":[{"embeddable":true,"href":"https:\/\/www.cordobatimes.com\/showup\/wp-json\/wp\/v2\/media\/67671"}],"wp:attachment":[{"href":"https:\/\/www.cordobatimes.com\/showup\/wp-json\/wp\/v2\/media?parent=67670"}],"wp:term":[{"taxonomy":"category","embeddable":true,"href":"https:\/\/www.cordobatimes.com\/showup\/wp-json\/wp\/v2\/categories?post=67670"},{"taxonomy":"post_tag","embeddable":true,"href":"https:\/\/www.cordobatimes.com\/showup\/wp-json\/wp\/v2\/tags?post=67670"}],"curies":[{"name":"wp","href":"https:\/\/api.w.org\/{rel}","templated":true}]}}