{"id":67378,"date":"2019-10-25T09:12:19","date_gmt":"2019-10-25T12:12:19","guid":{"rendered":"https:\/\/www.cordobatimes.com\/showup\/?p=67378"},"modified":"2022-10-31T22:14:07","modified_gmt":"2022-11-01T01:14:07","slug":"la-angustia-de-flor-vigna-tras-quedar-cerca-de-la-eliminacion-en-el-super-bailando","status":"publish","type":"post","link":"https:\/\/www.cordobatimes.com\/showup\/tv\/2019\/10\/25\/la-angustia-de-flor-vigna-tras-quedar-cerca-de-la-eliminacion-en-el-super-bailando\/","title":{"rendered":"La angustia de Flor Vigna tras quedar cerca de la eliminaci\u00f3n en el S\u00faper Bailando"},"content":{"rendered":"<h3><strong>El jurado eligi\u00f3 al equipo del\u00a0Polaco\u00a0y\u00a0Noelia Marzol\u00a0y la actriz se sinti\u00f3 afectada.\u00a0<\/strong><\/h3>\n<p>Los \u201cs\u00faper duelos\u201d del\u00a0S\u00faper Bailando\u00a0siguen ofreciendo sorpresas y una de ellas es que\u00a0Flor Vigna, junto a\u00a0Facundo Mazzei, hoy sigue en la l\u00ednea de eliminaci\u00f3n. Despu\u00e9s de perder el primer duelo y volver a ser vencida en el segundo, un cuarteto en el que termin\u00f3 imponi\u00e9ndose el\u00a0Polaco\u00a0y\u00a0Noelia Marzol, la excampeona recibi\u00f3 sensibilizada el golpe.<\/p>\n<p>\u201cTe quedaste mal, te vi con una cara. Sos muy frontal\u201d, coment\u00f3 Marcelo al ver a Flor con los ojos vidriosos. \u201cMe cag&#8230;, me cag\u2026 Tiene que ver con la grandeza de este programa, creo. Si hay que aumentar todos los ensayos, todo el equipo est\u00e1 predispuesto y no dej\u00e1s de ense\u00f1arme, as\u00ed que gracias\u201d, asegur\u00f3 la actriz, sensibilizada.<\/p>\n<p>Facu, su compa\u00f1ero, destac\u00f3 el trabajo de ella y el motivo de su frustraci\u00f3n. \u201cA mi me emociona lo que hace ella que no es bailarina y ella se desloma, piensa, busca, escribe\u201d, la elogi\u00f3, al tiempo que Tinelli destacaba su trabajo al decir que \u201cno tengo dudas de que es una de las que m\u00e1s labura\u201d.<\/p>\n<p>\u201cEstoy muy a gusto con el jurado. Me parece que cada devoluci\u00f3n se est\u00e1 dando este a\u00f1o es para sumar, nunca decir algo porque s\u00ed\u201d, termin\u00f3 diciendo la ex\u00a0Combate, que deber\u00e1 enfrentarse en el pr\u00f3ximo duelo con nada m\u00e1s que con Fede Bal, otro excampe\u00f3n ca\u00eddo en desgracia.<\/p>\n<p><iframe loading=\"lazy\" width=\"560\" height=\"315\" src=\"https:\/\/www.youtube.com\/embed\/Zi5OhZVnMgk\" frameborder=\"0\" allow=\"accelerometer; autoplay; encrypted-media; gyroscope; picture-in-picture\" allowfullscreen><\/iframe><\/p>\n","protected":false},"excerpt":{"rendered":"<p>El jurado eligi\u00f3 al equipo del\u00a0Polaco\u00a0y\u00a0Noelia Marzol\u00a0y la actriz se sinti\u00f3 afectada.\u00a0 Los \u201cs\u00faper duelos\u201d del\u00a0S\u00faper Bailando\u00a0siguen ofreciendo sorpresas y una de ellas es que\u00a0Flor Vigna, junto a\u00a0Facundo Mazzei, hoy sigue en la l\u00ednea de eliminaci\u00f3n. Despu\u00e9s de perder el primer duelo y volver a ser vencida en el segundo, un cuarteto en el que [&hellip;]<\/p>\n","protected":false},"author":1,"featured_media":67379,"comment_status":"closed","ping_status":"closed","sticky":false,"template":"","format":"standard","meta":{"_seopress_robots_primary_cat":"","_seopress_titles_title":"","_seopress_titles_desc":"","_seopress_robots_index":"","footnotes":""},"categories":[477,2],"tags":[24820,24821],"class_list":{"0":"post-67378","1":"post","2":"type-post","3":"status-publish","4":"format-standard","5":"has-post-thumbnail","7":"category-showmatch","8":"category-tv","9":"tag-angustia-de-flor-vigna","10":"tag-flor-vigna-eliminacion-en-el-super-bailando"},"_links":{"self":[{"href":"https:\/\/www.cordobatimes.com\/showup\/wp-json\/wp\/v2\/posts\/67378","targetHints":{"allow":["GET"]}}],"collection":[{"href":"https:\/\/www.cordobatimes.com\/showup\/wp-json\/wp\/v2\/posts"}],"about":[{"href":"https:\/\/www.cordobatimes.com\/showup\/wp-json\/wp\/v2\/types\/post"}],"author":[{"embeddable":true,"href":"https:\/\/www.cordobatimes.com\/showup\/wp-json\/wp\/v2\/users\/1"}],"replies":[{"embeddable":true,"href":"https:\/\/www.cordobatimes.com\/showup\/wp-json\/wp\/v2\/comments?post=67378"}],"version-history":[{"count":0,"href":"https:\/\/www.cordobatimes.com\/showup\/wp-json\/wp\/v2\/posts\/67378\/revisions"}],"wp:featuredmedia":[{"embeddable":true,"href":"https:\/\/www.cordobatimes.com\/showup\/wp-json\/wp\/v2\/media\/67379"}],"wp:attachment":[{"href":"https:\/\/www.cordobatimes.com\/showup\/wp-json\/wp\/v2\/media?parent=67378"}],"wp:term":[{"taxonomy":"category","embeddable":true,"href":"https:\/\/www.cordobatimes.com\/showup\/wp-json\/wp\/v2\/categories?post=67378"},{"taxonomy":"post_tag","embeddable":true,"href":"https:\/\/www.cordobatimes.com\/showup\/wp-json\/wp\/v2\/tags?post=67378"}],"curies":[{"name":"wp","href":"https:\/\/api.w.org\/{rel}","templated":true}]}}