{"id":67359,"date":"2019-10-24T19:22:16","date_gmt":"2019-10-24T22:22:16","guid":{"rendered":"https:\/\/www.cordobatimes.com\/showup\/?p=67359"},"modified":"2019-10-24T19:22:54","modified_gmt":"2019-10-24T22:22:54","slug":"el-1-de-noviembre-tini-stoessel-inaugurara-el-movistar-arena","status":"publish","type":"post","link":"https:\/\/www.cordobatimes.com\/showup\/musica\/2019\/10\/24\/el-1-de-noviembre-tini-stoessel-inaugurara-el-movistar-arena\/","title":{"rendered":"El 1 de noviembre Tini Stoessel inaugurar\u00e1 el Movistar Arena"},"content":{"rendered":"<h3><strong>Las entradas ser\u00e1n libres y gratuitas para los clientes de esa compa\u00f1\u00eda.<\/strong><\/h3>\n<p>Tini Stoessel ser\u00e1 la encargada de inaugurar el nuevo estadio Movistar Arena, en terrenos del club porte\u00f1o Atlanta del barrio de Villa Crespo, con una gala el 1 de noviembre.<\/p>\n<p>El estadio tendr\u00e1 su gala pre estreno el viernes 1 de noviembre con la presencia de Tini y el concierto ser\u00e1 con entrada libre y gratuita para los clientes de Movistar, solicitando sus tickets en Club Movistar.<\/p>\n<p>Igualmente el concierto ser\u00e1 transmitido v\u00eda streaming en Movistar Play, y en las redes sociales de la marca.<\/p>\n<p>Movistar Arena est\u00e1 ubicado en una zona estrat\u00e9gica de la ciudad para acceder por el sistema m\u00faltiple de transporte p\u00fablico, ubicado a pocas cuadras de las avenidas Juan B. Justo, Corrientes y Dorrego, lo que permite un f\u00e1cil acceso a trav\u00e9s de 21 l\u00edneas de colectivos, el Metrobus, la l\u00ednea B del subte y los trenes San Mart\u00edn y Urquiza.<\/p>\n<p>Para los d\u00edas 2, 3, 7 y 8 de noviembre en este estadio se anuncian los shows de Joaqu\u00edn Sabina y Joan Manuel Serrat. El 9 y 10 al puertorrique\u00f1o Chayanne, 21, 22 y 23 a Abel Pintos.<\/p>\n<p>El 29 de noviembre a los brit\u00e1nicos de Keane, el 1 de diciembre a Ricardo Montaner; Andr\u00e9s Calamaro para el 5 de diciembre, el canadiense Shawn Mendes el 6 y 7, el 13 a Dream Theater; el colombiano J Balvin el 14 de diciembre; y la estadounidense Norah Jones el 16 de diciembre.<\/p>\n","protected":false},"excerpt":{"rendered":"<p>Las entradas ser\u00e1n libres y gratuitas para los clientes de esa compa\u00f1\u00eda. Tini Stoessel ser\u00e1 la encargada de inaugurar el nuevo estadio Movistar Arena, en terrenos del club porte\u00f1o Atlanta del barrio de Villa Crespo, con una gala el 1 de noviembre. El estadio tendr\u00e1 su gala pre estreno el viernes 1 de noviembre con [&hellip;]<\/p>\n","protected":false},"author":1,"featured_media":67360,"comment_status":"closed","ping_status":"closed","sticky":false,"template":"","format":"standard","meta":{"_seopress_robots_primary_cat":"","_seopress_titles_title":"","_seopress_titles_desc":"","_seopress_robots_index":"","footnotes":""},"categories":[5],"tags":[24807,24808],"class_list":{"0":"post-67359","1":"post","2":"type-post","3":"status-publish","4":"format-standard","5":"has-post-thumbnail","7":"category-musica","8":"tag-tini-stoessel-inaugurara-el-movistar-arena","9":"tag-tini-stoessel-movistar-arena"},"_links":{"self":[{"href":"https:\/\/www.cordobatimes.com\/showup\/wp-json\/wp\/v2\/posts\/67359","targetHints":{"allow":["GET"]}}],"collection":[{"href":"https:\/\/www.cordobatimes.com\/showup\/wp-json\/wp\/v2\/posts"}],"about":[{"href":"https:\/\/www.cordobatimes.com\/showup\/wp-json\/wp\/v2\/types\/post"}],"author":[{"embeddable":true,"href":"https:\/\/www.cordobatimes.com\/showup\/wp-json\/wp\/v2\/users\/1"}],"replies":[{"embeddable":true,"href":"https:\/\/www.cordobatimes.com\/showup\/wp-json\/wp\/v2\/comments?post=67359"}],"version-history":[{"count":0,"href":"https:\/\/www.cordobatimes.com\/showup\/wp-json\/wp\/v2\/posts\/67359\/revisions"}],"wp:featuredmedia":[{"embeddable":true,"href":"https:\/\/www.cordobatimes.com\/showup\/wp-json\/wp\/v2\/media\/67360"}],"wp:attachment":[{"href":"https:\/\/www.cordobatimes.com\/showup\/wp-json\/wp\/v2\/media?parent=67359"}],"wp:term":[{"taxonomy":"category","embeddable":true,"href":"https:\/\/www.cordobatimes.com\/showup\/wp-json\/wp\/v2\/categories?post=67359"},{"taxonomy":"post_tag","embeddable":true,"href":"https:\/\/www.cordobatimes.com\/showup\/wp-json\/wp\/v2\/tags?post=67359"}],"curies":[{"name":"wp","href":"https:\/\/api.w.org\/{rel}","templated":true}]}}