{"id":67345,"date":"2019-10-23T18:55:13","date_gmt":"2019-10-23T21:55:13","guid":{"rendered":"https:\/\/www.cordobatimes.com\/showup\/?p=67345"},"modified":"2019-10-23T18:55:13","modified_gmt":"2019-10-23T21:55:13","slug":"netflix-podria-eliminar-el-uso-compartido-de-contrasenas","status":"publish","type":"post","link":"https:\/\/www.cordobatimes.com\/showup\/cine-y-series\/2019\/10\/23\/netflix-podria-eliminar-el-uso-compartido-de-contrasenas\/","title":{"rendered":"Netflix podr\u00eda eliminar el uso compartido de contrase\u00f1as"},"content":{"rendered":"<h3><strong>Las versiones comenzaron a circular tras una entrevista con el director financiero de la plataforma.<\/strong><\/h3>\n<p>Compartir contrase\u00f1as de Netflix no ser\u00e1 m\u00e1s una opci\u00f3n dentro de poco. Muchos usuarios economizan gastos compartiendo una misma clave entre varios pero el director financiero de Netflix, Spencer Neumann, confirm\u00f3 que la plataforma por streaming \u201cest\u00e1 monitorizando este asunto en particular\u201d para limitar o poner fin a esta pr\u00e1ctica tan recurrente.<\/p>\n<p>La revista GQ\u00a0especific\u00f3 algunos de los textuales que Neumann realiz\u00f3 en su \u00faltima entrevista y aunque el empresario no dio detalles sobre c\u00f3mo o cu\u00e1ndo empezar\u00e1n a limitar\/prohibir el uso compartido de contrase\u00f1as, s\u00ed asever\u00f3 que se est\u00e1 \u201cobservando la situaci\u00f3n\u201d y que buscar\u00e1n \u201clas formas m\u00e1s amigables para el consumidor para llegar al fondo de esto\u201d.<\/p>\n<p>Seg\u00fan otros medios, como The Daily Dot, uno de los cambios que podr\u00eda hacer la compa\u00f1\u00eda ser\u00eda limitar el n\u00famero de direcciones IP asociadas a una cuenta o limitar la distancia a la que se puede iniciar sesi\u00f3n. Pero estas son todas suposiciones, y a\u00fan Netflix no ha emitido ning\u00fan comunicado oficial anunciando estas medidas.<\/p>\n<p>Probablemente esta decisi\u00f3n de la plataforma est\u00e9 relacionada directamente con el inminente desembarco de\u00a0Disney +\u00a0y Apple TV, dos nuevos servicios de streaming que se posicionan como una gran amenaza para Netflix, que hasta hace poco monopolizaba el rubro.<\/p>\n<p><iframe loading=\"lazy\" width=\"560\" height=\"315\" src=\"https:\/\/www.youtube.com\/embed\/NHK51RgeqdY\" frameborder=\"0\" allow=\"accelerometer; autoplay; encrypted-media; gyroscope; picture-in-picture\" allowfullscreen><\/iframe><\/p>\n","protected":false},"excerpt":{"rendered":"<p>Las versiones comenzaron a circular tras una entrevista con el director financiero de la plataforma. Compartir contrase\u00f1as de Netflix no ser\u00e1 m\u00e1s una opci\u00f3n dentro de poco. Muchos usuarios economizan gastos compartiendo una misma clave entre varios pero el director financiero de Netflix, Spencer Neumann, confirm\u00f3 que la plataforma por streaming \u201cest\u00e1 monitorizando este asunto [&hellip;]<\/p>\n","protected":false},"author":1,"featured_media":67346,"comment_status":"closed","ping_status":"closed","sticky":false,"template":"","format":"standard","meta":{"_seopress_robots_primary_cat":"","_seopress_titles_title":"","_seopress_titles_desc":"","_seopress_robots_index":"","footnotes":""},"categories":[3],"tags":[24801,24800],"class_list":{"0":"post-67345","1":"post","2":"type-post","3":"status-publish","4":"format-standard","5":"has-post-thumbnail","7":"category-cine-y-series","8":"tag-netflix-contrasenas","9":"tag-netflix-uso-compartido-de-contrasenas"},"_links":{"self":[{"href":"https:\/\/www.cordobatimes.com\/showup\/wp-json\/wp\/v2\/posts\/67345","targetHints":{"allow":["GET"]}}],"collection":[{"href":"https:\/\/www.cordobatimes.com\/showup\/wp-json\/wp\/v2\/posts"}],"about":[{"href":"https:\/\/www.cordobatimes.com\/showup\/wp-json\/wp\/v2\/types\/post"}],"author":[{"embeddable":true,"href":"https:\/\/www.cordobatimes.com\/showup\/wp-json\/wp\/v2\/users\/1"}],"replies":[{"embeddable":true,"href":"https:\/\/www.cordobatimes.com\/showup\/wp-json\/wp\/v2\/comments?post=67345"}],"version-history":[{"count":0,"href":"https:\/\/www.cordobatimes.com\/showup\/wp-json\/wp\/v2\/posts\/67345\/revisions"}],"wp:featuredmedia":[{"embeddable":true,"href":"https:\/\/www.cordobatimes.com\/showup\/wp-json\/wp\/v2\/media\/67346"}],"wp:attachment":[{"href":"https:\/\/www.cordobatimes.com\/showup\/wp-json\/wp\/v2\/media?parent=67345"}],"wp:term":[{"taxonomy":"category","embeddable":true,"href":"https:\/\/www.cordobatimes.com\/showup\/wp-json\/wp\/v2\/categories?post=67345"},{"taxonomy":"post_tag","embeddable":true,"href":"https:\/\/www.cordobatimes.com\/showup\/wp-json\/wp\/v2\/tags?post=67345"}],"curies":[{"name":"wp","href":"https:\/\/api.w.org\/{rel}","templated":true}]}}