{"id":67342,"date":"2019-10-23T16:48:54","date_gmt":"2019-10-23T19:48:54","guid":{"rendered":"https:\/\/www.cordobatimes.com\/showup\/?p=67342"},"modified":"2019-10-23T16:48:54","modified_gmt":"2019-10-23T19:48:54","slug":"la-carta-de-los-artistas-chilenos-al-presidente-pinera","status":"publish","type":"post","link":"https:\/\/www.cordobatimes.com\/showup\/musica\/2019\/10\/23\/la-carta-de-los-artistas-chilenos-al-presidente-pinera\/","title":{"rendered":"La carta de los artistas chilenos al presidente Pi\u00f1era"},"content":{"rendered":"<h3><strong>Solistas y miembros de bandas firmaron una petici\u00f3n al mandatario, en la que claman por paz entre chilenos y soluciones inmediatas para terminar con d\u00e9cadas de\u00a0<\/strong><b>desigualdad.<\/b><\/h3>\n<p>Santiago, 21 de octubre de 2019<br \/>\nSe\u00f1or\u00a0Sebasti\u00e1n Pi\u00f1era\u00a0E.<br \/>\nPresidente de la Rep\u00fablica<br \/>\nPresente<\/p>\n<p>Se\u00f1or Presidente<\/p>\n<p>Los abajo firmantes, m\u00fasicos chilenos, nos hemos unido para expresarle nuestro sentir en estas tristes horas de la Historia de Chile.<\/p>\n<p>Como artistas, estamos en permanente contacto con la gente, nuestro p\u00fablico, de todo el pa\u00eds, de todas las edades, y creemos tener una sensibilidad respecto de lo que est\u00e1 pasando.<\/p>\n<p>Nos mueve el profundo deseo de colaborar en detener esta escalada de violencia y descalificaciones. Queremos paz, paz entre hermanos chilenos, paz entre civiles y militares, paz entre las distintas miradas, tolerancia.<\/p>\n<p>Sentimos que en estas horas de angustia, dolor, violencia, represi\u00f3n y hay que decirlo, muerte, los artistas tenemos un compromiso con Chile.<\/p>\n<p>No es momento de adjudicarle a nadie el dolor de Chile. Seguramente se usar\u00e1n r\u00edos de tinta en analizar lo que ha pasado. Lo que nos interesa es el hoy y el futuro.<\/p>\n<p>El dolor de Chile es algo que no se puede seguir ocultando. A Chile le duele la desigualdad, la injusticia, el abuso de unos pocos, la ineptitud del Estado para hacerse cargo, la eterna discusi\u00f3n sobre las causas, sin pasar nunca a las soluciones.<\/p>\n<p>Esto tiene que cambiar ya.<\/p>\n<p>No es la hora de concentrarse en la delincuencia que ha campeado como nunca en estas horas. Ese no es el problema de fondo, e intentar desviar la atenci\u00f3n no es un recurso aceptable.<\/p>\n<p>Se\u00f1or Presidente: le pedimos gestos de grandeza: medidas dr\u00e1sticas para una situaci\u00f3n dram\u00e1tica, que no declina y que puede terminar en una tragedia impensada. M\u00e1s bien se lo exigimos. No es hora de medias tintas ni ambig\u00fcedades, de evaluar la conveniencia peque\u00f1a, ni de hacer tiempo para empatar.<\/p>\n<p>Entre las medidas inmediatas que podemos sugerir, sin que sean todas las posibles, pero que aparecen como urgentes le pedimos, con energ\u00eda y respeto:<\/p>\n<p>&#8211; Detener de inmediato el lenguaje b\u00e9lico. En Chile no estamos en guerra, no puede haber enemigos, basta de odios.<\/p>\n<p>&#8211; Sacar a las fuerzas armadas de las calles, y en caso de ser estrictamente necesario, abocarlas a estar de punto fijo en lugares espec\u00edficos. Duele el alma ver a un chileno de uniforme, con armas de guerra destinadas a otros fines muy distintos, detener a otros chilenos en la v\u00eda p\u00fablica y abusar de ellos. Para varios de nosotros que somos mayores, esto nos retrotrae a una \u00e9poca de horror que lamentablemente hemos revivido en nuestros corazones, y que nos estremece y conmueve.<\/p>\n<p>&#8211; Tomar de inmediato y con coraje medidas pol\u00edticas que bajen la tensi\u00f3n, descomprimiendo las mayores urgencias sociales. Un cambio profundo y real de gabinete, incorporando personas no partidistas o moderadas. El pueblo quiere sentir que de verdad el mensaje se est\u00e1 escuchando, y por ahora, eso no ha ocurrido.<\/p>\n<p>&#8211; Establecer acuerdos perentorios con todas las fuerzas pol\u00edticas, para que a la brevedad se adopten cambios de fondo que sean incorporados de inmediato al presupuesto de la naci\u00f3n. La gente lo que est\u00e1 diciendo es que prefiere crecer menos durante un tiempo, y dedicarse de inmediato a no dejar atr\u00e1s a quienes menos tienen.<\/p>\n<p>&#8211; Pedir, desde el coraz\u00f3n, disculpas a todo el pa\u00eds por esta falta de oportuna conducci\u00f3n pol\u00edtica, que ha llevado a los d\u00edas m\u00e1s tristes desde que recuperamos la democracia. Demasiado cost\u00f3 recuperarla como para permitir dilapidarla sin luchar.<\/p>\n<p>Respetuosamente,<\/p>\n<p>Los m\u00fasicos de Chile (firmas)<\/p>\n<p>Horacio Salinas<\/p>\n<p>Valent\u00edn Trujillo<\/p>\n<p>Rodrigo Osorio<\/p>\n<p>Mario Rojas<\/p>\n<p>Denisse Malebr\u00e1n<\/p>\n<p>Hugo Manzi<\/p>\n<p>Magdalena Matthey<\/p>\n<p>Sergio Tilo Gonz\u00e1lez<\/p>\n<p>Mon Laferte<\/p>\n<p>Mauricio Dur\u00e1n<\/p>\n<p>Benjam\u00edn Walker<\/p>\n<p>Francisca Valenzuela<\/p>\n<p>Paz Court<\/p>\n<p>Natalia Contesse<\/p>\n<p>Charly Benavente<\/p>\n<p>Camila Gallardo<\/p>\n<p>Luciano Rojas<\/p>\n<p>Cecilia Echenique<\/p>\n<p>Pedro Foncea<\/p>\n<p>Manu, de Amanitas<\/p>\n<p>Natalia Elphick<\/p>\n<p>Diego Gilabert<\/p>\n<p>Enzo Massardo<\/p>\n<p>Bruno Godoy<\/p>\n<p>Pablo Ilabaca<\/p>\n<p>Arlette Jequier<\/p>\n<p>Gonzalo Y\u00e1\u00f1ez<\/p>\n<p>Michel Landabur<\/p>\n<p>Claudio Manr\u00edquez, de Jurel S\u00f3nico<\/p>\n<p>Diego Ridolfi<\/p>\n<p>Jorge De la Selva<\/p>\n<p>Soledad Del R\u00edo<\/p>\n<p>Augusto Schuster<\/p>\n<p>Francisco Salas<\/p>\n<p>Manuel S\u00e1nchez<\/p>\n<p>Yorka<\/p>\n<p>Pablo Moraga<\/p>\n<p>Pedro Villagra<\/p>\n<p>Humboldt<\/p>\n<p>La Chinganera<\/p>\n<p>Banda Conmoci\u00f3n<\/p>\n<p>Guachup\u00e9<\/p>\n<p>To\u00f1o Corval\u00e1n, de Chancho en Piedra<\/p>\n<p>Supernova<\/p>\n<p>Adelaida<\/p>\n<p>Edita Rojas<\/p>\n<p>La Banda en Flor<\/p>\n<p>Sonora Bar\u00f3n<\/p>\n<p>Emiliana Abril (Kin\u00e9tica)<\/p>\n<p>Nicol\u00e1s Letelier<\/p>\n<p>Lalo Ibeas<\/p>\n<p>Mat\u00edas Moena<\/p>\n<p>Ismael Odd\u00f3<\/p>\n<p>Daniela Rivera<\/p>\n<p>Camila Moreno<\/p>\n<p>Andr\u00e9 Ubilla<\/p>\n<p>Rodrigo Aros<\/p>\n<p>Camilo Salinas<\/p>\n<p>Javiera Parra<\/p>\n<p>Princesa Alba<\/p>\n<p>Cote Foncea<\/p>\n<p>Drefquila<\/p>\n<p>Felipe Ramos<\/p>\n<p>Esteban Espinoza<\/p>\n<p>Gabriel Holzapfel<\/p>\n<p>Mar\u00eda Colores<\/p>\n<p>Roberto Arancibia<\/p>\n<p>Angelo Pierattini<\/p>\n<p>Sebasti\u00e1n Sidharta<\/p>\n<p>Lucas Pino<\/p>\n<p>Sebasti\u00e1n Iglesias<\/p>\n<p>Moral Distra\u00edda<\/p>\n<p>Quilapay\u00fan<\/p>\n<p>De Kiruza<\/p>\n<p>Rulo<\/p>\n<p>Sebasti\u00e1n Err\u00e1zuriz<\/p>\n<p>Weichafe<\/p>\n<p>De Saloon<\/p>\n<p>Sinergia<\/p>\n<p>Javiera y Los Imposibles<\/p>\n<p>Saiko<\/p>\n<p>Fernando Milagros<\/p>\n<p>Mariana Montenegro<\/p>\n<p>Mauricio Claver\u00eda<\/p>\n<p>Gepe<\/p>\n<p>Diego Peralta<\/p>\n<p>Francisco Dur\u00e1n<\/p>\n<p>Tom\u00e1s Manzi<\/p>\n<p>Pablo Holman<\/p>\n<p>Elizabeth Morris<\/p>\n<p>Diego Ellwanger<\/p>\n<p>Chinoy<\/p>\n<p>Sondelvalle<\/p>\n<p>Quique Neira<\/p>\n<p>Andr\u00e9s Godoy<\/p>\n<p>Sebasti\u00e1n Gallardo<\/p>\n<p>Entrama<\/p>\n<p>Pablo St\u00edpicic<\/p>\n<p>Cuti Aste<\/p>\n<p>Carlos Figueroa<\/p>\n<p>Jaime Garc\u00eda<\/p>\n<p>Renato Pizarro<\/p>\n<p>\u00c1lvaro L\u00f3pez<\/p>\n<p>Andr\u00e9s P\u00e9rez<\/p>\n<p>\u00c1ngela Acu\u00f1a<\/p>\n<p>Andr\u00e9s Landon<\/p>\n<p>La P\u00e1jara<\/p>\n<p>Claudio Valenzuela<\/p>\n<p>Nicole Bunout<\/p>\n<p>\u00c1lvaro Prieto<\/p>\n<p>Diego Torres<\/p>\n<p>Pablo Mahei<\/p>\n<p>Mauricio Castillo<\/p>\n<p>Sebasti\u00e1n Bast\u00edas<\/p>\n<p>Paulina Petris<\/p>\n<p>Cristi\u00e1n Venegas<\/p>\n<p>Cristian Carvacho<\/p>\n<p>Mariel Villagra<\/p>\n<p>C\u00e9sar Ibacache \/OTEC<\/p>\n<p>\u00c1ngel Piana<\/p>\n<p>Francisca Riquelme<\/p>\n<p>Gonzalo Cordero Riquelme<\/p>\n<p>Pablo Jara Ramos<\/p>\n<p>Christian Crisosto<\/p>\n<p>David Deflores<\/p>\n<p>Francisco Victoria<\/p>\n<p>Omar Lavadie<\/p>\n<p>Jorge Lobos<\/p>\n<p>Carmen Prieto<\/p>\n<p>Carlos Rom\u00e1n<\/p>\n<p>Edgar Ugarte<\/p>\n<p>Rossana Saavedra<\/p>\n<p>Raimundo Santander<\/p>\n<p>Felipe Bravo<\/p>\n<p>Genaro Prieto<\/p>\n<p>Tito Esc\u00e1rate<\/p>\n<p>Sebastian Vasquez<\/p>\n<p>Eduardo Vasquez<\/p>\n<p>Anibal Pinto Solari<\/p>\n<p>Felipe Ortiz<\/p>\n<p>H\u00e9ctor Pavez Pizarro<\/p>\n<p>Pedro Piedra<\/p>\n<p>C-Funk<\/p>\n<p>Carolina Nissen<\/p>\n<p>Mammaterra Soul<\/p>\n<p>Fernanda Prieto<\/p>\n<p>Hugo Moraga<\/p>\n<p>Maxi Pedreros<\/p>\n<p>Pablo Tellez<\/p>\n<p>Ricardo Silva<\/p>\n<p>Danilo Donoso<\/p>\n<p>Inti Illimani Hist\u00f3rico<\/p>\n<p>Liricistas<\/p>\n<p>Moca Luray<\/p>\n<p>Consuelo Schuster<\/p>\n<p>Jos\u00e9 Seves<\/p>\n<p>Felo Foncea<\/p>\n<p>Lucybell<\/p>\n<p>Maca del Pilar<\/p>\n<p>Vicente Cifuentes<\/p>\n<p>Ra\u00fal Moya<\/p>\n<p>Jota Ampuero<\/p>\n<p>Daniel Donoso<\/p>\n<p>Italo Arauz<\/p>\n<p>Talulah Neira<\/p>\n<p>Valentina Marinkovic<\/p>\n<p>Alonso Gonz\u00e1lez<\/p>\n<p>Agust\u00edn Moya<\/p>\n<p>Sebasti\u00e1n Aracena<\/p>\n<p>Felipe Castro<\/p>\n<p>Camila Meza<\/p>\n<p>Los Republicanos de la Cueca<\/p>\n<p>Felipe Carbone<\/p>\n<p>Nicol\u00e1s Vera<\/p>\n<p>Chicoria S\u00e1nchez<\/p>\n<p>Newen Afrobeat<\/p>\n<p>Celeste Shaw<\/p>\n<p>Crist\u00f3bal Watkins<\/p>\n<p>Jeanette Pualuan<\/p>\n<p>Sebastian Arriagada<\/p>\n<p>Gonzalo L\u00f3pez<\/p>\n<p>Richi Tunacola<\/p>\n<p>La Chinganera<\/p>\n<p>Gonzalo L\u00f3pez<\/p>\n<p>Felipe Echavarr\u00eda<\/p>\n<p>Leonardo Y\u00e1\u00f1ez<\/p>\n<p>Sim\u00f3n Campusano<\/p>\n<p>Juan Carlos Pino<\/p>\n<p>Titae<\/p>\n<p>Yael Meyer<\/p>\n<p>Felipe Schuster<\/p>\n<p>Felicia Morales<\/p>\n<p>Sabina Odone<\/p>\n<p>Amanitas<\/p>\n<p>Cancamusa<\/p>\n<p>&nbsp;<\/p>\n","protected":false},"excerpt":{"rendered":"<p>Solistas y miembros de bandas firmaron una petici\u00f3n al mandatario, en la que claman por paz entre chilenos y soluciones inmediatas para terminar con d\u00e9cadas de\u00a0desigualdad. Santiago, 21 de octubre de 2019 Se\u00f1or\u00a0Sebasti\u00e1n Pi\u00f1era\u00a0E. Presidente de la Rep\u00fablica Presente Se\u00f1or Presidente Los abajo firmantes, m\u00fasicos chilenos, nos hemos unido para expresarle nuestro sentir en estas [&hellip;]<\/p>\n","protected":false},"author":1,"featured_media":67343,"comment_status":"closed","ping_status":"closed","sticky":false,"template":"","format":"standard","meta":{"_seopress_robots_primary_cat":"","_seopress_titles_title":"","_seopress_titles_desc":"","_seopress_robots_index":"","footnotes":""},"categories":[5],"tags":[24799,24798],"class_list":{"0":"post-67342","1":"post","2":"type-post","3":"status-publish","4":"format-standard","5":"has-post-thumbnail","7":"category-musica","8":"tag-artistas-chilenos-presidente-pinera","9":"tag-carta-de-los-artistas-chilenos"},"_links":{"self":[{"href":"https:\/\/www.cordobatimes.com\/showup\/wp-json\/wp\/v2\/posts\/67342","targetHints":{"allow":["GET"]}}],"collection":[{"href":"https:\/\/www.cordobatimes.com\/showup\/wp-json\/wp\/v2\/posts"}],"about":[{"href":"https:\/\/www.cordobatimes.com\/showup\/wp-json\/wp\/v2\/types\/post"}],"author":[{"embeddable":true,"href":"https:\/\/www.cordobatimes.com\/showup\/wp-json\/wp\/v2\/users\/1"}],"replies":[{"embeddable":true,"href":"https:\/\/www.cordobatimes.com\/showup\/wp-json\/wp\/v2\/comments?post=67342"}],"version-history":[{"count":0,"href":"https:\/\/www.cordobatimes.com\/showup\/wp-json\/wp\/v2\/posts\/67342\/revisions"}],"wp:featuredmedia":[{"embeddable":true,"href":"https:\/\/www.cordobatimes.com\/showup\/wp-json\/wp\/v2\/media\/67343"}],"wp:attachment":[{"href":"https:\/\/www.cordobatimes.com\/showup\/wp-json\/wp\/v2\/media?parent=67342"}],"wp:term":[{"taxonomy":"category","embeddable":true,"href":"https:\/\/www.cordobatimes.com\/showup\/wp-json\/wp\/v2\/categories?post=67342"},{"taxonomy":"post_tag","embeddable":true,"href":"https:\/\/www.cordobatimes.com\/showup\/wp-json\/wp\/v2\/tags?post=67342"}],"curies":[{"name":"wp","href":"https:\/\/api.w.org\/{rel}","templated":true}]}}