{"id":67328,"date":"2019-10-22T12:04:19","date_gmt":"2019-10-22T15:04:19","guid":{"rendered":"https:\/\/www.cordobatimes.com\/showup\/?p=67328"},"modified":"2019-10-22T12:06:40","modified_gmt":"2019-10-22T15:06:40","slug":"verano2020-como-combinar-tonos-pasteles","status":"publish","type":"post","link":"https:\/\/www.cordobatimes.com\/showup\/moda-y-estilos\/2019\/10\/22\/verano2020-como-combinar-tonos-pasteles\/","title":{"rendered":"Verano 2020: C\u00f3mo combinar tonos pasteles"},"content":{"rendered":"<h3><strong>Rosa, verde agua, amarillo patito y celeste se reafirman en total look o combinados.<\/strong><\/h3>\n<p>Son los cl\u00e1sicos colores del verano. Puede haber una invasi\u00f3n\u00a0shocking\u00a0con tonos fuertes como fucsia o verde lima o incluso algunos toques fl\u00faor en verde ne\u00f3n o amarillo. Pero lo cierto es que los\u00a0tonos pasteles\u00a0son los que nunca faltan cuando llega el calor.<\/p>\n<p>Basta ver los \u00faltimos desfiles para el\u00a0verano 2020 en Mil\u00e1n y Par\u00eds\u00a0o bien observar los looks de las famosas que siempre los incorporan a sus b\u00e1sicos.\u00a0Meghan Markle\u00a0utiliz\u00f3 muchos tonos pasteles para su reciente gira por Sud\u00e1frica y la modelo\u00a0Amanda Hearst\u00a0eligi\u00f3 el rom\u00e1ntico rosa para lucirse en la\u00a0red carpet\u00a0de la reci\u00e9n estrenada\u00a0Mal\u00e9fica, maestra del mal, la nueva pel\u00edcula de\u00a0Angelina Jolie.<\/p>\n<p><img alt=\"\" loading=\"lazy\" decoding=\"async\" class=\"alignnone size-full wp-image-67330\" src=\"https:\/\/www.cordobatimes.com\/showup\/wp-content\/uploads\/2019\/10\/5621.jpg\" alt=\"\" width=\"375\" height=\"627\" srcset=\"https:\/\/www.cordobatimes.com\/showup\/wp-content\/uploads\/2019\/10\/5621.jpg 375w, https:\/\/www.cordobatimes.com\/showup\/wp-content\/uploads\/2019\/10\/5621-251x420.jpg 251w\" sizes=\"auto, (max-width: 375px) 100vw, 375px\" \/><\/p>\n<p>Considerados cl\u00e1sicos y elegantes,\u00a0el rosa, el celeste, el verde agua, el amarillo patito y el lila\u00a0son adem\u00e1s f\u00e1ciles de llevar y de combinar no s\u00f3lo entre s\u00ed, sino con otros colores m\u00e1s cl\u00e1sicos como blanco o negro o bien vibrantes como fucsia o turquesa. Ahora bien \u00bfc\u00f3mo se llevan los pasteles en la nueva temporada? Anota estos tips.<\/p>\n<p><img alt=\"\" loading=\"lazy\" decoding=\"async\" class=\"alignnone size-full wp-image-67331\" src=\"https:\/\/www.cordobatimes.com\/showup\/wp-content\/uploads\/2019\/10\/32523.jpg\" alt=\"\" width=\"406\" height=\"612\" srcset=\"https:\/\/www.cordobatimes.com\/showup\/wp-content\/uploads\/2019\/10\/32523.jpg 406w, https:\/\/www.cordobatimes.com\/showup\/wp-content\/uploads\/2019\/10\/32523-279x420.jpg 279w\" sizes=\"auto, (max-width: 406px) 100vw, 406px\" \/><\/p>\n<h3><strong>Como combinar los tonos pasteles<\/strong><\/h3>\n<p>1. El\u00a0total look\u00a0es tendencia y estos colores no quedan fuera de la propuesta. Si te gusta el rosa, este a\u00f1o tiene mucha fuerza la sastrer\u00eda en este color, con sacos\u00a0oversize\u00a0y pantalones amplios.<\/p>\n<p>Tambi\u00e9n podes llevar una\u00a0chaqueta de tweed\u00a0sobre un vestido o una falda l\u00e1piz con una blusa tambi\u00e9n al tono.<\/p>\n<p><img alt=\"\" loading=\"lazy\" decoding=\"async\" class=\"alignnone size-full wp-image-67332\" src=\"https:\/\/www.cordobatimes.com\/showup\/wp-content\/uploads\/2019\/10\/565231.jpg\" alt=\"\" width=\"412\" height=\"619\" srcset=\"https:\/\/www.cordobatimes.com\/showup\/wp-content\/uploads\/2019\/10\/565231.jpg 412w, https:\/\/www.cordobatimes.com\/showup\/wp-content\/uploads\/2019\/10\/565231-280x420.jpg 280w\" sizes=\"auto, (max-width: 412px) 100vw, 412px\" \/><\/p>\n<p>Si te parece muy exagerado, todo en el mismo color pod\u00e9s sumar fuerza en alguna de las prendas y llevar por ejemplo la camisa color fucsia.<\/p>\n<p>2. Si prefer\u00eds combinarlos, pod\u00e9s seguir la\u00a0misma l\u00ednea crom\u00e1tica o jugar con los opuestos. Si te gustan, podes armar un equipo con una prensa rosa y otra lila: un blusa con un lazo y un pantal\u00f3n pescador bien ancho.<\/p>\n<p>Tambi\u00e9n puede ser que armes un look con lila y verde agua o celeste con amarillo patito. Los colores pasteles suelen convivir en armon\u00eda.<\/p>\n<p><img alt=\"\" loading=\"lazy\" decoding=\"async\" class=\"alignnone size-full wp-image-67333\" src=\"https:\/\/www.cordobatimes.com\/showup\/wp-content\/uploads\/2019\/10\/52352.jpg\" alt=\"\" width=\"406\" height=\"617\" srcset=\"https:\/\/www.cordobatimes.com\/showup\/wp-content\/uploads\/2019\/10\/52352.jpg 406w, https:\/\/www.cordobatimes.com\/showup\/wp-content\/uploads\/2019\/10\/52352-276x420.jpg 276w\" sizes=\"auto, (max-width: 406px) 100vw, 406px\" \/><\/p>\n<p>3. Si los vas a llevar a la noche, lo ideal es\u00a0sumarle brillo\u00a0buscando estos colores en texturas como lurex o pailletes. Podes elegir desde un vestido largo a uno midi o apostar directamente a una sastrer\u00eda m\u00e1s arreglada, casi un esmoquin.<\/p>\n<p><img alt=\"\" loading=\"lazy\" decoding=\"async\" class=\"alignnone size-full wp-image-67334\" src=\"https:\/\/www.cordobatimes.com\/showup\/wp-content\/uploads\/2019\/10\/52.jpg\" alt=\"\" width=\"426\" height=\"612\" srcset=\"https:\/\/www.cordobatimes.com\/showup\/wp-content\/uploads\/2019\/10\/52.jpg 426w, https:\/\/www.cordobatimes.com\/showup\/wp-content\/uploads\/2019\/10\/52-292x420.jpg 292w\" sizes=\"auto, (max-width: 426px) 100vw, 426px\" \/><\/p>\n<p>4. Si prefer\u00eds combinarlos con los colores cl\u00e1sicos por excelencia,\u00a0el blanco o el negro, no hay reglas fijas. Todos van tanto con negro como con blanco, aunque sin dudas hay que destacar que el blanco siempre es m\u00e1s sentador en los meses de verano.<\/p>\n<p>5. Si no te anim\u00e1s a los pasteles con la ropa, empez\u00e1 a\u00a0sumarlos como complemento\u00a0en sombreros, pa\u00f1uelos, cintos, zapatos y todo tipo de bolsos, carteras y minibags.<\/p>\n<p><img alt=\"\" loading=\"lazy\" decoding=\"async\" class=\"alignnone size-full wp-image-67335\" src=\"https:\/\/www.cordobatimes.com\/showup\/wp-content\/uploads\/2019\/10\/85215.jpg\" alt=\"\" width=\"408\" height=\"616\" srcset=\"https:\/\/www.cordobatimes.com\/showup\/wp-content\/uploads\/2019\/10\/85215.jpg 408w, https:\/\/www.cordobatimes.com\/showup\/wp-content\/uploads\/2019\/10\/85215-278x420.jpg 278w\" sizes=\"auto, (max-width: 408px) 100vw, 408px\" \/><\/p>\n<p>\u00bfEl \u00faltimo tip? Apost\u00e1 a los\u00a0pasteles en los estampados\u00a0que m\u00e1s te gustan, especialmente los florales que son los que cuando llega el calor, no fallan.<\/p>\n","protected":false},"excerpt":{"rendered":"<p>Rosa, verde agua, amarillo patito y celeste se reafirman en total look o combinados. Son los cl\u00e1sicos colores del verano. Puede haber una invasi\u00f3n\u00a0shocking\u00a0con tonos fuertes como fucsia o verde lima o incluso algunos toques fl\u00faor en verde ne\u00f3n o amarillo. Pero lo cierto es que los\u00a0tonos pasteles\u00a0son los que nunca faltan cuando llega el [&hellip;]<\/p>\n","protected":false},"author":1,"featured_media":67329,"comment_status":"closed","ping_status":"closed","sticky":false,"template":"","format":"standard","meta":{"_seopress_robots_primary_cat":"","_seopress_titles_title":"","_seopress_titles_desc":"","_seopress_robots_index":"","footnotes":""},"categories":[228],"tags":[4098,24612,17705,19602],"class_list":{"0":"post-67328","1":"post","2":"type-post","3":"status-publish","4":"format-standard","5":"has-post-thumbnail","7":"category-moda-y-estilos","8":"tag-colores-pasteles","9":"tag-tendencias-2020","10":"tag-tendencias-de-moda","11":"tag-tendencias-de-verano"},"_links":{"self":[{"href":"https:\/\/www.cordobatimes.com\/showup\/wp-json\/wp\/v2\/posts\/67328","targetHints":{"allow":["GET"]}}],"collection":[{"href":"https:\/\/www.cordobatimes.com\/showup\/wp-json\/wp\/v2\/posts"}],"about":[{"href":"https:\/\/www.cordobatimes.com\/showup\/wp-json\/wp\/v2\/types\/post"}],"author":[{"embeddable":true,"href":"https:\/\/www.cordobatimes.com\/showup\/wp-json\/wp\/v2\/users\/1"}],"replies":[{"embeddable":true,"href":"https:\/\/www.cordobatimes.com\/showup\/wp-json\/wp\/v2\/comments?post=67328"}],"version-history":[{"count":0,"href":"https:\/\/www.cordobatimes.com\/showup\/wp-json\/wp\/v2\/posts\/67328\/revisions"}],"wp:featuredmedia":[{"embeddable":true,"href":"https:\/\/www.cordobatimes.com\/showup\/wp-json\/wp\/v2\/media\/67329"}],"wp:attachment":[{"href":"https:\/\/www.cordobatimes.com\/showup\/wp-json\/wp\/v2\/media?parent=67328"}],"wp:term":[{"taxonomy":"category","embeddable":true,"href":"https:\/\/www.cordobatimes.com\/showup\/wp-json\/wp\/v2\/categories?post=67328"},{"taxonomy":"post_tag","embeddable":true,"href":"https:\/\/www.cordobatimes.com\/showup\/wp-json\/wp\/v2\/tags?post=67328"}],"curies":[{"name":"wp","href":"https:\/\/api.w.org\/{rel}","templated":true}]}}