{"id":67257,"date":"2019-10-21T17:05:54","date_gmt":"2019-10-21T20:05:54","guid":{"rendered":"https:\/\/www.cordobatimes.com\/showup\/?p=67257"},"modified":"2019-10-21T17:06:54","modified_gmt":"2019-10-21T20:06:54","slug":"preparan-nuevo-libro-biografico-sobre-luis-miguel","status":"publish","type":"post","link":"https:\/\/www.cordobatimes.com\/showup\/famosos\/2019\/10\/21\/preparan-nuevo-libro-biografico-sobre-luis-miguel\/","title":{"rendered":"Preparan nuevo libro biogr\u00e1fico sobre Luis Miguel"},"content":{"rendered":"<h3><strong>El escritor espa\u00f1ol Javier Le\u00f3n no ha dejado de documentar la vida del \u201cSo<\/strong>l\u201d<\/h3>\n<p>Aunque parece que sobre la vida del cantante Luis Miguel ya se ha dicho todo, hay quienes est\u00e1n seguros de que todav\u00eda hay situaciones novedosas que podr\u00edan interesar al p\u00fablico que sigue leyendo libros.<\/p>\n<p>As\u00ed lo afirm\u00f3 el escritor espa\u00f1ol Javier Le\u00f3n, quien en entrevista con la agencia EFE, sostuvo que todav\u00eda \u201chay mucho que contar sobre Luis Miguel\u201d.<\/p>\n<p>Es por eso que ya prepara una tercera entrega dedicada a la vida del artista, que realiza junto al periodista mexicano Juan Manuel Navarro y que se publicar\u00e1 el a\u00f1o pr\u00f3ximo.<\/p>\n<p>\u201cHay mucho que contar todav\u00eda\u201d sobre la vida del artista, declar\u00f3 Le\u00f3n, originario de Alicante (Espa\u00f1a) y autor de los libros \u201cLuis Mi Rey\u201d (1997), base a la exitosa serie televisiva sobre el cantante, y de \u201cLuis Miguel, La Historia\u201d (2018).<\/p>\n<p>Se\u00f1al\u00f3 que en esta tercera entrega se incluir\u00e1n \u201cmuchos detalles exclusivos\u201d sobre el Luis Miguel adulto \u201cque no se pudieron abordar en los anteriores libros\u201d.<\/p>\n<p>Le\u00f3n, bi\u00f3grafo tambi\u00e9n del actor Andr\u00e9s Garc\u00eda y autor junto con Navarro de \u00abAdi\u00f3s Eterno, Los \u00daltimos D\u00edas Del Divo\u00bb sobre el cantante Juan Gabriel, sostuvo que nunca ha dejado de seguir la vida de Luis Miguel, desde su primer obra publicada en 1997.<\/p>\n<p>\u201cNunca hemos dejado de documentar y de hacer un seguimiento porque la historia de Luis Miguel se sigue escribiendo. De hecho, sin ir m\u00e1s lejos, en 2018 pasaron muchas cosas muy importantes desde el prisma biogr\u00e1fico\u201d, coment\u00f3.<\/p>\n<p>Le\u00f3n relat\u00f3 que la vida de Luis Miguel tras de perder a su pap\u00e1, y darse cuenta de que hab\u00eda perdido a su mam\u00e1, \u201ctambi\u00e9n es una historia llena de claroscuros y mucho sufrimiento\u201d en la que alterna \u00e9xitos musicales con fracasos sentimentales.<\/p>\n<p>Sobre la pol\u00e9mica desaparici\u00f3n de la madre de Luis Miguel, Marcela Basteri, Le\u00f3n reiter\u00f3 que \u00abes un asunto delicado\u00bb sobre el cual ya fueron \u00abmuy expl\u00edcitos\u00bb en la segunda entrega sobre la vida del artista.<\/p>\n<p>Reiter\u00f3 que Marcela muri\u00f3 en 1986 en Madrid \u201cde causas no naturales\u201d, una opini\u00f3n que tambi\u00e9n ha se\u00f1alado en pol\u00e9micas declaraciones el actor Andr\u00e9s Garc\u00eda, quien en aquellos a\u00f1os era muy cercano a la familia.<\/p>\n<p>El escritor espa\u00f1ol apunt\u00f3 que el pr\u00f3ximo libro sobre Luis Miguel no tienen ninguna relaci\u00f3n con la segunda temporada de \u00abLuis Miguel, la serie\u00bb, que de acuerdo con medios de prensa ser\u00e1 estrenada en el primer trimestre del a\u00f1o pr\u00f3ximo.<\/p>\n<h3><strong>Luis Miguel no estar\u00eda contento<\/strong><\/h3>\n<p>Tanta exposici\u00f3n sobre su vida personal, con libros y la exitosa serie para Netflix, llevaron al arrepentimiento a Luis Miguel, quien por cuestiones econ\u00f3micas acept\u00f3 que se hablara de su historia.<\/p>\n<p>Y es que seg\u00fan su amigo, el empresario Carlos Bremer, \u201cEl Sol\u201d no est\u00e1 contento. \u201cFue el destino y fue un esfuerzo tremendo de \u00e9l, lo de la serie alguna vez me coment\u00f3 que quiz\u00e1 hab\u00eda platicado demasiado de su vida, que quiz\u00e1 hab\u00eda que haber platicado un poco menos. Yo creo que lo que apareci\u00f3 de su pap\u00e1 no es ni la mitad de lo que pas\u00f3, que la historia del pap\u00e1 es muy dif\u00edcil. A m\u00ed nada m\u00e1s me platic\u00f3 que hab\u00eda platicado un gran porcentaje de \u00e9l y que algunas cosas ten\u00eda que hab\u00e9rselas guardado, pero bueno, eso hizo que la serie fuera muy impresionante\u201d, dijo el director general de Grupo Value. \u201cLo \u00fanico que me platic\u00f3 de que \u00e9l hab\u00eda revelado mucho de su vida\u201d, agreg\u00f3.<\/p>\n","protected":false},"excerpt":{"rendered":"<p>El escritor espa\u00f1ol Javier Le\u00f3n no ha dejado de documentar la vida del \u201cSol\u201d Aunque parece que sobre la vida del cantante Luis Miguel ya se ha dicho todo, hay quienes est\u00e1n seguros de que todav\u00eda hay situaciones novedosas que podr\u00edan interesar al p\u00fablico que sigue leyendo libros. As\u00ed lo afirm\u00f3 el escritor espa\u00f1ol Javier [&hellip;]<\/p>\n","protected":false},"author":1,"featured_media":67258,"comment_status":"closed","ping_status":"closed","sticky":false,"template":"","format":"standard","meta":{"_seopress_robots_primary_cat":"","_seopress_titles_title":"","_seopress_titles_desc":"","_seopress_robots_index":"","footnotes":""},"categories":[4],"tags":[24751,24750],"class_list":{"0":"post-67257","1":"post","2":"type-post","3":"status-publish","4":"format-standard","5":"has-post-thumbnail","7":"category-famosos","8":"tag-biografia-de-luis-miguel","9":"tag-libro-biografico-sobre-luis-miguel"},"_links":{"self":[{"href":"https:\/\/www.cordobatimes.com\/showup\/wp-json\/wp\/v2\/posts\/67257","targetHints":{"allow":["GET"]}}],"collection":[{"href":"https:\/\/www.cordobatimes.com\/showup\/wp-json\/wp\/v2\/posts"}],"about":[{"href":"https:\/\/www.cordobatimes.com\/showup\/wp-json\/wp\/v2\/types\/post"}],"author":[{"embeddable":true,"href":"https:\/\/www.cordobatimes.com\/showup\/wp-json\/wp\/v2\/users\/1"}],"replies":[{"embeddable":true,"href":"https:\/\/www.cordobatimes.com\/showup\/wp-json\/wp\/v2\/comments?post=67257"}],"version-history":[{"count":0,"href":"https:\/\/www.cordobatimes.com\/showup\/wp-json\/wp\/v2\/posts\/67257\/revisions"}],"wp:featuredmedia":[{"embeddable":true,"href":"https:\/\/www.cordobatimes.com\/showup\/wp-json\/wp\/v2\/media\/67258"}],"wp:attachment":[{"href":"https:\/\/www.cordobatimes.com\/showup\/wp-json\/wp\/v2\/media?parent=67257"}],"wp:term":[{"taxonomy":"category","embeddable":true,"href":"https:\/\/www.cordobatimes.com\/showup\/wp-json\/wp\/v2\/categories?post=67257"},{"taxonomy":"post_tag","embeddable":true,"href":"https:\/\/www.cordobatimes.com\/showup\/wp-json\/wp\/v2\/tags?post=67257"}],"curies":[{"name":"wp","href":"https:\/\/api.w.org\/{rel}","templated":true}]}}