{"id":6723,"date":"2013-12-26T20:50:21","date_gmt":"2013-12-26T23:50:21","guid":{"rendered":"http:\/\/cordobatimes.com\/showup\/?p=6723"},"modified":"2019-12-01T10:04:43","modified_gmt":"2019-12-01T13:04:43","slug":"roger-waters-regalo-a-sus-fans-un-tema-de-leon-gieco","status":"publish","type":"post","link":"https:\/\/www.cordobatimes.com\/showup\/musica\/2013\/12\/26\/roger-waters-regalo-a-sus-fans-un-tema-de-leon-gieco\/","title":{"rendered":"Roger Waters regal\u00f3 a sus fans un tema de Le\u00f3n Gieco"},"content":{"rendered":"<h3 style=\"text-align: justify;\"><strong>El ex integrante de Pink Floyd decidi\u00f3 escuchar al m\u00fasico argentino para los festejos de Navidad.<\/strong><\/h3>\n<p style=\"text-align: justify;\">Roger Waters,el fundador de la m\u00edtica banda Pink Floyd,comparti\u00f3 en la red social Facebook un tema de Le\u00f3n Gieco.<\/p>\n<p style=\"text-align: justify;\">Para disfrutar de esta Navidad,el compositor brit\u00e1nico eligi\u00f3 nada mas y nada menos que \u00ab<em>Para la Vida<\/em>\u00ab,tema que Gieco compuso para la pel\u00edcula <strong>Iluminados por el Fuego<\/strong>,basada en la Guerra de Malvinas.<\/p>\n<blockquote>\n<p style=\"text-align: justify;\">\u00abPara mis amigos,en estas fiestas,mi regalo es que escuchen un par de cosas\u00bb,escribi\u00f3 Waters.<\/p>\n<\/blockquote>\n<p style=\"text-align: justify;\">Otro tema que acompa\u00f1\u00f3 a del m\u00fasico argentino,es \u00abWaltzing Matilda\u00bb,de la banda anglo-irlandesa The Pogues, cuya letra recuerda a los muertos en la batalla de Gal\u00edpoli.<\/p>\n<h3 style=\"text-align: justify;\"><a href=\"http:\/\/cordobatimes.com\/showup\/wp-content\/uploads\/2013\/12\/roger.jpg\"><img loading=\"lazy\" decoding=\"async\" class=\" wp-image-6725 aligncenter\" src=\"http:\/\/cordobatimes.com\/showup\/wp-content\/uploads\/2013\/12\/roger.jpg\" alt=\"roger\" width=\"660\" height=\"400\" data-id=\"6725\" \/><\/a><\/h3>\n<p><iframe loading=\"lazy\" src=\"\/\/www.youtube.com\/embed\/wjeLSINc1rc?feature=player_embedded\" width=\"640\" height=\"360\" frameborder=\"0\" allowfullscreen=\"allowfullscreen\"><\/iframe><\/p>\n","protected":false},"excerpt":{"rendered":"<p>El ex integrante de Pink Floyd decidi\u00f3 escuchar al m\u00fasico argentino para los festejos de Navidad. Roger Waters,el fundador de la m\u00edtica banda Pink Floyd,comparti\u00f3 en la red social Facebook un tema de Le\u00f3n Gieco. Para disfrutar de esta Navidad,el compositor brit\u00e1nico eligi\u00f3 nada mas y nada menos que \u00abPara la Vida\u00ab,tema que Gieco compuso [&hellip;]<\/p>\n","protected":false},"author":1,"featured_media":6724,"comment_status":"closed","ping_status":"closed","sticky":false,"template":"","format":"standard","meta":{"_seopress_robots_primary_cat":"","_seopress_titles_title":"","_seopress_titles_desc":"","_seopress_robots_index":"","footnotes":""},"categories":[5],"tags":[2027],"class_list":{"0":"post-6723","1":"post","2":"type-post","3":"status-publish","4":"format-standard","5":"has-post-thumbnail","7":"category-musica","8":"tag-roger-waters-eligio-a-leon-gieco"},"_links":{"self":[{"href":"https:\/\/www.cordobatimes.com\/showup\/wp-json\/wp\/v2\/posts\/6723","targetHints":{"allow":["GET"]}}],"collection":[{"href":"https:\/\/www.cordobatimes.com\/showup\/wp-json\/wp\/v2\/posts"}],"about":[{"href":"https:\/\/www.cordobatimes.com\/showup\/wp-json\/wp\/v2\/types\/post"}],"author":[{"embeddable":true,"href":"https:\/\/www.cordobatimes.com\/showup\/wp-json\/wp\/v2\/users\/1"}],"replies":[{"embeddable":true,"href":"https:\/\/www.cordobatimes.com\/showup\/wp-json\/wp\/v2\/comments?post=6723"}],"version-history":[{"count":0,"href":"https:\/\/www.cordobatimes.com\/showup\/wp-json\/wp\/v2\/posts\/6723\/revisions"}],"wp:featuredmedia":[{"embeddable":true,"href":"https:\/\/www.cordobatimes.com\/showup\/wp-json\/wp\/v2\/media\/6724"}],"wp:attachment":[{"href":"https:\/\/www.cordobatimes.com\/showup\/wp-json\/wp\/v2\/media?parent=6723"}],"wp:term":[{"taxonomy":"category","embeddable":true,"href":"https:\/\/www.cordobatimes.com\/showup\/wp-json\/wp\/v2\/categories?post=6723"},{"taxonomy":"post_tag","embeddable":true,"href":"https:\/\/www.cordobatimes.com\/showup\/wp-json\/wp\/v2\/tags?post=6723"}],"curies":[{"name":"wp","href":"https:\/\/api.w.org\/{rel}","templated":true}]}}