{"id":66779,"date":"2019-10-16T17:46:45","date_gmt":"2019-10-16T20:46:45","guid":{"rendered":"https:\/\/www.cordobatimes.com\/showup\/?p=66779"},"modified":"2019-10-16T17:46:45","modified_gmt":"2019-10-16T20:46:45","slug":"la-doctora-polo-al-cine-se-viene-la-pelicula-de-caso-cerrado","status":"publish","type":"post","link":"https:\/\/www.cordobatimes.com\/showup\/cine-y-series\/2019\/10\/16\/la-doctora-polo-al-cine-se-viene-la-pelicula-de-caso-cerrado\/","title":{"rendered":"La Doctora Polo al cine: se viene la pel\u00edcula de \u00abCaso Cerrado\u00bb"},"content":{"rendered":"<h3><strong>La Dra. Ana Mar\u00eda Polo y la productora chilena Forastero confirmaron que ya se reunieron para desarrollar y producir una pel\u00edcula basada en el exitoso programa\u00a0Caso Cerrado.<\/strong><\/h3>\n<p>Caso Cerrado saltar\u00e1 de la pantalla chica a la grande. La Dra. Ana Mar\u00eda Polo y la productora chilena Forastero confirmaron que se juntaron para desarrollar y producir una pel\u00edcula sobre este exitoso programa que se transmite en EE.UU. y 22 pa\u00edses de Latinoam\u00e9rica.<\/p>\n<p>Seg\u00fan trascendi\u00f3 en un comunicado oficial, la pel\u00edcula comenzar\u00e1 su rodaje en el 2020 y ser\u00e1 grabada en diferentes locaciones de la regi\u00f3n.<\/p>\n<p>\u00abA trav\u00e9s de todos estos a\u00f1os he recibido diversas propuestas para realizar una pel\u00edcula, sin embargo, el proyecto creativo de la productora Forastero me cautiv\u00f3 porque presenta una idea original y de mucha calidad, que mantiene la l\u00ednea de lo que es &#8216;Caso Cerrado&#8217;, pero que va m\u00e1s all\u00e1 del formato que la audiencia est\u00e1 acostumbrada a ver en el show. Este es el momento ideal para realizar esta alianza y hacer algo que creo puede ofrecerle al p\u00fablico una experiencia diferente\u00bb, dijo Polo.<\/p>\n<p>Por su parte, el director del largometraje, el chileno Rodrigo Toro, se\u00f1al\u00f3: \u00abEs muy atractivo hacer un proyecto cinematogr\u00e1fico de vocaci\u00f3n masiva, con un personaje tan potente como la Dra. Polo. Ella tiene la capacidad de conectarse con las necesidades y emociones de la audiencia, interpretando el alma latinoamericana. Su forma de hacer justicia es cercana, y siempre ci\u00f1\u00e9ndose al esp\u00edritu de la ley. La Dra. Polo hace justicia sobre la justicia, lo que es fascinante\u00bb.<\/p>\n<p>&nbsp;<\/p>\n","protected":false},"excerpt":{"rendered":"<p>La Dra. Ana Mar\u00eda Polo y la productora chilena Forastero confirmaron que ya se reunieron para desarrollar y producir una pel\u00edcula basada en el exitoso programa\u00a0Caso Cerrado. Caso Cerrado saltar\u00e1 de la pantalla chica a la grande. La Dra. Ana Mar\u00eda Polo y la productora chilena Forastero confirmaron que se juntaron para desarrollar y producir [&hellip;]<\/p>\n","protected":false},"author":1,"featured_media":66780,"comment_status":"closed","ping_status":"closed","sticky":false,"template":"","format":"standard","meta":{"_seopress_robots_primary_cat":"","_seopress_titles_title":"","_seopress_titles_desc":"","_seopress_robots_index":"","footnotes":""},"categories":[3],"tags":[24659,24657,24658],"class_list":{"0":"post-66779","1":"post","2":"type-post","3":"status-publish","4":"format-standard","5":"has-post-thumbnail","7":"category-cine-y-series","8":"tag-ana-maria-polo-caso-cerrado","9":"tag-doctora-polo-al-cine","10":"tag-pelicula-de-caso-cerrado"},"_links":{"self":[{"href":"https:\/\/www.cordobatimes.com\/showup\/wp-json\/wp\/v2\/posts\/66779","targetHints":{"allow":["GET"]}}],"collection":[{"href":"https:\/\/www.cordobatimes.com\/showup\/wp-json\/wp\/v2\/posts"}],"about":[{"href":"https:\/\/www.cordobatimes.com\/showup\/wp-json\/wp\/v2\/types\/post"}],"author":[{"embeddable":true,"href":"https:\/\/www.cordobatimes.com\/showup\/wp-json\/wp\/v2\/users\/1"}],"replies":[{"embeddable":true,"href":"https:\/\/www.cordobatimes.com\/showup\/wp-json\/wp\/v2\/comments?post=66779"}],"version-history":[{"count":0,"href":"https:\/\/www.cordobatimes.com\/showup\/wp-json\/wp\/v2\/posts\/66779\/revisions"}],"wp:featuredmedia":[{"embeddable":true,"href":"https:\/\/www.cordobatimes.com\/showup\/wp-json\/wp\/v2\/media\/66780"}],"wp:attachment":[{"href":"https:\/\/www.cordobatimes.com\/showup\/wp-json\/wp\/v2\/media?parent=66779"}],"wp:term":[{"taxonomy":"category","embeddable":true,"href":"https:\/\/www.cordobatimes.com\/showup\/wp-json\/wp\/v2\/categories?post=66779"},{"taxonomy":"post_tag","embeddable":true,"href":"https:\/\/www.cordobatimes.com\/showup\/wp-json\/wp\/v2\/tags?post=66779"}],"curies":[{"name":"wp","href":"https:\/\/api.w.org\/{rel}","templated":true}]}}