{"id":66773,"date":"2019-10-16T13:32:31","date_gmt":"2019-10-16T16:32:31","guid":{"rendered":"https:\/\/www.cordobatimes.com\/showup\/?p=66773"},"modified":"2019-10-16T13:32:31","modified_gmt":"2019-10-16T16:32:31","slug":"caso-thelma-fardin-darthes-fue-acusado-formalmente-de-violacion-y-ordenaron-su-captura","status":"publish","type":"post","link":"https:\/\/www.cordobatimes.com\/showup\/famosos\/2019\/10\/16\/caso-thelma-fardin-darthes-fue-acusado-formalmente-de-violacion-y-ordenaron-su-captura\/","title":{"rendered":"Caso Thelma Fardin: Darth\u00e9s fue acusado formalmente de violaci\u00f3n y ordenaron su captura"},"content":{"rendered":"<p><strong>La fiscal\u00eda de Nicaragua radic\u00f3 la denuncia al actor en un juzgado de Managua. De acuerdo con una fuente fiscal, la violaci\u00f3n fue calificada como \u201cagravada\u201d por el \u201cv\u00ednculo de confianza\u201d entre ambos actores.<\/strong><\/p>\n<p>La fiscal\u00eda de Nicaragua radic\u00f3 una denuncia formal en un juzgado de Managua dirigida hacia el actor Juan Darth\u00e9s por violaci\u00f3n, en el marco de la causa conocida como Caso Thelma Fardin.<\/p>\n<p>Seg\u00fan consign\u00f3\u00a0<em>Infobae,\u00a0<\/em>la denuncia se realiz\u00f3 en el juzgado D\u00e9cimo Penal de Audiencias de Managua por la codirectora de Unidad de G\u00e9nero de la Fiscal\u00eda nicarag\u00fcense, Sandra Dinarte, y en el escrito se pide una orden de captura contra Darthes, que se encuentra con su familia en Brasil.<\/p>\n<p>De acuerdo con una fuente fiscal, la violaci\u00f3n fue calificada como \u201cagravada\u201d por la fiscal Dinarte porque \u201chab\u00eda un v\u00ednculo de confianza (entre Darthes y Fardin) y porque producto de la violaci\u00f3n ella tiene una afectaci\u00f3n psicol\u00f3gica grave\u201d.<\/p>\n","protected":false},"excerpt":{"rendered":"<p>La fiscal\u00eda de Nicaragua radic\u00f3 la denuncia al actor en un juzgado de Managua. De acuerdo con una fuente fiscal, la violaci\u00f3n fue calificada como \u201cagravada\u201d por el \u201cv\u00ednculo de confianza\u201d entre ambos actores. La fiscal\u00eda de Nicaragua radic\u00f3 una denuncia formal en un juzgado de Managua dirigida hacia el actor Juan Darth\u00e9s por violaci\u00f3n, [&hellip;]<\/p>\n","protected":false},"author":1,"featured_media":66774,"comment_status":"closed","ping_status":"closed","sticky":false,"template":"","format":"standard","meta":{"_seopress_robots_primary_cat":"","_seopress_titles_title":"","_seopress_titles_desc":"","_seopress_robots_index":"","footnotes":""},"categories":[12967,4],"tags":[24655],"class_list":{"0":"post-66773","1":"post","2":"type-post","3":"status-publish","4":"format-standard","5":"has-post-thumbnail","7":"category-destacada","8":"category-famosos","9":"tag-caso-thelma-fardin-juan-darthes"},"_links":{"self":[{"href":"https:\/\/www.cordobatimes.com\/showup\/wp-json\/wp\/v2\/posts\/66773","targetHints":{"allow":["GET"]}}],"collection":[{"href":"https:\/\/www.cordobatimes.com\/showup\/wp-json\/wp\/v2\/posts"}],"about":[{"href":"https:\/\/www.cordobatimes.com\/showup\/wp-json\/wp\/v2\/types\/post"}],"author":[{"embeddable":true,"href":"https:\/\/www.cordobatimes.com\/showup\/wp-json\/wp\/v2\/users\/1"}],"replies":[{"embeddable":true,"href":"https:\/\/www.cordobatimes.com\/showup\/wp-json\/wp\/v2\/comments?post=66773"}],"version-history":[{"count":0,"href":"https:\/\/www.cordobatimes.com\/showup\/wp-json\/wp\/v2\/posts\/66773\/revisions"}],"wp:featuredmedia":[{"embeddable":true,"href":"https:\/\/www.cordobatimes.com\/showup\/wp-json\/wp\/v2\/media\/66774"}],"wp:attachment":[{"href":"https:\/\/www.cordobatimes.com\/showup\/wp-json\/wp\/v2\/media?parent=66773"}],"wp:term":[{"taxonomy":"category","embeddable":true,"href":"https:\/\/www.cordobatimes.com\/showup\/wp-json\/wp\/v2\/categories?post=66773"},{"taxonomy":"post_tag","embeddable":true,"href":"https:\/\/www.cordobatimes.com\/showup\/wp-json\/wp\/v2\/tags?post=66773"}],"curies":[{"name":"wp","href":"https:\/\/api.w.org\/{rel}","templated":true}]}}