{"id":66753,"date":"2019-10-15T10:25:37","date_gmt":"2019-10-15T13:25:37","guid":{"rendered":"https:\/\/www.cordobatimes.com\/showup\/?p=66753"},"modified":"2019-10-15T10:25:37","modified_gmt":"2019-10-15T13:25:37","slug":"pampita-brindo-detalles-de-su-propuesta-de-matrimonio","status":"publish","type":"post","link":"https:\/\/www.cordobatimes.com\/showup\/famosos\/2019\/10\/15\/pampita-brindo-detalles-de-su-propuesta-de-matrimonio\/","title":{"rendered":"Pampita brind\u00f3 detalles de su propuesta de matrimonio"},"content":{"rendered":"<h3><strong>Fue durante la emisi\u00f3n de este lunes del\u00a0Bailando por un sue\u00f1o 2019.<\/strong><\/h3>\n<p>Luego de un rom\u00e1ntico viaje, Carolina \u201cPampita\u201d Ardohain regres\u00f3 a su puesto en Bailando por un sue\u00f1o. Como era de esperarse, la llenaron de preguntas en relaci\u00f3n a la propuesta de casamiento que le hizo Roberto Garc\u00eda Moritan.<\/p>\n<p>La modelo cont\u00f3 detalles del hermoso momento y adelant\u00f3 los planes para el gran d\u00eda. Al momento de saludarla,\u00a0Marcelo Tinelli\u00a0le pregunt\u00f3 si realmente fue una propuesta inesperada y Pampita respondi\u00f3 con una sonrisa de oreja a oreja: \u201cFue una sorpresa total. Ten\u00eda de c\u00f3mplices a algunas amigas que ayudaron un mont\u00f3n, pero fue una sorpresa\u201d.<\/p>\n<p>El conductor se refiri\u00f3 con mucha cautela al hecho de que hace pocos meses que se conocen, y la jurado explic\u00f3 que desde el primer momento se dieron cuenta de que ten\u00edan los mismos intereses y valores: \u201cY nos dimos cuenta muy r\u00e1pido de que todo flu\u00eda muy f\u00e1cil, que nuestros hijos la hac\u00edan muy f\u00e1cil tambi\u00e9n y que estaban todos contentos con la relaci\u00f3n\u201d.<\/p>\n<p>La modelo explic\u00f3, adem\u00e1s, que no le interesa la opini\u00f3n de quienes critican la decisi\u00f3n. Para ella lo importante es que este amor es el que estuvo esperando durante mucho tiempo: \u201cUn amor sano, un amor simple. Que no tuviera yo que acomodarme, sino poder ser yo misma, que me valoren y que me quieran tal como soy. Y ac\u00e1 lo sent\u00ed desde los primeros d\u00edas\u201d.<\/p>\n<p>Un punto importante que quiso aclarar Pampita fue que no est\u00e1 embarazada, aunque tiene el proyecto de iniciar una familia con sus hijos y los de Moritan. El casamiento ser\u00e1 el 22 de noviembre: \u201cVa a ser un civil y alguna bendici\u00f3n, porque ya nos hemos casado antes\u201d, explic\u00f3. La modelo cont\u00f3, adem\u00e1s, que habr\u00e1 130 invitados: \u201cYo tengo 50 invitados y \u00e9l 80, ya est\u00e1n. Y despu\u00e9s haremos una gran fiesta para bailar m\u00e1s tarde. Despu\u00e9s de las doce, que vengan todos a bailar\u201d, dijo y agreg\u00f3 que el lugar elegido para el festejo es el Palacio San Souci.<\/p>\n<p><iframe loading=\"lazy\" src=\"https:\/\/www.youtube.com\/embed\/n6qbYANIaiI\" width=\"560\" height=\"315\" frameborder=\"0\" allowfullscreen=\"allowfullscreen\"><\/iframe><\/p>\n","protected":false},"excerpt":{"rendered":"<p>Fue durante la emisi\u00f3n de este lunes del\u00a0Bailando por un sue\u00f1o 2019. Luego de un rom\u00e1ntico viaje, Carolina \u201cPampita\u201d Ardohain regres\u00f3 a su puesto en Bailando por un sue\u00f1o. Como era de esperarse, la llenaron de preguntas en relaci\u00f3n a la propuesta de casamiento que le hizo Roberto Garc\u00eda Moritan. La modelo cont\u00f3 detalles del [&hellip;]<\/p>\n","protected":false},"author":1,"featured_media":66754,"comment_status":"closed","ping_status":"closed","sticky":false,"template":"","format":"standard","meta":{"_seopress_robots_primary_cat":"","_seopress_titles_title":"","_seopress_titles_desc":"","_seopress_robots_index":"","footnotes":""},"categories":[4],"tags":[24649,24647,24637,24648],"class_list":{"0":"post-66753","1":"post","2":"type-post","3":"status-publish","4":"format-standard","5":"has-post-thumbnail","7":"category-famosos","8":"tag-carolina-pampita-ardohain-roberto-garcia-moritan","9":"tag-casamiento-de-pampita","10":"tag-el-casamiento-de-pampita","11":"tag-se-casa-pampita"},"_links":{"self":[{"href":"https:\/\/www.cordobatimes.com\/showup\/wp-json\/wp\/v2\/posts\/66753","targetHints":{"allow":["GET"]}}],"collection":[{"href":"https:\/\/www.cordobatimes.com\/showup\/wp-json\/wp\/v2\/posts"}],"about":[{"href":"https:\/\/www.cordobatimes.com\/showup\/wp-json\/wp\/v2\/types\/post"}],"author":[{"embeddable":true,"href":"https:\/\/www.cordobatimes.com\/showup\/wp-json\/wp\/v2\/users\/1"}],"replies":[{"embeddable":true,"href":"https:\/\/www.cordobatimes.com\/showup\/wp-json\/wp\/v2\/comments?post=66753"}],"version-history":[{"count":0,"href":"https:\/\/www.cordobatimes.com\/showup\/wp-json\/wp\/v2\/posts\/66753\/revisions"}],"wp:featuredmedia":[{"embeddable":true,"href":"https:\/\/www.cordobatimes.com\/showup\/wp-json\/wp\/v2\/media\/66754"}],"wp:attachment":[{"href":"https:\/\/www.cordobatimes.com\/showup\/wp-json\/wp\/v2\/media?parent=66753"}],"wp:term":[{"taxonomy":"category","embeddable":true,"href":"https:\/\/www.cordobatimes.com\/showup\/wp-json\/wp\/v2\/categories?post=66753"},{"taxonomy":"post_tag","embeddable":true,"href":"https:\/\/www.cordobatimes.com\/showup\/wp-json\/wp\/v2\/tags?post=66753"}],"curies":[{"name":"wp","href":"https:\/\/api.w.org\/{rel}","templated":true}]}}