{"id":66750,"date":"2019-10-15T09:46:08","date_gmt":"2019-10-15T12:46:08","guid":{"rendered":"https:\/\/www.cordobatimes.com\/showup\/?p=66750"},"modified":"2019-10-15T09:46:08","modified_gmt":"2019-10-15T12:46:08","slug":"confirman-quinta-temporada-de-la-casa-de-papel","status":"publish","type":"post","link":"https:\/\/www.cordobatimes.com\/showup\/cine-y-series\/2019\/10\/15\/confirman-quinta-temporada-de-la-casa-de-papel\/","title":{"rendered":"Confirman quinta temporada de La Casa de Papel"},"content":{"rendered":"<h3><strong>A unos meses del estreno anunciado de la cuarta temporada, se conoci\u00f3 que se renov\u00f3 el contrato para empezar a grabar la quinta.\u00a0<\/strong><\/h3>\n<p>La serie espa\u00f1ola m\u00e1s popular parece tener todav\u00eda mucho por delante. Cuando el robo m\u00e1s grande de la historia hab\u00eda sido exitoso y todas las historias de amor parec\u00edan encaminadas, los fans fueron sorprendidos con una tercera temporada de La Casa de Papel que estren\u00f3 este a\u00f1o.<\/p>\n<p>Luego, se confirm\u00f3 que habr\u00eda cuarta temporada, lo que alivi\u00f3 a los fans que esperan a saber qu\u00e9 ser\u00e1 del futuro de Nairobi, de Lisboa (antes Raquel) o incluso conocer qui\u00e9n es realmente la inspectora Sierra. <\/p>\n<p>Adem\u00e1s, la tercera temporada cont\u00f3 con la incorporaci\u00f3n de Rodrigo de la Serna al elenco, con lo que fue especialmente importante para Argentina, adem\u00e1s de algunas criticadas escenas que supuestamente transcurr\u00edan en el pa\u00eds. <\/p>\n<p>Ahora, seg\u00fan inform\u00f3 el sitio FormulaTv, ha llegado la noticia m\u00e1s esperada: se renueva contrato y la quinta temporada comenzar\u00e1 pronto su grabaci\u00f3n. <\/p>\n<p>El rodaje de Vancouver media dar\u00e1 inicio a comienzos del 2020, junto con el estreno de la cuarta temporada. Por ahora, parece que el \u00fanico confirmado es \u00c1lvaro Monte, quien interpreta al profesor. <\/p>\n<p>Entre las teor\u00edas que circulan sobre la evoluci\u00f3n de la ficci\u00f3n, parece que ser\u00eda la quinta temporada la que finalmente lleve a la banda de Dal\u00eds a poner a trabajar sus talentos fuera de Espa\u00f1a con un robo internacional. <\/p>\n","protected":false},"excerpt":{"rendered":"<p>A unos meses del estreno anunciado de la cuarta temporada, se conoci\u00f3 que se renov\u00f3 el contrato para empezar a grabar la quinta.\u00a0 La serie espa\u00f1ola m\u00e1s popular parece tener todav\u00eda mucho por delante. Cuando el robo m\u00e1s grande de la historia hab\u00eda sido exitoso y todas las historias de amor parec\u00edan encaminadas, los fans [&hellip;]<\/p>\n","protected":false},"author":1,"featured_media":66751,"comment_status":"closed","ping_status":"closed","sticky":false,"template":"","format":"standard","meta":{"_seopress_robots_primary_cat":"","_seopress_titles_title":"","_seopress_titles_desc":"","_seopress_robots_index":"","footnotes":""},"categories":[3],"tags":[21057,24646],"class_list":{"0":"post-66750","1":"post","2":"type-post","3":"status-publish","4":"format-standard","5":"has-post-thumbnail","7":"category-cine-y-series","8":"tag-la-casa-de-papel","9":"tag-quinta-temporada-de-la-casa-de-papel"},"_links":{"self":[{"href":"https:\/\/www.cordobatimes.com\/showup\/wp-json\/wp\/v2\/posts\/66750","targetHints":{"allow":["GET"]}}],"collection":[{"href":"https:\/\/www.cordobatimes.com\/showup\/wp-json\/wp\/v2\/posts"}],"about":[{"href":"https:\/\/www.cordobatimes.com\/showup\/wp-json\/wp\/v2\/types\/post"}],"author":[{"embeddable":true,"href":"https:\/\/www.cordobatimes.com\/showup\/wp-json\/wp\/v2\/users\/1"}],"replies":[{"embeddable":true,"href":"https:\/\/www.cordobatimes.com\/showup\/wp-json\/wp\/v2\/comments?post=66750"}],"version-history":[{"count":0,"href":"https:\/\/www.cordobatimes.com\/showup\/wp-json\/wp\/v2\/posts\/66750\/revisions"}],"wp:featuredmedia":[{"embeddable":true,"href":"https:\/\/www.cordobatimes.com\/showup\/wp-json\/wp\/v2\/media\/66751"}],"wp:attachment":[{"href":"https:\/\/www.cordobatimes.com\/showup\/wp-json\/wp\/v2\/media?parent=66750"}],"wp:term":[{"taxonomy":"category","embeddable":true,"href":"https:\/\/www.cordobatimes.com\/showup\/wp-json\/wp\/v2\/categories?post=66750"},{"taxonomy":"post_tag","embeddable":true,"href":"https:\/\/www.cordobatimes.com\/showup\/wp-json\/wp\/v2\/tags?post=66750"}],"curies":[{"name":"wp","href":"https:\/\/api.w.org\/{rel}","templated":true}]}}