{"id":66740,"date":"2019-10-14T11:15:13","date_gmt":"2019-10-14T14:15:13","guid":{"rendered":"https:\/\/www.cordobatimes.com\/showup\/?p=66740"},"modified":"2019-10-14T11:15:13","modified_gmt":"2019-10-14T14:15:13","slug":"series-y-peliculas-que-llegan-esta-semana-a-netflix-2","status":"publish","type":"post","link":"https:\/\/www.cordobatimes.com\/showup\/cine-y-series\/2019\/10\/14\/series-y-peliculas-que-llegan-esta-semana-a-netflix-2\/","title":{"rendered":"Series y pel\u00edculas que llegan  esta semana a Netflix"},"content":{"rendered":"<h3><strong>Un repaso por las novedades que desembarcan en la plataforma de streaming en los pr\u00f3ximos d\u00edas.<\/strong><\/h3>\n<h3><strong>La casa de las flores: Temporada 2 (18\/10\/2019)<\/strong><\/h3>\n<p>La familia de la Mora llora una p\u00e9rdida mientras trata de recuperar negocios vendidos, trama venganzas y se enreda en desastres rom\u00e1nticos.<\/p>\n<h3><strong>C\u00f3mo vivir contigo mismo (18\/10\/2019)<\/strong><\/h3>\n<p>Un hombre cansado de su vida se somete a un misterioso tratamiento y descubre que lo reemplaz\u00f3 una versi\u00f3n mejorada de \u00e9l mismo.<\/p>\n<h3><strong>Baby: Temporada 2 (18\/10\/2019)<\/strong><\/h3>\n<p>Hartas de la familia y la escuela, dos chicas adolescentes de la zona adinerada de Roma se internan en el submundo de la ciudad y viven dos vidas.<\/p>\n<h3><strong>La lavander\u00eda (18\/10\/2019)<\/strong><\/h3>\n<p>Una viuda que investiga fraudes de seguros expone a dos abogados de Panam\u00e1 que explotan el sistema financiero mundial. Dirigida por Steven Soderbergh.<\/p>\n<h3><strong>Eli (18\/10\/2019)<\/strong><\/h3>\n<p>Un ni\u00f1o de 11 a\u00f1os con una enfermedad debilitante ingresa en una cl\u00ednica aislada para someterse a una terapia experimental.<\/p>\n<h3><strong>Diecisiete (18\/10\/2019)<\/strong><\/h3>\n<p>Decidido a recuperar a su perro, un adolescente se escapa de un centro de menores y comienza un viaje por Cantabria junto con su hermano y su abuela.<\/p>\n","protected":false},"excerpt":{"rendered":"<p>Un repaso por las novedades que desembarcan en la plataforma de streaming en los pr\u00f3ximos d\u00edas. La casa de las flores: Temporada 2 (18\/10\/2019) La familia de la Mora llora una p\u00e9rdida mientras trata de recuperar negocios vendidos, trama venganzas y se enreda en desastres rom\u00e1nticos. C\u00f3mo vivir contigo mismo (18\/10\/2019) Un hombre cansado de [&hellip;]<\/p>\n","protected":false},"author":1,"featured_media":66741,"comment_status":"closed","ping_status":"closed","sticky":false,"template":"","format":"standard","meta":{"_seopress_robots_primary_cat":"","_seopress_titles_title":"","_seopress_titles_desc":"","_seopress_robots_index":"","footnotes":""},"categories":[3],"tags":[24642,24641],"class_list":{"0":"post-66740","1":"post","2":"type-post","3":"status-publish","4":"format-standard","5":"has-post-thumbnail","7":"category-cine-y-series","8":"tag-series-y-peliculas-de-netflix-en-octubre","9":"tag-series-y-peliculas-netflix"},"_links":{"self":[{"href":"https:\/\/www.cordobatimes.com\/showup\/wp-json\/wp\/v2\/posts\/66740","targetHints":{"allow":["GET"]}}],"collection":[{"href":"https:\/\/www.cordobatimes.com\/showup\/wp-json\/wp\/v2\/posts"}],"about":[{"href":"https:\/\/www.cordobatimes.com\/showup\/wp-json\/wp\/v2\/types\/post"}],"author":[{"embeddable":true,"href":"https:\/\/www.cordobatimes.com\/showup\/wp-json\/wp\/v2\/users\/1"}],"replies":[{"embeddable":true,"href":"https:\/\/www.cordobatimes.com\/showup\/wp-json\/wp\/v2\/comments?post=66740"}],"version-history":[{"count":0,"href":"https:\/\/www.cordobatimes.com\/showup\/wp-json\/wp\/v2\/posts\/66740\/revisions"}],"wp:featuredmedia":[{"embeddable":true,"href":"https:\/\/www.cordobatimes.com\/showup\/wp-json\/wp\/v2\/media\/66741"}],"wp:attachment":[{"href":"https:\/\/www.cordobatimes.com\/showup\/wp-json\/wp\/v2\/media?parent=66740"}],"wp:term":[{"taxonomy":"category","embeddable":true,"href":"https:\/\/www.cordobatimes.com\/showup\/wp-json\/wp\/v2\/categories?post=66740"},{"taxonomy":"post_tag","embeddable":true,"href":"https:\/\/www.cordobatimes.com\/showup\/wp-json\/wp\/v2\/tags?post=66740"}],"curies":[{"name":"wp","href":"https:\/\/api.w.org\/{rel}","templated":true}]}}