{"id":66737,"date":"2019-10-14T10:34:39","date_gmt":"2019-10-14T13:34:39","guid":{"rendered":"https:\/\/www.cordobatimes.com\/showup\/?p=66737"},"modified":"2019-10-14T10:34:39","modified_gmt":"2019-10-14T13:34:39","slug":"el-regreso-de-soda-stereo-agrega-una-nueva-funcion-en-argentina","status":"publish","type":"post","link":"https:\/\/www.cordobatimes.com\/showup\/musica\/2019\/10\/14\/el-regreso-de-soda-stereo-agrega-una-nueva-funcion-en-argentina\/","title":{"rendered":"El regreso de Soda Stereo agrega una nueva funci\u00f3n en Argentina"},"content":{"rendered":"<h3><strong>Tras agotarse las entradas a la venta en tiempo r\u00e9cord la gira Gracias Totales-Soda Stereo \u00a0sumar\u00e1 una nueva fecha en el Campo Argentino de Polo.<\/strong><\/h3>\n<p>Tras agotarse las entradas a la venta en tiempo r\u00e9cord, la gira Gracias Totales-Soda Stereo, que reunir\u00e1 en 2020 a los fans de la banda con Zeta Bosio, Charly Alberti e invitados especiales con recitales en Colombia, Chile, M\u00e9xico y Argentina, sumar\u00e1 una nueva fecha en el Campo Argentino de Polo.<\/p>\n<p>La banda agreg\u00f3 una nueva fecha el 22 de marzo de 2020, cuyos tickets estar\u00e1n a la venta a partir de ma\u00f1ana a las 21 a trav\u00e9s de internet.<\/p>\n<p>Anunciado oficialmente el pasado 3 de octubre, Gracias Totales-Soda Stereo ser\u00e1 una celebraci\u00f3n de la m\u00fasica y la historia del tr\u00edo liderado por Gustavo Cerati, con shows en vivo en Latinoam\u00e9rica a partir del 29 de febrero, con un concierto en el estadio El Camp\u00edn de Bogot\u00e1, en Colombia.<\/p>\n<p>El 7 de marzo en Santiago de Chile, el 12 de marzo en Ciudad de M\u00e9xico y el 21 y 22 de marzo en la Ciudad de Buenos Aires, completan la grilla de la que participar\u00e1n, tanto de manera presencial como a trav\u00e9s de un formato audiovisual, numerosos artistas internacionales que dar\u00e1n homenaje a Cerati.<\/p>\n<p>Entre ellos se encuentran Chris Martin (vocalista de Coldplay), Adri\u00e1n D\u00e1rgelos (Babas\u00f3nicos), Andrea Echeverri (Aterciopelados), el hijo de Gustavo Cerati, Benito (Zero Kill), Fernando Ruiz D\u00edaz, Gustavo Santaolalla, Juanes, Le\u00f3n Larregui (Zo\u00e9), Mon Laferte, Richard Coleman y Rub\u00e9n Albarr\u00e1n (Caf\u00e9 Tacvba), entre otros.<\/p>\n<h3><strong>Informaci\u00f3n de entradas<\/strong><\/h3>\n<p>Las entradas podr\u00e1n adquirirse desde el domingo 13 de octubre a trav\u00e9s de \u00c1rea Ticket y sus puntos de venta. Los precios y ubicaciones del show son: Campo $2.000, Platea Lateral $3.100, Campo Vip $4.200 y Platea Central $4.500. Los clientes de BBVA tendr\u00e1n 3 cuotas sin inter\u00e9s.<\/p>\n","protected":false},"excerpt":{"rendered":"<p>Tras agotarse las entradas a la venta en tiempo r\u00e9cord la gira Gracias Totales-Soda Stereo \u00a0sumar\u00e1 una nueva fecha en el Campo Argentino de Polo. Tras agotarse las entradas a la venta en tiempo r\u00e9cord, la gira Gracias Totales-Soda Stereo, que reunir\u00e1 en 2020 a los fans de la banda con Zeta Bosio, Charly Alberti [&hellip;]<\/p>\n","protected":false},"author":1,"featured_media":66738,"comment_status":"closed","ping_status":"closed","sticky":false,"template":"","format":"standard","meta":{"_seopress_robots_primary_cat":"","_seopress_titles_title":"","_seopress_titles_desc":"","_seopress_robots_index":"","footnotes":""},"categories":[5],"tags":[24640,24585,24639],"class_list":{"0":"post-66737","1":"post","2":"type-post","3":"status-publish","4":"format-standard","5":"has-post-thumbnail","7":"category-musica","8":"tag-gira-gracias-totales-soda-stereo","9":"tag-gracias-totales-soda-stereo","10":"tag-regreso-de-soda-stereo"},"_links":{"self":[{"href":"https:\/\/www.cordobatimes.com\/showup\/wp-json\/wp\/v2\/posts\/66737","targetHints":{"allow":["GET"]}}],"collection":[{"href":"https:\/\/www.cordobatimes.com\/showup\/wp-json\/wp\/v2\/posts"}],"about":[{"href":"https:\/\/www.cordobatimes.com\/showup\/wp-json\/wp\/v2\/types\/post"}],"author":[{"embeddable":true,"href":"https:\/\/www.cordobatimes.com\/showup\/wp-json\/wp\/v2\/users\/1"}],"replies":[{"embeddable":true,"href":"https:\/\/www.cordobatimes.com\/showup\/wp-json\/wp\/v2\/comments?post=66737"}],"version-history":[{"count":0,"href":"https:\/\/www.cordobatimes.com\/showup\/wp-json\/wp\/v2\/posts\/66737\/revisions"}],"wp:featuredmedia":[{"embeddable":true,"href":"https:\/\/www.cordobatimes.com\/showup\/wp-json\/wp\/v2\/media\/66738"}],"wp:attachment":[{"href":"https:\/\/www.cordobatimes.com\/showup\/wp-json\/wp\/v2\/media?parent=66737"}],"wp:term":[{"taxonomy":"category","embeddable":true,"href":"https:\/\/www.cordobatimes.com\/showup\/wp-json\/wp\/v2\/categories?post=66737"},{"taxonomy":"post_tag","embeddable":true,"href":"https:\/\/www.cordobatimes.com\/showup\/wp-json\/wp\/v2\/tags?post=66737"}],"curies":[{"name":"wp","href":"https:\/\/api.w.org\/{rel}","templated":true}]}}