{"id":66730,"date":"2019-10-11T12:01:51","date_gmt":"2019-10-11T15:01:51","guid":{"rendered":"https:\/\/www.cordobatimes.com\/showup\/?p=66730"},"modified":"2019-10-11T12:01:51","modified_gmt":"2019-10-11T15:01:51","slug":"jimena-baron-estreno-su-nuevo-videoclip-ya-quisieran","status":"publish","type":"post","link":"https:\/\/www.cordobatimes.com\/showup\/musica\/2019\/10\/11\/jimena-baron-estreno-su-nuevo-videoclip-ya-quisieran\/","title":{"rendered":"Jimena Bar\u00f3n estren\u00f3 su nuevo videoclip \u00abYa quisieran\u00bb"},"content":{"rendered":"<h3><strong>Despu\u00e9s de anunciarlo con mucha intensidad en las redes sociales, finalmente estren\u00f3 el nuevo videoclip de\u00a0Jimena Bar\u00f3n.\u00a0<\/strong><\/h3>\n<p>Se trata de una producci\u00f3n que acompa\u00f1a su nuevo corte de difusi\u00f3n:\u00a0Ya quisieran.<\/p>\n<p>\u201c\u00a1Salimos de nuevo con m\u00e1s! Y mi felicidad inmensurable de poder seguir haciendo esto.\u00a0 Estoy pasando el mejor momento de mi vida. Gracias por estar del otro lado. Por escucharme. Gracias\u201d, escribi\u00f3 Bar\u00f3n en su cuenta de Instagram a minutos del lanzamiento oficial. En menos de 12 horas, el video alcanz\u00f3\u00a0 las\u00a0 214,240\u00a0 reproducciones.<\/p>\n<p><iframe loading=\"lazy\" width=\"560\" height=\"315\" src=\"https:\/\/www.youtube.com\/embed\/ZZxUwqSNRt0\" frameborder=\"0\" allow=\"accelerometer; autoplay; encrypted-media; gyroscope; picture-in-picture\" allowfullscreen><\/iframe><\/p>\n","protected":false},"excerpt":{"rendered":"<p>Despu\u00e9s de anunciarlo con mucha intensidad en las redes sociales, finalmente estren\u00f3 el nuevo videoclip de\u00a0Jimena Bar\u00f3n.\u00a0 Se trata de una producci\u00f3n que acompa\u00f1a su nuevo corte de difusi\u00f3n:\u00a0Ya quisieran. \u201c\u00a1Salimos de nuevo con m\u00e1s! Y mi felicidad inmensurable de poder seguir haciendo esto.\u00a0 Estoy pasando el mejor momento de mi vida. Gracias por estar [&hellip;]<\/p>\n","protected":false},"author":1,"featured_media":66731,"comment_status":"closed","ping_status":"closed","sticky":false,"template":"","format":"standard","meta":{"_seopress_robots_primary_cat":"","_seopress_titles_title":"","_seopress_titles_desc":"","_seopress_robots_index":"","footnotes":""},"categories":[5],"tags":[24633,24634,24635],"class_list":{"0":"post-66730","1":"post","2":"type-post","3":"status-publish","4":"format-standard","5":"has-post-thumbnail","7":"category-musica","8":"tag-jimena-baron-estreno-su-nuevo-videoclip","9":"tag-videoclip-ya-quisieran","10":"tag-ya-quisieran-jimena-baron"},"_links":{"self":[{"href":"https:\/\/www.cordobatimes.com\/showup\/wp-json\/wp\/v2\/posts\/66730","targetHints":{"allow":["GET"]}}],"collection":[{"href":"https:\/\/www.cordobatimes.com\/showup\/wp-json\/wp\/v2\/posts"}],"about":[{"href":"https:\/\/www.cordobatimes.com\/showup\/wp-json\/wp\/v2\/types\/post"}],"author":[{"embeddable":true,"href":"https:\/\/www.cordobatimes.com\/showup\/wp-json\/wp\/v2\/users\/1"}],"replies":[{"embeddable":true,"href":"https:\/\/www.cordobatimes.com\/showup\/wp-json\/wp\/v2\/comments?post=66730"}],"version-history":[{"count":0,"href":"https:\/\/www.cordobatimes.com\/showup\/wp-json\/wp\/v2\/posts\/66730\/revisions"}],"wp:featuredmedia":[{"embeddable":true,"href":"https:\/\/www.cordobatimes.com\/showup\/wp-json\/wp\/v2\/media\/66731"}],"wp:attachment":[{"href":"https:\/\/www.cordobatimes.com\/showup\/wp-json\/wp\/v2\/media?parent=66730"}],"wp:term":[{"taxonomy":"category","embeddable":true,"href":"https:\/\/www.cordobatimes.com\/showup\/wp-json\/wp\/v2\/categories?post=66730"},{"taxonomy":"post_tag","embeddable":true,"href":"https:\/\/www.cordobatimes.com\/showup\/wp-json\/wp\/v2\/tags?post=66730"}],"curies":[{"name":"wp","href":"https:\/\/api.w.org\/{rel}","templated":true}]}}