{"id":66699,"date":"2019-10-09T11:45:35","date_gmt":"2019-10-09T14:45:35","guid":{"rendered":"https:\/\/www.cordobatimes.com\/showup\/?p=66699"},"modified":"2019-10-09T11:45:35","modified_gmt":"2019-10-09T14:45:35","slug":"the-walking-dead-un-personaje-principal-vuelve-y-otro-dejara-la-serie","status":"publish","type":"post","link":"https:\/\/www.cordobatimes.com\/showup\/cine-y-series\/2019\/10\/09\/the-walking-dead-un-personaje-principal-vuelve-y-otro-dejara-la-serie\/","title":{"rendered":"The Walking Dead: Un personaje principal vuelve, y otro dejar\u00e1 la serie"},"content":{"rendered":"<h3><strong>Varios anuncios sobre la serie zombie se dieron a conocer en estos d\u00edas.<\/strong><\/h3>\n<p>La cadena AMC ha realizado grandes anuncios para los fan\u00e1ticos de la serie zombie The Walking Dead. La primera noticia fue la confirmaci\u00f3n oficial de que habr\u00e1 temporada 11. Por otro lado, la gran sorpresa fue el regreso de Lauren Cohan, quien protagoniza a Maggie Greene.<\/p>\n<p><img alt=\"\" loading=\"lazy\" decoding=\"async\" class=\"alignnone size-full wp-image-66701\" src=\"https:\/\/www.cordobatimes.com\/showup\/wp-content\/uploads\/2019\/10\/55445.jpg\" alt=\"\" width=\"681\" height=\"378\" \/><\/p>\n<p>Las noticias se conocieron durante el New York Comic Con. Aunque se ha confirmado el regreso de la actriz, no se sabe en qu\u00e9 episodio el personaje aparecer\u00e1 nuevamente en producci\u00f3n.<\/p>\n<p>Pero del lado de las malas tambi\u00e9n hubo novedades ya que durante el Comic-Con de San Diego, la actriz\u00a0 Danai Gurira inform\u00f3 que este ser\u00e1 el \u00faltimo a\u00f1o de la serie. \u00abPuedo confirmar que esta es la \u00faltima temporada que estar\u00e9 en el incre\u00edble programa de televisi\u00f3n como Michonne\u00bb, dijo Gurira, emocionada.<\/p>\n<p><img alt=\"\" loading=\"lazy\" decoding=\"async\" class=\"alignnone size-full wp-image-66702\" src=\"https:\/\/www.cordobatimes.com\/showup\/wp-content\/uploads\/2019\/10\/michonne-temporada-the-walking-dead-2042805729-9467849-1024x721-1535196614_1570557307.jpg\" alt=\"\" width=\"1020\" height=\"560\" srcset=\"https:\/\/www.cordobatimes.com\/showup\/wp-content\/uploads\/2019\/10\/michonne-temporada-the-walking-dead-2042805729-9467849-1024x721-1535196614_1570557307.jpg 1020w, https:\/\/www.cordobatimes.com\/showup\/wp-content\/uploads\/2019\/10\/michonne-temporada-the-walking-dead-2042805729-9467849-1024x721-1535196614_1570557307-760x417.jpg 760w, https:\/\/www.cordobatimes.com\/showup\/wp-content\/uploads\/2019\/10\/michonne-temporada-the-walking-dead-2042805729-9467849-1024x721-1535196614_1570557307-750x412.jpg 750w, https:\/\/www.cordobatimes.com\/showup\/wp-content\/uploads\/2019\/10\/michonne-temporada-the-walking-dead-2042805729-9467849-1024x721-1535196614_1570557307-768x422.jpg 768w, https:\/\/www.cordobatimes.com\/showup\/wp-content\/uploads\/2019\/10\/michonne-temporada-the-walking-dead-2042805729-9467849-1024x721-1535196614_1570557307-696x382.jpg 696w, https:\/\/www.cordobatimes.com\/showup\/wp-content\/uploads\/2019\/10\/michonne-temporada-the-walking-dead-2042805729-9467849-1024x721-1535196614_1570557307-765x420.jpg 765w\" sizes=\"auto, (max-width: 1020px) 100vw, 1020px\" \/><\/p>\n","protected":false},"excerpt":{"rendered":"<p>Varios anuncios sobre la serie zombie se dieron a conocer en estos d\u00edas. La cadena AMC ha realizado grandes anuncios para los fan\u00e1ticos de la serie zombie The Walking Dead. La primera noticia fue la confirmaci\u00f3n oficial de que habr\u00e1 temporada 11. Por otro lado, la gran sorpresa fue el regreso de Lauren Cohan, quien [&hellip;]<\/p>\n","protected":false},"author":1,"featured_media":66700,"comment_status":"closed","ping_status":"closed","sticky":false,"template":"","format":"standard","meta":{"_seopress_robots_primary_cat":"","_seopress_titles_title":"","_seopress_titles_desc":"","_seopress_robots_index":"","footnotes":""},"categories":[3],"tags":[24616,21952,24617],"class_list":{"0":"post-66699","1":"post","2":"type-post","3":"status-publish","4":"format-standard","5":"has-post-thumbnail","7":"category-cine-y-series","8":"tag-noticias-de-the-walking-dead","9":"tag-serie-zombie","10":"tag-serie-zombie-the-walking-dead"},"_links":{"self":[{"href":"https:\/\/www.cordobatimes.com\/showup\/wp-json\/wp\/v2\/posts\/66699","targetHints":{"allow":["GET"]}}],"collection":[{"href":"https:\/\/www.cordobatimes.com\/showup\/wp-json\/wp\/v2\/posts"}],"about":[{"href":"https:\/\/www.cordobatimes.com\/showup\/wp-json\/wp\/v2\/types\/post"}],"author":[{"embeddable":true,"href":"https:\/\/www.cordobatimes.com\/showup\/wp-json\/wp\/v2\/users\/1"}],"replies":[{"embeddable":true,"href":"https:\/\/www.cordobatimes.com\/showup\/wp-json\/wp\/v2\/comments?post=66699"}],"version-history":[{"count":0,"href":"https:\/\/www.cordobatimes.com\/showup\/wp-json\/wp\/v2\/posts\/66699\/revisions"}],"wp:featuredmedia":[{"embeddable":true,"href":"https:\/\/www.cordobatimes.com\/showup\/wp-json\/wp\/v2\/media\/66700"}],"wp:attachment":[{"href":"https:\/\/www.cordobatimes.com\/showup\/wp-json\/wp\/v2\/media?parent=66699"}],"wp:term":[{"taxonomy":"category","embeddable":true,"href":"https:\/\/www.cordobatimes.com\/showup\/wp-json\/wp\/v2\/categories?post=66699"},{"taxonomy":"post_tag","embeddable":true,"href":"https:\/\/www.cordobatimes.com\/showup\/wp-json\/wp\/v2\/tags?post=66699"}],"curies":[{"name":"wp","href":"https:\/\/api.w.org\/{rel}","templated":true}]}}