{"id":66696,"date":"2019-10-09T10:52:07","date_gmt":"2019-10-09T13:52:07","guid":{"rendered":"https:\/\/www.cordobatimes.com\/showup\/?p=66696"},"modified":"2019-10-09T10:52:07","modified_gmt":"2019-10-09T13:52:07","slug":"actor-de-harry-potter-interpretara-a-donald-trump-en-una-miniserie-critica-contra-el-presidente","status":"publish","type":"post","link":"https:\/\/www.cordobatimes.com\/showup\/cine-y-series\/2019\/10\/09\/actor-de-harry-potter-interpretara-a-donald-trump-en-una-miniserie-critica-contra-el-presidente\/","title":{"rendered":"Actor de Harry Potter interpretar\u00e1 a Donald Trump en una miniserie cr\u00edtica contra el presidente"},"content":{"rendered":"<h3><strong>Basada en las memorias del ex director del FBI James Comey.<\/strong><\/h3>\n<p>El actor irland\u00e9s Brendan Gleeson personificar\u00e1 al actual presidente de Estados Unidos, el magnate Donald Trump, en una miniserie que los estudios CBS preparan basada en las memorias del ex director del FBI James Comey.<\/p>\n<p>El doble ganador del Emmy de la Academia de la Televisi\u00f3n estadounidense Jeff Daniels ser\u00e1 el encargado de interpretar a Comey, quien fue nombrado por Barack Obama en la direcci\u00f3n del organismo de inteligencia en 2013, y despedido por Trump poco despu\u00e9s de acceder a la presidencia.<\/p>\n<p>\u00abEs dif\u00edcil imaginar un desaf\u00edo actoral tan grande como el de interpretar a Donald Trump. Tiene que tener presencia y un tipo singular de dinamismo. Tambi\u00e9n hay que tener el valor y la voluntad de entender su psicolog\u00eda de adentro hacia afuera\u00bb, declar\u00f3 el guionista del proyecto, Billy Ray, mediante un comunicado de prensa.<\/p>\n<p>\u00abAdem\u00e1s, debe haber talento y don de la observaci\u00f3n. No hay muchos actores capaces de ello. Brendan lo hace, estoy muy emocionado con su fichaje\u00bb, complet\u00f3 Ray sobre el actor de la saga de Harry Potter, Pandillas de Nueva York y Coraz\u00f3n Valiente, entre otros recordados filmes.<\/p>\n<p>Compuesta de cuatro episodios y basada en el libro de Comey de 2018 A Higher Loyalty: Truth, Lies and Leadership, la miniserie comenzar\u00e1 a rodarse en noviembre, inform\u00f3 la agencia de noticias DPA.<\/p>\n<p>El libro comparte las experiencias de Comey en dos d\u00e9cadas de trabajo para el gobierno estadounidense (al haber sido antes fiscal federal del distrito sur de Nueva York y despu\u00e9s fiscal general adjunto de los Estados Unidos), y propone explorar c\u00f3mo puede impulsarse un liderazgo \u00e9tico que conduzca a decisiones acertadas.<\/p>\n<p>En su carrera, Comey ha tratado varios casos de alto perfil, desde perseguir a la mafia, ayudar a cambiar las pol\u00edticas de la administraci\u00f3n Bush sobre tortura y vigilancia electr\u00f3nica, como tambi\u00e9n investigar el caso de la presentadora televisiva Martha Stewart y el caso de los e-mails de Hillary Clinton.<\/p>\n","protected":false},"excerpt":{"rendered":"<p>Basada en las memorias del ex director del FBI James Comey. El actor irland\u00e9s Brendan Gleeson personificar\u00e1 al actual presidente de Estados Unidos, el magnate Donald Trump, en una miniserie que los estudios CBS preparan basada en las memorias del ex director del FBI James Comey. El doble ganador del Emmy de la Academia de [&hellip;]<\/p>\n","protected":false},"author":1,"featured_media":66697,"comment_status":"closed","ping_status":"closed","sticky":false,"template":"","format":"standard","meta":{"_seopress_robots_primary_cat":"","_seopress_titles_title":"","_seopress_titles_desc":"","_seopress_robots_index":"","footnotes":""},"categories":[3],"tags":[24613,24615,24614],"class_list":{"0":"post-66696","1":"post","2":"type-post","3":"status-publish","4":"format-standard","5":"has-post-thumbnail","7":"category-cine-y-series","8":"tag-actor-de-harry-potter","9":"tag-brendan-gleeson","10":"tag-mini-serie-de-donald-trump"},"_links":{"self":[{"href":"https:\/\/www.cordobatimes.com\/showup\/wp-json\/wp\/v2\/posts\/66696","targetHints":{"allow":["GET"]}}],"collection":[{"href":"https:\/\/www.cordobatimes.com\/showup\/wp-json\/wp\/v2\/posts"}],"about":[{"href":"https:\/\/www.cordobatimes.com\/showup\/wp-json\/wp\/v2\/types\/post"}],"author":[{"embeddable":true,"href":"https:\/\/www.cordobatimes.com\/showup\/wp-json\/wp\/v2\/users\/1"}],"replies":[{"embeddable":true,"href":"https:\/\/www.cordobatimes.com\/showup\/wp-json\/wp\/v2\/comments?post=66696"}],"version-history":[{"count":0,"href":"https:\/\/www.cordobatimes.com\/showup\/wp-json\/wp\/v2\/posts\/66696\/revisions"}],"wp:featuredmedia":[{"embeddable":true,"href":"https:\/\/www.cordobatimes.com\/showup\/wp-json\/wp\/v2\/media\/66697"}],"wp:attachment":[{"href":"https:\/\/www.cordobatimes.com\/showup\/wp-json\/wp\/v2\/media?parent=66696"}],"wp:term":[{"taxonomy":"category","embeddable":true,"href":"https:\/\/www.cordobatimes.com\/showup\/wp-json\/wp\/v2\/categories?post=66696"},{"taxonomy":"post_tag","embeddable":true,"href":"https:\/\/www.cordobatimes.com\/showup\/wp-json\/wp\/v2\/tags?post=66696"}],"curies":[{"name":"wp","href":"https:\/\/api.w.org\/{rel}","templated":true}]}}