{"id":66679,"date":"2019-10-08T17:41:04","date_gmt":"2019-10-08T20:41:04","guid":{"rendered":"https:\/\/www.cordobatimes.com\/showup\/?p=66679"},"modified":"2019-10-08T17:41:04","modified_gmt":"2019-10-08T20:41:04","slug":"ricky-martin-regresa-al-festival-de-vina-del-mar-2020","status":"publish","type":"post","link":"https:\/\/www.cordobatimes.com\/showup\/musica\/2019\/10\/08\/ricky-martin-regresa-al-festival-de-vina-del-mar-2020\/","title":{"rendered":"Ricky Martin regresa al festival de Vi\u00f1a del Mar 2020"},"content":{"rendered":"<h3><strong>El cantante confirm\u00f3 que estar\u00e1 en el prestigioso evento chileno\u00a0<\/strong><\/h3>\n<p>Finalmente puedo confirmar que estar\u00e9 ustedes con nueva m\u00fasica y nuevo espect\u00e1culo en el Festival de Vi\u00f1a del Mar\u00bb, public\u00f3 por estos d\u00edas Ricky Martin en sus redes sociales. Con ese mensaje no s\u00f3lo cuenta que regresa al reconocido evento chileno despu\u00e9s de varios a\u00f1os de ausencia, sino que ilusiona a los fans argentinos y cordobeses.<\/p>\n<p>El anuncio lleg\u00f3 d\u00edas despu\u00e9s de revelar que volver\u00e1 a ser padre junto a su pareja,\u00a0Jwan Yosef, con quien ya tiene tres hijos (los gemelos Valentino y Matteo y la peque\u00f1a Luc\u00eda, todos concebidos por el m\u00e9todo de subrogaci\u00f3n de vientre). Adem\u00e1s, Ricky viene de estar bien al frente de las protestas contra el gobernador de Puerto Rico, quien finalmente fue destituido tras un esc\u00e1ndalo.<\/p>\n<blockquote class=\"twitter-tweet\" data-lang=\"es\">\n<p lang=\"es\" dir=\"ltr\"><a href=\"https:\/\/twitter.com\/hashtag\/Chile?src=hash&amp;ref_src=twsrc%5Etfw\">#Chile<\/a> finalmente puedo confirmar que estar\u00e9 ustedes con nueva m\u00fasica y nuevo espect\u00e1culo en el  <a href=\"https:\/\/twitter.com\/hashtag\/festivaldevi%C3%B1a?src=hash&amp;ref_src=twsrc%5Etfw\">#festivaldevi\u00f1a<\/a> <a href=\"https:\/\/twitter.com\/hashtag\/VI%C3%91A2020?src=hash&amp;ref_src=twsrc%5Etfw\">#VI\u00d1A2020<\/a> <a href=\"https:\/\/t.co\/4Ezq71pKtk\">pic.twitter.com\/4Ezq71pKtk<\/a><\/p>\n<p>&mdash; Ricky Martin (@ricky_martin) <a href=\"https:\/\/twitter.com\/ricky_martin\/status\/1180174329851650050?ref_src=twsrc%5Etfw\">4 de octubre de 2019<\/a><\/p><\/blockquote>\n<p><script async src=\"https:\/\/platform.twitter.com\/widgets.js\" charset=\"utf-8\"><\/script><\/p>\n","protected":false},"excerpt":{"rendered":"<p>El cantante confirm\u00f3 que estar\u00e1 en el prestigioso evento chileno\u00a0 Finalmente puedo confirmar que estar\u00e9 ustedes con nueva m\u00fasica y nuevo espect\u00e1culo en el Festival de Vi\u00f1a del Mar\u00bb, public\u00f3 por estos d\u00edas Ricky Martin en sus redes sociales. Con ese mensaje no s\u00f3lo cuenta que regresa al reconocido evento chileno despu\u00e9s de varios a\u00f1os [&hellip;]<\/p>\n","protected":false},"author":1,"featured_media":66680,"comment_status":"closed","ping_status":"closed","sticky":false,"template":"","format":"standard","meta":{"_seopress_robots_primary_cat":"","_seopress_titles_title":"","_seopress_titles_desc":"","_seopress_robots_index":"","footnotes":""},"categories":[5],"tags":[24609,24608,24610],"class_list":{"0":"post-66679","1":"post","2":"type-post","3":"status-publish","4":"format-standard","5":"has-post-thumbnail","7":"category-musica","8":"tag-festival-de-vina-del-mar-2020","9":"tag-ricky-martin-festival-de-vina-del-mar-2020","10":"tag-vina-del-mar-2020"},"_links":{"self":[{"href":"https:\/\/www.cordobatimes.com\/showup\/wp-json\/wp\/v2\/posts\/66679","targetHints":{"allow":["GET"]}}],"collection":[{"href":"https:\/\/www.cordobatimes.com\/showup\/wp-json\/wp\/v2\/posts"}],"about":[{"href":"https:\/\/www.cordobatimes.com\/showup\/wp-json\/wp\/v2\/types\/post"}],"author":[{"embeddable":true,"href":"https:\/\/www.cordobatimes.com\/showup\/wp-json\/wp\/v2\/users\/1"}],"replies":[{"embeddable":true,"href":"https:\/\/www.cordobatimes.com\/showup\/wp-json\/wp\/v2\/comments?post=66679"}],"version-history":[{"count":0,"href":"https:\/\/www.cordobatimes.com\/showup\/wp-json\/wp\/v2\/posts\/66679\/revisions"}],"wp:featuredmedia":[{"embeddable":true,"href":"https:\/\/www.cordobatimes.com\/showup\/wp-json\/wp\/v2\/media\/66680"}],"wp:attachment":[{"href":"https:\/\/www.cordobatimes.com\/showup\/wp-json\/wp\/v2\/media?parent=66679"}],"wp:term":[{"taxonomy":"category","embeddable":true,"href":"https:\/\/www.cordobatimes.com\/showup\/wp-json\/wp\/v2\/categories?post=66679"},{"taxonomy":"post_tag","embeddable":true,"href":"https:\/\/www.cordobatimes.com\/showup\/wp-json\/wp\/v2\/tags?post=66679"}],"curies":[{"name":"wp","href":"https:\/\/api.w.org\/{rel}","templated":true}]}}