{"id":66670,"date":"2019-10-08T10:59:38","date_gmt":"2019-10-08T13:59:38","guid":{"rendered":"https:\/\/www.cordobatimes.com\/showup\/?p=66670"},"modified":"2022-10-31T22:14:09","modified_gmt":"2022-11-01T01:14:09","slug":"flor-vigna-y-facu-mazzei-bailaron-un-merengue-con-puntaje-perfecto","status":"publish","type":"post","link":"https:\/\/www.cordobatimes.com\/showup\/tv\/2019\/10\/08\/flor-vigna-y-facu-mazzei-bailaron-un-merengue-con-puntaje-perfecto\/","title":{"rendered":"Flor Vigna y Facu Mazzei bailaron un merengue con puntaje perfecto"},"content":{"rendered":"<h3><strong>La figura de la competencia y su partenaire brillaron en la pista.<\/strong><\/h3>\n<p>Flor Vigna\u00a0y\u00a0Facu Mazzei\u00a0fueron la segunda pareja en pasar por la gala del lunes en el\u00a0Bailando 2019. La actriz y su partenaire se lucieron con su coreograf\u00eda de merengue y recibieron puros elogios del jurado.\u00a0Y se llevaron un puntaje alt\u00edsimo: 29 en total\u00a0tras la intervenci\u00f3n del BAR (que terminaron subiendo tres unidades al puntaje general).<\/p>\n<p>\u00abPara m\u00ed son los mejores. Flor te est\u00e1s comiendo la pista.\u00a0Siempre es lindo verlos. Saben c\u00f3mo pararse para lucirse frente a las c\u00e1maras\u00bb, destac\u00f3 \u00c1ngel de Brito, que los calific\u00f3 con un diez. \u00abCoincido con \u00c1ngel, son de las parejas m\u00e1s esperadas en cada ritmo.\u00a0A m\u00ed me gustan much\u00edsimo. Es un placer verlos bailar\u00bb, agreg\u00f3 Pampita, que tambi\u00e9n les dio un diez.<\/p>\n<p>\u00abVibran en la danza. Ustedes dan ganas de aprender a bailar si no sab\u00e9s bailar, dan ganas de ir a una salsera, generan eso. Est\u00e1n en un nivel de interpretaci\u00f3n de excelencia\u00bb, acot\u00f3 Flor Pe\u00f1a, que en este ritmo tuvo el voto secreto.<\/p>\n<p>\u00abEstuvieron geniales. Me gust\u00f3 much\u00edsimo la coreo. Flor, vos est\u00e1s explotada. Incluso f\u00edsicamente est\u00e1s cambiada. \u00a1Los felicito! Estuvo muy bueno el trabajo de ustedes esta noche\u00bb, sentenci\u00f3 Marcelo Polino, que los puntu\u00f3 con un seis.<\/p>\n<p><iframe loading=\"lazy\" src=\"https:\/\/www.youtube.com\/embed\/WIG15mSiqbg\" width=\"560\" height=\"315\" frameborder=\"0\" allowfullscreen=\"allowfullscreen\"><\/iframe><\/p>\n","protected":false},"excerpt":{"rendered":"<p>La figura de la competencia y su partenaire brillaron en la pista. Flor Vigna\u00a0y\u00a0Facu Mazzei\u00a0fueron la segunda pareja en pasar por la gala del lunes en el\u00a0Bailando 2019. La actriz y su partenaire se lucieron con su coreograf\u00eda de merengue y recibieron puros elogios del jurado.\u00a0Y se llevaron un puntaje alt\u00edsimo: 29 en total\u00a0tras la [&hellip;]<\/p>\n","protected":false},"author":1,"featured_media":66674,"comment_status":"closed","ping_status":"closed","sticky":false,"template":"","format":"standard","meta":{"_seopress_robots_primary_cat":"","_seopress_titles_title":"","_seopress_titles_desc":"","_seopress_robots_index":"","footnotes":""},"categories":[477,2],"tags":[24603,24604],"class_list":{"0":"post-66670","1":"post","2":"type-post","3":"status-publish","4":"format-standard","5":"has-post-thumbnail","7":"category-showmatch","8":"category-tv","9":"tag-flor-vigna-y-facu-mazzei","10":"tag-flor-vigna-y-facu-mazzei-merengue"},"_links":{"self":[{"href":"https:\/\/www.cordobatimes.com\/showup\/wp-json\/wp\/v2\/posts\/66670","targetHints":{"allow":["GET"]}}],"collection":[{"href":"https:\/\/www.cordobatimes.com\/showup\/wp-json\/wp\/v2\/posts"}],"about":[{"href":"https:\/\/www.cordobatimes.com\/showup\/wp-json\/wp\/v2\/types\/post"}],"author":[{"embeddable":true,"href":"https:\/\/www.cordobatimes.com\/showup\/wp-json\/wp\/v2\/users\/1"}],"replies":[{"embeddable":true,"href":"https:\/\/www.cordobatimes.com\/showup\/wp-json\/wp\/v2\/comments?post=66670"}],"version-history":[{"count":0,"href":"https:\/\/www.cordobatimes.com\/showup\/wp-json\/wp\/v2\/posts\/66670\/revisions"}],"wp:featuredmedia":[{"embeddable":true,"href":"https:\/\/www.cordobatimes.com\/showup\/wp-json\/wp\/v2\/media\/66674"}],"wp:attachment":[{"href":"https:\/\/www.cordobatimes.com\/showup\/wp-json\/wp\/v2\/media?parent=66670"}],"wp:term":[{"taxonomy":"category","embeddable":true,"href":"https:\/\/www.cordobatimes.com\/showup\/wp-json\/wp\/v2\/categories?post=66670"},{"taxonomy":"post_tag","embeddable":true,"href":"https:\/\/www.cordobatimes.com\/showup\/wp-json\/wp\/v2\/tags?post=66670"}],"curies":[{"name":"wp","href":"https:\/\/api.w.org\/{rel}","templated":true}]}}