{"id":66649,"date":"2019-10-07T12:18:32","date_gmt":"2019-10-07T15:18:32","guid":{"rendered":"https:\/\/www.cordobatimes.com\/showup\/?p=66649"},"modified":"2019-10-07T12:18:32","modified_gmt":"2019-10-07T15:18:32","slug":"soda-stereo-vuelve-a-los-escenarios-en-una-gira-homenaje-a-cerati","status":"publish","type":"post","link":"https:\/\/www.cordobatimes.com\/showup\/espectaculos\/2019\/10\/07\/soda-stereo-vuelve-a-los-escenarios-en-una-gira-homenaje-a-cerati\/","title":{"rendered":"Soda Stereo vuelve a los escenarios en una gira homenaje a Cerati"},"content":{"rendered":"<p>Los rumores solo duraron unas horas hasta que los mismos Charly Alberti y Zeta comunicaron, a trav\u00e9s de un manifiesto, la confirmaci\u00f3n del espect\u00e1culo y los motivos de su realizaci\u00f3n, nombrando a Cerati de primero y notando su infinita presencia. La gira tiene, por ahora, cuatro presentaciones confirmadas, comenzando por Bogot\u00e1, luego Santiago de Chile y luego M\u00e9xico. La \u00faltima fecha ser\u00e1 en Buenos Aires el 21 de Marzo en el <span style=\"color: #ff0000;\"><a style=\"color: #ff0000;\" href=\"https:\/\/www.entradafan.com.ar\/entradas-campo-argentino-de-polo\/c1073\">Campo Argentino de Polo<\/a><\/span>, que se preparar\u00e1 para recibir 70mil espectadores.<\/p>\n<p>\u201cGracias Totales \u2013 Soda Stereo 2020\u201d es el nombre del espect\u00e1culo que tendr\u00e1 invitados de todo tipo. En escenario Charly y Zeta tocar\u00e1n sus instrumentos de siempre acompa\u00f1ados por los dos hist\u00f3ricos colaboradores de Soda: Richard Coleman en Guitarra y Fabi\u00e1n \u201cEl Zorrito\u201d Quintero en los teclados, adem\u00e1s planean agregar un par de m\u00fasicos m\u00e1s a la banda. Durante cada show, se presentar\u00e1n un m\u00ednimo de siete vocalistas para interpretar los incre\u00edbles temas de Soda. Entre los confirmados est\u00e1n Benito Cerati, Adri\u00e1n Dargelos, Andrea Echeverri, Juanes, Le\u00f3n Larregui y muchos m\u00e1s.<\/p>\n<p>Cerati estar\u00e1 presente; una gigantesca pantalla ser\u00e1 usada para mostrar im\u00e1genes de Gustavo interpretando algunos temas mientras la banda lo acompa\u00f1a en vivo, definitivamente ser\u00e1 una experiencia muy emotiva. Las <span style=\"color: #ff0000;\"><a style=\"color: #ff0000;\" href=\"https:\/\/www.entradafan.com.ar\/entradas-soda-stereo\/c666\">entradas Soda Stereo<\/a><\/span> ya salieron a la venta. Posiblemente la venta sea tan masiva que la productora se vea obligada a abrir otra fecha en Buenos Aires o alguna otra ciudad del pa\u00eds.<\/p>\n","protected":false},"excerpt":{"rendered":"<p>Los rumores solo duraron unas horas hasta que los mismos Charly Alberti y Zeta comunicaron, a trav\u00e9s de un manifiesto, la confirmaci\u00f3n del espect\u00e1culo y los motivos de su realizaci\u00f3n, nombrando a Cerati de primero y notando su infinita presencia. La gira tiene, por ahora, cuatro presentaciones confirmadas, comenzando por Bogot\u00e1, luego Santiago de Chile [&hellip;]<\/p>\n","protected":false},"author":1,"featured_media":66632,"comment_status":"closed","ping_status":"closed","sticky":false,"template":"","format":"standard","meta":{"_seopress_robots_primary_cat":"","_seopress_titles_title":"","_seopress_titles_desc":"","_seopress_robots_index":"","footnotes":""},"categories":[10],"tags":[24595,24594,15510],"class_list":{"0":"post-66649","1":"post","2":"type-post","3":"status-publish","4":"format-standard","5":"has-post-thumbnail","7":"category-espectaculos","8":"tag-campo-argentino-de-polo","9":"tag-entradas-para-soda-stereo","10":"tag-homenaje-a-cerati"},"_links":{"self":[{"href":"https:\/\/www.cordobatimes.com\/showup\/wp-json\/wp\/v2\/posts\/66649","targetHints":{"allow":["GET"]}}],"collection":[{"href":"https:\/\/www.cordobatimes.com\/showup\/wp-json\/wp\/v2\/posts"}],"about":[{"href":"https:\/\/www.cordobatimes.com\/showup\/wp-json\/wp\/v2\/types\/post"}],"author":[{"embeddable":true,"href":"https:\/\/www.cordobatimes.com\/showup\/wp-json\/wp\/v2\/users\/1"}],"replies":[{"embeddable":true,"href":"https:\/\/www.cordobatimes.com\/showup\/wp-json\/wp\/v2\/comments?post=66649"}],"version-history":[{"count":0,"href":"https:\/\/www.cordobatimes.com\/showup\/wp-json\/wp\/v2\/posts\/66649\/revisions"}],"wp:featuredmedia":[{"embeddable":true,"href":"https:\/\/www.cordobatimes.com\/showup\/wp-json\/wp\/v2\/media\/66632"}],"wp:attachment":[{"href":"https:\/\/www.cordobatimes.com\/showup\/wp-json\/wp\/v2\/media?parent=66649"}],"wp:term":[{"taxonomy":"category","embeddable":true,"href":"https:\/\/www.cordobatimes.com\/showup\/wp-json\/wp\/v2\/categories?post=66649"},{"taxonomy":"post_tag","embeddable":true,"href":"https:\/\/www.cordobatimes.com\/showup\/wp-json\/wp\/v2\/tags?post=66649"}],"curies":[{"name":"wp","href":"https:\/\/api.w.org\/{rel}","templated":true}]}}