{"id":66646,"date":"2019-10-07T10:15:34","date_gmt":"2019-10-07T13:15:34","guid":{"rendered":"https:\/\/www.cordobatimes.com\/showup\/?p=66646"},"modified":"2019-10-07T10:15:34","modified_gmt":"2019-10-07T13:15:34","slug":"los-25-anos-de-friends-llegan-a-los-cines-argentinos","status":"publish","type":"post","link":"https:\/\/www.cordobatimes.com\/showup\/cine-y-series\/2019\/10\/07\/los-25-anos-de-friends-llegan-a-los-cines-argentinos\/","title":{"rendered":"Los 25 a\u00f1os de \u00abFriends\u00bb llegan a los cines argentinos"},"content":{"rendered":"<h3>\u00a0<strong>Se realizar\u00e1 en las noches del lunes 21, martes 22 y mi\u00e9rcoles 23 de octubre.<\/strong><\/h3>\n<p>La exitosa sitcom estadounidense \u201cFriends\u201d, que el 22 de septiembre pasado cumpli\u00f3 25 a\u00f1os de su primera edici\u00f3n y goza de una popularidad atemporal, merecer\u00e1 un marat\u00f3n con 12 de sus cap\u00edtulos en tres noches de octubre en salas de cine de la Argentina.<\/p>\n<p>\u201cCada noche incluir\u00e1 cuatro episodios diferentes, contenido nunca antes visto y entrevistas exclusivas, todo en alta definici\u00f3n con sonido e imagen remasterizada\u201d, anunci\u00f3 Fox a trav\u00e9s de un comunicado de prensa.<\/p>\n<p>De acuerdo al detalle de cada velada en cines, el 21 se ver\u00e1n los cap\u00edtulos \u201cEl piloto\u201d, \u201cEl del apag\u00f3n\u201d, \u201cEl del nacimiento\u201d y \u201dEn el que Ross lo averigua\u201d; y el 22 \u201cEl del video de la graduaci\u00f3n\u201d, \u201cEn el que nadie est\u00e1 listo\u201d, \u201cEl de la ma\u00f1ana siguiente\u201d y \u201cEl de los embriones\u201d.<\/p>\n<p>El cierre del 23 reunir\u00e1 \u201cEl de Chandler en una caja\u201d, la parte 2 de \u201cEl de la boda de Ross\u201d, \u201cEn el que todos lo descubren\u201d y \u201cEn el que Ross se drog\u00f3\u201d.<\/p>\n<p>La serie que se emiti\u00f3 hasta el 6 de mayo de 2004, cuando su episodio final \u00fanicamente en Estados Unidos tuvo 52.500.000 televidentes en vivo, fue ampliando cada a\u00f1o su base de fan\u00e1ticos y se mantuvo entre los cinco programas m\u00e1s vistos de la TV estadounidense en cada temporada.<\/p>\n","protected":false},"excerpt":{"rendered":"<p>\u00a0Se realizar\u00e1 en las noches del lunes 21, martes 22 y mi\u00e9rcoles 23 de octubre. La exitosa sitcom estadounidense \u201cFriends\u201d, que el 22 de septiembre pasado cumpli\u00f3 25 a\u00f1os de su primera edici\u00f3n y goza de una popularidad atemporal, merecer\u00e1 un marat\u00f3n con 12 de sus cap\u00edtulos en tres noches de octubre en salas de [&hellip;]<\/p>\n","protected":false},"author":1,"featured_media":66647,"comment_status":"closed","ping_status":"closed","sticky":false,"template":"","format":"standard","meta":{"_seopress_robots_primary_cat":"","_seopress_titles_title":"","_seopress_titles_desc":"","_seopress_robots_index":"","footnotes":""},"categories":[3],"tags":[24592,24593],"class_list":{"0":"post-66646","1":"post","2":"type-post","3":"status-publish","4":"format-standard","5":"has-post-thumbnail","7":"category-cine-y-series","8":"tag-25-anos-de-friends","9":"tag-friends-cines-argentinos"},"_links":{"self":[{"href":"https:\/\/www.cordobatimes.com\/showup\/wp-json\/wp\/v2\/posts\/66646","targetHints":{"allow":["GET"]}}],"collection":[{"href":"https:\/\/www.cordobatimes.com\/showup\/wp-json\/wp\/v2\/posts"}],"about":[{"href":"https:\/\/www.cordobatimes.com\/showup\/wp-json\/wp\/v2\/types\/post"}],"author":[{"embeddable":true,"href":"https:\/\/www.cordobatimes.com\/showup\/wp-json\/wp\/v2\/users\/1"}],"replies":[{"embeddable":true,"href":"https:\/\/www.cordobatimes.com\/showup\/wp-json\/wp\/v2\/comments?post=66646"}],"version-history":[{"count":0,"href":"https:\/\/www.cordobatimes.com\/showup\/wp-json\/wp\/v2\/posts\/66646\/revisions"}],"wp:featuredmedia":[{"embeddable":true,"href":"https:\/\/www.cordobatimes.com\/showup\/wp-json\/wp\/v2\/media\/66647"}],"wp:attachment":[{"href":"https:\/\/www.cordobatimes.com\/showup\/wp-json\/wp\/v2\/media?parent=66646"}],"wp:term":[{"taxonomy":"category","embeddable":true,"href":"https:\/\/www.cordobatimes.com\/showup\/wp-json\/wp\/v2\/categories?post=66646"},{"taxonomy":"post_tag","embeddable":true,"href":"https:\/\/www.cordobatimes.com\/showup\/wp-json\/wp\/v2\/tags?post=66646"}],"curies":[{"name":"wp","href":"https:\/\/api.w.org\/{rel}","templated":true}]}}