{"id":66635,"date":"2019-10-04T09:46:25","date_gmt":"2019-10-04T12:46:25","guid":{"rendered":"https:\/\/www.cordobatimes.com\/showup\/?p=66635"},"modified":"2019-10-04T09:50:32","modified_gmt":"2019-10-04T12:50:32","slug":"los-nominados-para-el-martin-fierro-de-la-moda-2019","status":"publish","type":"post","link":"https:\/\/www.cordobatimes.com\/showup\/moda-y-estilos\/2019\/10\/04\/los-nominados-para-el-martin-fierro-de-la-moda-2019\/","title":{"rendered":"Los nominados para el Mart\u00edn Fierro de la moda 2019"},"content":{"rendered":"<h3><strong>Dieron a conocer todas las ternas que competir\u00e1n el 16 de octubre por las estatuillas.<\/strong><\/h3>\n<p>Por primera vez, la moda tendr\u00e1 su propio galard\u00f3n en el\u00a0Mart\u00edn Fierro de la Moda, evento\u00a0que se transmitir\u00e1 a trav\u00e9s de la pantalla de\u00a0Ciudad Magazine, el pr\u00f3ximo 16 de octubre en el Tattersall del Hip\u00f3dromo de Palermo.<\/p>\n<p>En medio de la expectativa, en\u00a0La jaula de la moda\u00a0(lunes a viernes a las 18 por\u00a0Ciudad Magazine) dieron a conocer la lista de todos los ternados que se vestir\u00e1n de gala para el gran evento que reunir\u00e1 a famosos en una noche en el que el glamour ser\u00e1 el protagonista principal.\u00a0Luis Ventura, presidente de\u00a0APTRA\u00a0(Asociaci\u00f3n de Periodistas de la Televisi\u00f3n y la Radiofon\u00eda Argentinas)\u00a0fue el encargado de dar a conocer todos los nominados.<\/p>\n<p>Estos son:<\/p>\n<p><strong><u>MEJOR ESTILO CONDUCTORA DE TELEVISI\u00d3N<\/u><\/strong><\/p>\n<p><strong>CAROLINA \u201cPAMPITA\u201d ARDOHA\u00cdN<\/strong>\u00a0(Pampita Online &#8211; Net TV)<\/p>\n<p><strong>DOLORES CAHEN D&#8217;ANVERS\u00a0<\/strong>(Destino hacia donde vamos &#8211; LN+)<\/p>\n<p><strong>ZAIRA NARA\u00a0<\/strong>(Morfi todos a la mesa &#8211; Telefe)<\/p>\n<p><strong>FLORENCIA DE LA V\u00a0<\/strong>(Flor de tarde &#8211; Ciudad Magazine)<\/p>\n<p><strong>NICOLE NEUMANN<\/strong>\u00a0(Tardes Nuestras &#8211; Kuarzo)<\/p>\n<p><strong>VER\u00d3NICA LOZANO\u00a0<\/strong>(Cort\u00e1 por Lozano &#8211; Telefe)<\/p>\n<p>&nbsp;<\/p>\n<p><strong><u>MEJOR ESTILO CONDUCTOR DE TELEVISI\u00d3N<\/u><\/strong><\/p>\n<p><strong>IV\u00c1N DE PINEDA\u00a0<\/strong>(Pasapalabra \u2013 El Trece)<\/p>\n<p><strong>GERM\u00c1N PAOLOSKI\u00a0<\/strong>(El noticiero &#8211; Telefe)<\/p>\n<p><strong>LEO MONTERO\u00a0<\/strong>(Mejor de noche \u2013 El Nueve)<\/p>\n<p><strong>MARCELO TINELLI\u00a0<\/strong>(Showmatch \u2013 El Trece)<\/p>\n<p><strong>SANTIAGO DEL MORO\u00a0<\/strong>(\u00bfQui\u00e9n quiere ser millonario? &#8211; Telefe)<\/p>\n<p><strong>HORACIO CABAK\u00a0<\/strong>(La jaula de la moda &#8211; Ciudad Magazine)<\/p>\n<p>&nbsp;<\/p>\n<p><strong><u>MEJOR ESTILO CONDUCTORA DE NOTICIERO<\/u><\/strong><\/p>\n<p><strong>CAROLINA LOSADA\u00a0<\/strong>(Noticiero Am\u00e9rica &#8211; Am\u00e9rica)<\/p>\n<p><strong>CRISTINA P\u00c9REZ\u00a0<\/strong>(Noticiero &#8211; Telefe)<\/p>\n<p><strong>M\u00d3NICA GUTI\u00c9RREZ\u00a0<\/strong>(Noticiero &#8211; Am\u00e9rica)<\/p>\n<p><strong>PAULA TR\u00c1PANI<\/strong>\u00a0(Noticiero &#8211; Telef\u00e9)<\/p>\n<p><strong>ROXANA \u201cROXY\u201d V\u00c1ZQUEZ\u00a0<\/strong>(TN de 6 a 10 &#8211; TN)<\/p>\n<p><strong>MARIA LAURA SANTILL\u00c1N<\/strong>\u00a0(Noticiero &#8211; El Trece)<\/p>\n<p>&nbsp;<\/p>\n<p><strong><u>MEJOR ESTILO CONDUCTOR DE NOTICIERO<\/u><\/strong><\/p>\n<p><strong>CLAUDIO R\u00cdGOLI\u00a0<\/strong>(Telenueve \u2013 El Nueve)<\/p>\n<p><strong>GUILLERMO ANDINO\u00a0<\/strong>(Am\u00e9rica Noticias &#8211; Am\u00e9rica)<\/p>\n<p><strong>GUILLERMO FAVALE<\/strong>\u00a0(El Diario &#8211; C5N)<\/p>\n<p><strong>RODOLFO BARILI\u00a0<\/strong>( Telef\u00e9 Noticias &#8211; Telefe)<\/p>\n<p><strong>SERGIO LAPEG\u00dcE\u00a0<\/strong>(TN de 6 a 10 &#8211; TN)<\/p>\n<p>&nbsp;<\/p>\n<p><strong><u>MEJOR ESTILO PANELISTA FEMENINA<\/u><\/strong><\/p>\n<p><strong>GRACIELA ALFANO (los \u00e1ngeles de la ma\u00f1ana)<\/strong><\/p>\n<p><strong>D\u00c9BORA PL\u00c1GER\u00a0<\/strong>(Involucrados &#8211; Am\u00e9rica)<\/p>\n<p><strong>SOF\u00cdA Z\u00c1MOLO\u00a0<\/strong>(Incorrectas- Am\u00e9rica)<\/p>\n<p><strong>NEQUI GALOTTI\u00a0<\/strong>(Los \u00c1ngeles de la ma\u00f1ana \u2013 El Trece)<\/p>\n<p><strong>NICOLE NEUMANN\u00a0<\/strong>(Cort\u00e1 por Lozano \u2013 Telefe)<\/p>\n<p>&nbsp;<\/p>\n<p><strong><u>MEJOR ESTILO PANELISTA MASCULINO<\/u><\/strong><\/p>\n<p><strong>CLAUDIO COSANO\u00a0<\/strong>(La Jaula de la moda,\u00a0 Ciudad Magazine)<\/p>\n<p><strong>DIEGO LEUCO<\/strong>\u00a0(El diario de Mariana \u2013 El Trece)<\/p>\n<p><strong>PABLO DUGGAN\u00a0<\/strong>(Involucrados y Pol\u00e9mica en el bar &#8211; Am\u00e9rica)<\/p>\n<p><strong>HERN\u00c1N DRAGO<\/strong>\u00a0(Pampita Online)<\/p>\n<p><strong>C\u00c9SAR JURICICH\u00a0\u00a0<\/strong>(Confrontados)<\/p>\n<p>&nbsp;<\/p>\n<p><strong><u>MEJOR ESTILO PERIODISTA DEPORTIVO FEMENINA<\/u><\/strong><\/p>\n<p><strong>ALINA MOINE\u00a0<\/strong>(Agenda Fox Sports \u2013 Fox Sports)<\/p>\n<p><strong>CHECHU BONELLI\u00a0<\/strong>(Sportcenter \u2013 Fox Sports)<\/p>\n<p><strong>AGOSTINA LAROCA\u00a0<\/strong>(ESPN)<\/p>\n<p><strong>LUCIANA AYMAR\u00a0<\/strong>(ESPN)<\/p>\n<p><strong>LUCIANA RUBINSKA\u00a0<\/strong>(C5N)<\/p>\n<p>&nbsp;<\/p>\n<p><strong><u>MEJOR ESTILO PERIODISTA DEPORTIVO MASCULINO<\/u><\/strong><\/p>\n<p><strong>SEBASTI\u00c1N \u00abPOLLO\u00bb VIGNOLO<\/strong><\/p>\n<p><strong>GUSTAVO L\u00d3PEZ\u00a0<\/strong>(Juego Sagrdo \u2013 Fox Sports)<\/p>\n<p><strong>MART\u00cdN LIBERMAN<\/strong>\u00a0(Debate final \u2013 Fox sports)<\/p>\n<p><strong>MART\u00cdN SOUTO<\/strong>\u00a0(Libero \u2013 TyC Sports)<\/p>\n<p><strong>SERGIO GOYCOCHEA\u00a0<\/strong>(Debate final &#8211; Fox Sports)<\/p>\n<p>&nbsp;<\/p>\n<p><strong><u>MEJOR PROGRAMA DE MODA<\/u><\/strong><\/p>\n<p><strong>CON TERESA\u00a0<\/strong>(Metro)<\/p>\n<p><strong>CORTE Y CONFECCI\u00d3N<\/strong>\u00a0(El Trece)<\/p>\n<p><strong>DONNA MODA\u00a0<\/strong>(Ciudad Magazine)<\/p>\n<p><strong>LA JAULA DE LA MODA\u00a0<\/strong>(Ciudad Magazine)<\/p>\n<p><strong>\u00a1NO TE LO PONGAS!\u00a0<\/strong>\u00a0(Discovery Home &amp; Health)<\/p>\n<p>&nbsp;<\/p>\n<p><strong><u>MEJOR CR\u00cdTICO DE MODA<\/u><\/strong><\/p>\n<p><strong>BERNIE CATOIRA<\/strong><\/p>\n<p><strong>C\u00c9SAR JURICICH<\/strong><\/p>\n<p><strong>FABI\u00c1N MEDINA FLORES<\/strong><\/p>\n<p><strong>MARIANO CAPRAROLA<\/strong><\/p>\n<p><strong>MATILDA BLANCO<\/strong><\/p>\n<p>&nbsp;<\/p>\n<p><strong><u>MEJOR VESTUARIO EN PROGRAMA DE FICCI\u00d3N<\/u><\/strong><\/p>\n<p><strong>100 D\u00cdAS PARA ENAMORARSE\u00a0<\/strong>(Telefe)<\/p>\n<p><strong>ARGENTINA, TIERRA DE AMOR Y VENGANZA\u00a0<\/strong>(El Trece)<\/p>\n<p><strong>EL LOBISTA\u00a0<\/strong>(El Trece)<\/p>\n<p><strong>EL MARGINAL\u00a0<\/strong>(TV P\u00fablica)<\/p>\n<p><strong>SANDRO DE AM\u00c9RICA\u00a0<\/strong>(Telefe)<\/p>\n<p>&nbsp;<\/p>\n<p><strong><u>MEJOR CAMPA\u00d1A<\/u><\/strong><\/p>\n<p><strong>BESTIA<\/strong><\/p>\n<p><strong>JAZMIN CHEBAR<\/strong><\/p>\n<p><strong>KOSTUME<\/strong><\/p>\n<p><strong>GIACOBBE<\/strong><\/p>\n<p><strong>GINEBRA<\/strong><\/p>\n<p>&nbsp;<\/p>\n<p><strong><u>MEJOR PORTADA DE REVISTA<\/u><\/strong><\/p>\n<p><strong>DMAG<\/strong><\/p>\n<p><strong>LA NACION REVISTA<\/strong><\/p>\n<p><strong>LOFFICIEL<\/strong><\/p>\n<p><strong>MARIE CLAIRE<\/strong><\/p>\n<p><strong>REVISTA BROOKE<\/strong><\/p>\n<p>&nbsp;<\/p>\n<p><strong><u>MEJOR DESFILE<\/u><\/strong><\/p>\n<p><strong>EVANGELINA BOMPAROLA<\/strong><\/p>\n<p><strong>FABIAN ZITTA<\/strong><\/p>\n<p><strong>JT<\/strong><\/p>\n<p><strong>JAVIER SAIACH<\/strong><\/p>\n<p><strong>TRAMANDO<\/strong><\/p>\n<p>&nbsp;<\/p>\n<p><u><strong>ALFOMBRA ROJA<\/strong><\/u><\/p>\n<p><strong>ANGIE LANDABURU<\/strong><\/p>\n<p><strong>MARIANA FABBIANI<\/strong><\/p>\n<p><strong>CELESTE CID<\/strong><\/p>\n<p><strong>GUILLERMINA VALDES<\/strong><\/p>\n<p><strong>PAMPITA<\/strong><\/p>\n<p><strong>ZAIRA NARA<\/strong><\/p>\n<p>&nbsp;<\/p>\n<p><strong><u>MEJOR DISE\u00d1O DE ACCESORIOS<\/u><\/strong><\/p>\n<p><strong>CABINET OSEO<\/strong><\/p>\n<p><strong>CUTUSU<\/strong><\/p>\n<p><strong>FLANEUR<\/strong><\/p>\n<p><strong>JULIO TOLEDO<\/strong><\/p>\n<p><strong>P\u00c9REZ SANZ<\/strong><\/p>\n<p>&nbsp;<\/p>\n<p><strong><u>MEJOR PRODUCTOR DE MODA<\/u><\/strong><\/p>\n<p><strong>EUGENIA REBOLINI<\/strong><\/p>\n<p><strong>JORGE LE\u00d3N<\/strong><\/p>\n<p><strong>JOSEFINA LAUREN<\/strong><\/p>\n<p><strong>MARIANA SCHURINK<\/strong><\/p>\n<p><strong>MERY ZEMBORIAN<\/strong><\/p>\n<p>&nbsp;<\/p>\n<p><strong><u>MEJOR INFLUENCER DE MODA<\/u><\/strong><\/p>\n<p><strong>AGUSTINA MARZARI BOBBIO<\/strong><\/p>\n<p><strong>ANGIE LANDABURU<\/strong><\/p>\n<p><strong>ASH MATEU<\/strong><\/p>\n<p><strong>BELEN CHABAN<\/strong><\/p>\n<p><strong>ELENA AYERZA<\/strong><\/p>\n<p>&nbsp;<\/p>\n<p><strong><u>MEJOR MODELO<\/u><\/strong><\/p>\n<p><strong>CHLOE BELLO<\/strong><\/p>\n<p><strong>DAFNE CEJAS<\/strong><\/p>\n<p><strong>IMAN KAUMAN<\/strong><\/p>\n<p><strong>MICA ARGA\u00d1ARAZ<\/strong><\/p>\n<p><strong>SOF\u00cdA REINAL<\/strong><\/p>\n<p><strong>INGRID GRUDKE<\/strong><\/p>\n<p>&nbsp;<\/p>\n<p><strong><u>NUEVO TALENTO<\/u><\/strong><\/p>\n<p><strong>CHIMEN AIKE<\/strong><\/p>\n<p><strong>F.P<\/strong><\/p>\n<p><strong>VALENTINA CARNOUBI<\/strong><\/p>\n<p><strong>MAURO PESOA<\/strong><\/p>\n<p><strong>RAIMONDI\u00a0<\/strong><\/p>\n<p>&nbsp;<\/p>\n<p><strong><u>MEJOR ESTILO CANTANTE FEMENINO<\/u><\/strong><\/p>\n<p><strong>CAZZU<\/strong><\/p>\n<p><strong>CHIARA PARRAVECHINI<\/strong><\/p>\n<p><strong>MINERVA CASERO<\/strong><\/p>\n<p><strong>ORIANA SABATINI<\/strong><\/p>\n<p><strong>TINI STOESSEL<\/strong><\/p>\n<p>&nbsp;<\/p>\n<p><strong><u>MEJOR ESTILO CANTANTE MASCULINO<\/u><\/strong><\/p>\n<p><strong>ALE SERGI<\/strong><\/p>\n<p><strong>DANTE SPINETTA<\/strong><\/p>\n<p><strong>EMANUEL HORVILLEUR<\/strong><\/p>\n<p><strong>JOAQUIN VITOLA<\/strong><\/p>\n<p><strong>PAULO LONDRA<\/strong><\/p>\n<p>&nbsp;<\/p>\n<p><strong><u>MEJOR HAIRSTYLIST<\/u><\/strong><\/p>\n<p><strong>SERGIO LAMENSA<\/strong><\/p>\n<p><strong>DIEGO IMPAGLIASO<\/strong><\/p>\n<p><strong>JUANMA CATIVA<\/strong><\/p>\n<p><strong>NACHO LOPEZ FAGALDE<\/strong><\/p>\n<p><strong>ZACARIAS GUEDES<\/strong><\/p>\n<p>&nbsp;<\/p>\n<p><strong><u>MEJOR MAKEUP<\/u><\/strong><\/p>\n<p><strong>BETINA FRUMBOLI<\/strong><\/p>\n<p><strong>ESTEFANIA NOVILLO<\/strong><\/p>\n<p><strong>JAZMIN CALCARAMI<\/strong><\/p>\n<p><strong>REGINA KULIGOVSKY<\/strong><\/p>\n<p><strong>SEBASTI\u00c1N CORREA\u00a0<\/strong><\/p>\n<p>&nbsp;<\/p>\n<p><strong><u>MEJOR DISE\u00d1ADOR ALTA COSTURA \/ PRET A COUTURE<\/u><\/strong><\/p>\n<p><strong>FABI\u00c1N ZITTA<\/strong><\/p>\n<p><strong>GABRIEL LAGE<\/strong><\/p>\n<p><strong>GIACOBBE<\/strong><\/p>\n<p><strong>JAVIER SAIACH<\/strong><\/p>\n<p><strong>PABLO RAM\u00cdREZ<\/strong><\/p>\n<p><strong>CLAUDIO COSANO<\/strong><\/p>\n<p>&nbsp;<\/p>\n<p><strong><u>MEJOR FOT\u00d3GRAFO DE MODA<\/u><\/strong><\/p>\n<p><strong>CANDELARIA GRILL<\/strong><\/p>\n<p><strong>MACHADO CICALA<\/strong><\/p>\n<p><strong>FAUSTO ELIZALDE<\/strong><\/p>\n<p><strong>SOLE RUBIO<\/strong><\/p>\n<p><strong>LUCIANA VAL Y FRANCO MUSO<\/strong><\/p>\n<p>&nbsp;<\/p>\n<p><strong><u>MODA SUSTENTABLE<\/u><\/strong><\/p>\n<p><strong>CARLA ANDREA<\/strong><\/p>\n<p><strong>LUC\u00cdA CHAIN<\/strong><\/p>\n<p><strong>MAURO PESOA<\/strong><\/p>\n<p><strong>NOUS ETUDIONS<\/strong><\/p>\n<p><strong>SABRINA RODR\u00cdGUEZ USAL<\/strong><\/p>\n<p>&nbsp;<\/p>\n<p><strong><u>MEJOR DISE\u00d1ADOR READY TO WEAR<\/u><\/strong><\/p>\n<p><strong>ANUSHKA ELIOT<\/strong><\/p>\n<p><strong>JT<\/strong><\/p>\n<p><strong>TRAMANDO<\/strong><\/p>\n<p><strong>MILA KARTEI<\/strong><\/p>\n<p><strong>NOUS ETUDIONS<\/strong><\/p>\n","protected":false},"excerpt":{"rendered":"<p>Dieron a conocer todas las ternas que competir\u00e1n el 16 de octubre por las estatuillas. Por primera vez, la moda tendr\u00e1 su propio galard\u00f3n en el\u00a0Mart\u00edn Fierro de la Moda, evento\u00a0que se transmitir\u00e1 a trav\u00e9s de la pantalla de\u00a0Ciudad Magazine, el pr\u00f3ximo 16 de octubre en el Tattersall del Hip\u00f3dromo de Palermo. En medio de [&hellip;]<\/p>\n","protected":false},"author":1,"featured_media":66636,"comment_status":"closed","ping_status":"closed","sticky":false,"template":"","format":"standard","meta":{"_seopress_robots_primary_cat":"","_seopress_titles_title":"","_seopress_titles_desc":"","_seopress_robots_index":"","footnotes":""},"categories":[228],"tags":[24587,24586],"class_list":{"0":"post-66635","1":"post","2":"type-post","3":"status-publish","4":"format-standard","5":"has-post-thumbnail","7":"category-moda-y-estilos","8":"tag-martin-fierro-de-la-moda-2019","9":"tag-nominados-martin-fierro-de-la-moda"},"_links":{"self":[{"href":"https:\/\/www.cordobatimes.com\/showup\/wp-json\/wp\/v2\/posts\/66635","targetHints":{"allow":["GET"]}}],"collection":[{"href":"https:\/\/www.cordobatimes.com\/showup\/wp-json\/wp\/v2\/posts"}],"about":[{"href":"https:\/\/www.cordobatimes.com\/showup\/wp-json\/wp\/v2\/types\/post"}],"author":[{"embeddable":true,"href":"https:\/\/www.cordobatimes.com\/showup\/wp-json\/wp\/v2\/users\/1"}],"replies":[{"embeddable":true,"href":"https:\/\/www.cordobatimes.com\/showup\/wp-json\/wp\/v2\/comments?post=66635"}],"version-history":[{"count":0,"href":"https:\/\/www.cordobatimes.com\/showup\/wp-json\/wp\/v2\/posts\/66635\/revisions"}],"wp:featuredmedia":[{"embeddable":true,"href":"https:\/\/www.cordobatimes.com\/showup\/wp-json\/wp\/v2\/media\/66636"}],"wp:attachment":[{"href":"https:\/\/www.cordobatimes.com\/showup\/wp-json\/wp\/v2\/media?parent=66635"}],"wp:term":[{"taxonomy":"category","embeddable":true,"href":"https:\/\/www.cordobatimes.com\/showup\/wp-json\/wp\/v2\/categories?post=66635"},{"taxonomy":"post_tag","embeddable":true,"href":"https:\/\/www.cordobatimes.com\/showup\/wp-json\/wp\/v2\/tags?post=66635"}],"curies":[{"name":"wp","href":"https:\/\/api.w.org\/{rel}","templated":true}]}}