{"id":66627,"date":"2019-10-03T15:15:21","date_gmt":"2019-10-03T18:15:21","guid":{"rendered":"https:\/\/www.cordobatimes.com\/showup\/?p=66627"},"modified":"2019-10-03T15:15:21","modified_gmt":"2019-10-03T18:15:21","slug":"billie-eilish-argentina-ya-es-una-realidad-y-miles-de-fanaticos-estan-listos-para-comprar-entradas","status":"publish","type":"post","link":"https:\/\/www.cordobatimes.com\/showup\/espectaculos\/2019\/10\/03\/billie-eilish-argentina-ya-es-una-realidad-y-miles-de-fanaticos-estan-listos-para-comprar-entradas\/","title":{"rendered":"Billie Eilish Argentina ya es una realidad y miles de fan\u00e1ticos est\u00e1n listos para comprar entradas"},"content":{"rendered":"<h3><strong>En el marco de su gira mundial <em>Where do we go? World Tour<\/em>, el nuevo \u00edcono pop de los centennials, llega a Argentina en 2020 con su \u00faltimo \u00e1lbum. La cita es el 2 de Junio en el <a href=\"https:\/\/www.entradafan.com.ar\/entradas-directv-arena\/c491\"><span style=\"color: #ff0000;\">DirecTV Arena<\/span><\/a>, ubicado en la localidad bonaerense de Tortuguitas, y las <span style=\"color: #ff0000;\"><a style=\"color: #ff0000;\" href=\"https:\/\/www.entradafan.com.ar\/entradas-billie-eilish\/c2865\">entradas Billie Eilish<\/a><\/span> estar\u00e1n a la venta desde el viernes a las 10am.<\/strong><\/h3>\n<p>Es la primera gira mundial del fen\u00f3meno adolescente que tiene enloquecidos a varias generaciones y desde ya, se est\u00e1 presentando en las ciudades m\u00e1s importantes del mundo. En Latinoam\u00e9rica comenzar\u00e1 el pr\u00f3ximo a\u00f1o con M\u00e9xico para luego presentarse en Brasil, Argentina, Chile y Colombia y prepararse para sus shows en Europa. Lo que se pensaba ser\u00eda una visita corta al continente liderando el Lollapalooza 2020 de varios pa\u00edses, se convirti\u00f3 en el anuncio definitivo de manera individual y en los escenarios de mayor capacidad. Y es que esta joven artista no solo conquist\u00f3 la generaci\u00f3n de los m\u00e1s chicos y contempor\u00e1neos a ella sino que, con su estilo incomparable, est\u00e1 ahora bajo el ojo de varias generaciones que la han comparado hasta con Avril Lavigne y otras artistas punk de los 2000\u2019s que marcaron pauta.<\/p>\n<p>Billie traer\u00e1 a Buenos Aires su \u00e1lbum \u201cWhen we all fall asleep, where do we go?\u201d, actualmente el disco m\u00e1s vendido en Estados Unidos y que en el momento de su lanzamiento, debut\u00f3 en el n\u00famero 1 en la lista Billboard 200. <span style=\"color: #ff0000;\"><a style=\"color: #ff0000;\" href=\"https:\/\/www.entradafan.com.ar\/entradas-billie-eilish\/c2865\">Billie Eilish Argentina<\/a><\/span> ser\u00e1 un recital para la historia y se espera que las entradas se agoten r\u00e1pidamente por el notable \u00e9xito que ha logrado en el pa\u00eds.<\/p>\n","protected":false},"excerpt":{"rendered":"<p>En el marco de su gira mundial Where do we go? World Tour, el nuevo \u00edcono pop de los centennials, llega a Argentina en 2020 con su \u00faltimo \u00e1lbum. La cita es el 2 de Junio en el DirecTV Arena, ubicado en la localidad bonaerense de Tortuguitas, y las entradas Billie Eilish estar\u00e1n a la [&hellip;]<\/p>\n","protected":false},"author":1,"featured_media":66628,"comment_status":"closed","ping_status":"closed","sticky":false,"template":"","format":"standard","meta":{"_seopress_robots_primary_cat":"","_seopress_titles_title":"","_seopress_titles_desc":"","_seopress_robots_index":"","footnotes":""},"categories":[10],"tags":[24582,24581],"class_list":{"0":"post-66627","1":"post","2":"type-post","3":"status-publish","4":"format-standard","5":"has-post-thumbnail","7":"category-espectaculos","8":"tag-billie-eilish-en-argentina","9":"tag-venta-entradas-billie-eilish"},"_links":{"self":[{"href":"https:\/\/www.cordobatimes.com\/showup\/wp-json\/wp\/v2\/posts\/66627","targetHints":{"allow":["GET"]}}],"collection":[{"href":"https:\/\/www.cordobatimes.com\/showup\/wp-json\/wp\/v2\/posts"}],"about":[{"href":"https:\/\/www.cordobatimes.com\/showup\/wp-json\/wp\/v2\/types\/post"}],"author":[{"embeddable":true,"href":"https:\/\/www.cordobatimes.com\/showup\/wp-json\/wp\/v2\/users\/1"}],"replies":[{"embeddable":true,"href":"https:\/\/www.cordobatimes.com\/showup\/wp-json\/wp\/v2\/comments?post=66627"}],"version-history":[{"count":0,"href":"https:\/\/www.cordobatimes.com\/showup\/wp-json\/wp\/v2\/posts\/66627\/revisions"}],"wp:featuredmedia":[{"embeddable":true,"href":"https:\/\/www.cordobatimes.com\/showup\/wp-json\/wp\/v2\/media\/66628"}],"wp:attachment":[{"href":"https:\/\/www.cordobatimes.com\/showup\/wp-json\/wp\/v2\/media?parent=66627"}],"wp:term":[{"taxonomy":"category","embeddable":true,"href":"https:\/\/www.cordobatimes.com\/showup\/wp-json\/wp\/v2\/categories?post=66627"},{"taxonomy":"post_tag","embeddable":true,"href":"https:\/\/www.cordobatimes.com\/showup\/wp-json\/wp\/v2\/tags?post=66627"}],"curies":[{"name":"wp","href":"https:\/\/api.w.org\/{rel}","templated":true}]}}